

{"id":9032,"date":"2012-10-05T13:22:20","date_gmt":"2012-10-05T17:22:20","guid":{"rendered":"https:\/\/depto51.cl\/blog\/?p=9032"},"modified":"2012-10-05T14:55:03","modified_gmt":"2012-10-05T18:55:03","slug":"banco-modular-chris-kabel","status":"publish","type":"post","link":"https:\/\/depto51.cl\/blog\/2012\/10\/05\/banco-modular-chris-kabel\/","title":{"rendered":"Banco modular \/ Chris Kabel"},"content":{"rendered":"<p>Los dise\u00f1os simples siempre se han destacado como los mejores. Por eso cuando\u00a0vi\u00a0este mobiliario reconoc\u00ed una simpleza \u00fanica. El dise\u00f1o nace de un pino de preg\u00f3n de 2.80 mts de di\u00e1metro, del holand\u00e9s Chris Kabel y forma parte de la\u00a0instalaci\u00f3n\u00a0Shared Space III del Centro de Arte Contempor\u00e1neo Witte de Withen, Rotterdam. Para su construcci\u00f3n, una pieza de madera de 10 metros de largo se corta en un centenar de peque\u00f1as piezas en forma de trapecio que, cuando se vuelven a juntar forman un banco circular que mantiene la veta de la madera. Una correa de metal similar a las de un hot tub mantiene las piezas juntas sin necesidad de utilizar alg\u00fan pegamento. Para mas siganme en www.specadoc.com.<\/p>\n<p><a href=\"https:\/\/depto51.cl\/blog\/wp-content\/uploads\/2012\/10\/1346773980-woodring-top-01-1000x707.jpeg\"><img loading=\"lazy\" class=\"aligncenter size-full wp-image-9033\" src=\"https:\/\/depto51.cl\/blog\/wp-content\/uploads\/2012\/10\/1346773980-woodring-top-01-1000x707.jpeg\" alt=\"\" width=\"600\" height=\"424\" srcset=\"https:\/\/depto51.cl\/blog\/wp-content\/uploads\/2012\/10\/1346773980-woodring-top-01-1000x707.jpeg 600w, https:\/\/depto51.cl\/blog\/wp-content\/uploads\/2012\/10\/1346773980-woodring-top-01-1000x707-500x353.jpeg 500w, https:\/\/depto51.cl\/blog\/wp-content\/uploads\/2012\/10\/1346773980-woodring-top-01-1000x707-306x215.jpeg 306w\" sizes=\"(max-width: 600px) 100vw, 600px\" \/><\/a><a href=\"https:\/\/depto51.cl\/blog\/wp-content\/uploads\/2012\/10\/1346773984-woodring-top-inprogress-01.jpeg\"><img loading=\"lazy\" class=\"aligncenter size-full wp-image-9034\" src=\"https:\/\/depto51.cl\/blog\/wp-content\/uploads\/2012\/10\/1346773984-woodring-top-inprogress-01.jpeg\" alt=\"\" width=\"600\" height=\"418\" srcset=\"https:\/\/depto51.cl\/blog\/wp-content\/uploads\/2012\/10\/1346773984-woodring-top-inprogress-01.jpeg 600w, https:\/\/depto51.cl\/blog\/wp-content\/uploads\/2012\/10\/1346773984-woodring-top-inprogress-01-500x348.jpeg 500w\" sizes=\"(max-width: 600px) 100vw, 600px\" \/><\/a><a href=\"https:\/\/depto51.cl\/blog\/wp-content\/uploads\/2012\/10\/1346773987-woodring-top-pull-01-528x360.jpeg\"><img loading=\"lazy\" class=\"aligncenter size-full wp-image-9035\" src=\"https:\/\/depto51.cl\/blog\/wp-content\/uploads\/2012\/10\/1346773987-woodring-top-pull-01-528x360.jpeg\" alt=\"\" width=\"600\" height=\"409\" srcset=\"https:\/\/depto51.cl\/blog\/wp-content\/uploads\/2012\/10\/1346773987-woodring-top-pull-01-528x360.jpeg 600w, https:\/\/depto51.cl\/blog\/wp-content\/uploads\/2012\/10\/1346773987-woodring-top-pull-01-528x360-500x340.jpeg 500w\" sizes=\"(max-width: 600px) 100vw, 600px\" \/><\/a><a href=\"https:\/\/depto51.cl\/blog\/wp-content\/uploads\/2012\/10\/1346773943-woodring-detail-02-666x1000.jpg\"><img loading=\"lazy\" class=\"aligncenter size-full wp-image-9038\" src=\"https:\/\/depto51.cl\/blog\/wp-content\/uploads\/2012\/10\/1346773943-woodring-detail-02-666x1000.jpg\" alt=\"\" width=\"600\" height=\"357\" srcset=\"https:\/\/depto51.cl\/blog\/wp-content\/uploads\/2012\/10\/1346773943-woodring-detail-02-666x1000.jpg 600w, https:\/\/depto51.cl\/blog\/wp-content\/uploads\/2012\/10\/1346773943-woodring-detail-02-666x1000-500x298.jpg 500w\" sizes=\"(max-width: 600px) 100vw, 600px\" \/><\/a><\/p>\n","protected":false},"excerpt":{"rendered":"<p>Los dise\u00f1os simples siempre se han destacado como los mejores. Por eso cuando\u00a0vi\u00a0este mobiliario reconoc\u00ed una simpleza \u00fanica. El dise\u00f1o nace de un pino de preg\u00f3n de 2.80 mts de di\u00e1metro, del holand\u00e9s Chris Kabel y forma parte de la\u00a0instalaci\u00f3n\u00a0Shared Space III del Centro de Arte Contempor\u00e1neo Witte de Withen, Rotterdam. Para su construcci\u00f3n, una&#8230;<\/p>\n","protected":false},"author":12,"featured_media":9038,"comment_status":"open","ping_status":"open","sticky":false,"template":"","format":"standard","meta":[],"categories":[13],"tags":[],"acf":[],"_links":{"self":[{"href":"https:\/\/depto51.cl\/blog\/wp-json\/wp\/v2\/posts\/9032"}],"collection":[{"href":"https:\/\/depto51.cl\/blog\/wp-json\/wp\/v2\/posts"}],"about":[{"href":"https:\/\/depto51.cl\/blog\/wp-json\/wp\/v2\/types\/post"}],"author":[{"embeddable":true,"href":"https:\/\/depto51.cl\/blog\/wp-json\/wp\/v2\/users\/12"}],"replies":[{"embeddable":true,"href":"https:\/\/depto51.cl\/blog\/wp-json\/wp\/v2\/comments?post=9032"}],"version-history":[{"count":0,"href":"https:\/\/depto51.cl\/blog\/wp-json\/wp\/v2\/posts\/9032\/revisions"}],"wp:featuredmedia":[{"embeddable":true,"href":"https:\/\/depto51.cl\/blog\/wp-json\/wp\/v2\/media\/9038"}],"wp:attachment":[{"href":"https:\/\/depto51.cl\/blog\/wp-json\/wp\/v2\/media?parent=9032"}],"wp:term":[{"taxonomy":"category","embeddable":true,"href":"https:\/\/depto51.cl\/blog\/wp-json\/wp\/v2\/categories?post=9032"},{"taxonomy":"post_tag","embeddable":true,"href":"https:\/\/depto51.cl\/blog\/wp-json\/wp\/v2\/tags?post=9032"}],"curies":[{"name":"wp","href":"https:\/\/api.w.org\/{rel}","templated":true}]}}