

{"id":842,"date":"2011-03-21T19:34:17","date_gmt":"2011-03-21T23:34:17","guid":{"rendered":"http:\/\/depto51.cl\/?p=842"},"modified":"2013-09-13T09:39:44","modified_gmt":"2013-09-13T13:39:44","slug":"balcones-de-berlin","status":"publish","type":"post","link":"https:\/\/depto51.cl\/blog\/2011\/03\/21\/balcones-de-berlin\/","title":{"rendered":"Balcones de Berl\u00edn"},"content":{"rendered":"<p>Mucha gente piensa que Berl\u00edn es una ciudad fr\u00eda, donde todo es demasiado moderno y m\u00e1s o menos que se imaginan que todos los edificios son de vidrio y cemento y que est\u00e1 lleno de gr\u00faas construyendo. A mi me parece que Berl\u00edn es de las ciudades con m\u00e1s respeto por la historia que existen y tambi\u00e9n una de las m\u00e1s lindas y amigables que he conocido.Volver\u00eda cientos de veces.<\/p>\n<p>Les dejo unas fotos que sacamos en Berl\u00edn el a\u00f1o pasado, son balcones del barrio Prenzlauer Berg.<\/p>\n\n\t\t<style type=\"text\/css\">\n\t\t\t#gallery-1 {\n\t\t\t\tmargin: auto;\n\t\t\t}\n\t\t\t#gallery-1 .gallery-item {\n\t\t\t\tfloat: left;\n\t\t\t\tmargin-top: 10px;\n\t\t\t\ttext-align: center;\n\t\t\t\twidth: 33%;\n\t\t\t}\n\t\t\t#gallery-1 img {\n\t\t\t\tborder: 2px solid #cfcfcf;\n\t\t\t}\n\t\t\t#gallery-1 .gallery-caption {\n\t\t\t\tmargin-left: 0;\n\t\t\t}\n\t\t\t\/* see gallery_shortcode() in wp-includes\/media.php *\/\n\t\t<\/style>\n\t\t<div id='gallery-1' class='gallery galleryid-842 gallery-columns-3 gallery-size-thumbnail'><dl class='gallery-item'>\n\t\t\t<dt class='gallery-icon landscape'>\n\t\t\t\t<a href='https:\/\/depto51.cl\/blog\/2011\/03\/21\/balcones-de-berlin\/dscn0884\/'><img width=\"750\" height=\"550\" src=\"https:\/\/depto51.cl\/blog\/wp-content\/uploads\/2011\/03\/dscn0884-750x550.jpg\" class=\"attachment-thumbnail size-thumbnail\" alt=\"\" loading=\"lazy\" \/><\/a>\n\t\t\t<\/dt><\/dl><dl class='gallery-item'>\n\t\t\t<dt class='gallery-icon landscape'>\n\t\t\t\t<a href='https:\/\/depto51.cl\/blog\/2011\/03\/21\/balcones-de-berlin\/dscn0882\/'><img width=\"150\" height=\"150\" src=\"https:\/\/depto51.cl\/blog\/wp-content\/uploads\/2011\/03\/dscn0882-150x150.jpg\" class=\"attachment-thumbnail size-thumbnail\" alt=\"\" loading=\"lazy\" srcset=\"https:\/\/depto51.cl\/blog\/wp-content\/uploads\/2011\/03\/dscn0882-150x150.jpg 150w, https:\/\/depto51.cl\/blog\/wp-content\/uploads\/2011\/03\/dscn0882-306x306.jpg 306w, https:\/\/depto51.cl\/blog\/wp-content\/uploads\/2011\/03\/dscn0882-225x225.jpg 225w, https:\/\/depto51.cl\/blog\/wp-content\/uploads\/2011\/03\/dscn0882-145x145.jpg 145w\" sizes=\"(max-width: 150px) 100vw, 150px\" \/><\/a>\n\t\t\t<\/dt><\/dl><dl class='gallery-item'>\n\t\t\t<dt class='gallery-icon portrait'>\n\t\t\t\t<a href='https:\/\/depto51.cl\/blog\/2011\/03\/21\/balcones-de-berlin\/dscn0880\/'><img width=\"150\" height=\"150\" src=\"https:\/\/depto51.cl\/blog\/wp-content\/uploads\/2011\/03\/dscn0880-150x150.jpg\" class=\"attachment-thumbnail size-thumbnail\" alt=\"\" loading=\"lazy\" srcset=\"https:\/\/depto51.cl\/blog\/wp-content\/uploads\/2011\/03\/dscn0880-150x150.jpg 150w, https:\/\/depto51.cl\/blog\/wp-content\/uploads\/2011\/03\/dscn0880-306x306.jpg 306w, https:\/\/depto51.cl\/blog\/wp-content\/uploads\/2011\/03\/dscn0880-225x225.jpg 225w, https:\/\/depto51.cl\/blog\/wp-content\/uploads\/2011\/03\/dscn0880-145x145.jpg 145w\" sizes=\"(max-width: 150px) 100vw, 150px\" \/><\/a>\n\t\t\t<\/dt><\/dl><br style=\"clear: both\" \/><dl class='gallery-item'>\n\t\t\t<dt class='gallery-icon landscape'>\n\t\t\t\t<a href='https:\/\/depto51.cl\/blog\/2011\/03\/21\/balcones-de-berlin\/dscn0878\/'><img width=\"150\" height=\"150\" src=\"https:\/\/depto51.cl\/blog\/wp-content\/uploads\/2011\/03\/dscn0878-150x150.jpg\" class=\"attachment-thumbnail size-thumbnail\" alt=\"\" loading=\"lazy\" srcset=\"https:\/\/depto51.cl\/blog\/wp-content\/uploads\/2011\/03\/dscn0878-150x150.jpg 150w, https:\/\/depto51.cl\/blog\/wp-content\/uploads\/2011\/03\/dscn0878-306x306.jpg 306w, https:\/\/depto51.cl\/blog\/wp-content\/uploads\/2011\/03\/dscn0878-225x225.jpg 225w, https:\/\/depto51.cl\/blog\/wp-content\/uploads\/2011\/03\/dscn0878-145x145.jpg 145w\" sizes=\"(max-width: 150px) 100vw, 150px\" \/><\/a>\n\t\t\t<\/dt><\/dl><dl class='gallery-item'>\n\t\t\t<dt class='gallery-icon landscape'>\n\t\t\t\t<a href='https:\/\/depto51.cl\/blog\/2011\/03\/21\/balcones-de-berlin\/dscn0869\/'><img width=\"150\" height=\"150\" src=\"https:\/\/depto51.cl\/blog\/wp-content\/uploads\/2011\/03\/dscn0869-150x150.jpg\" class=\"attachment-thumbnail size-thumbnail\" alt=\"\" loading=\"lazy\" srcset=\"https:\/\/depto51.cl\/blog\/wp-content\/uploads\/2011\/03\/dscn0869-150x150.jpg 150w, https:\/\/depto51.cl\/blog\/wp-content\/uploads\/2011\/03\/dscn0869-306x306.jpg 306w, https:\/\/depto51.cl\/blog\/wp-content\/uploads\/2011\/03\/dscn0869-225x225.jpg 225w, https:\/\/depto51.cl\/blog\/wp-content\/uploads\/2011\/03\/dscn0869-145x145.jpg 145w\" sizes=\"(max-width: 150px) 100vw, 150px\" \/><\/a>\n\t\t\t<\/dt><\/dl><dl class='gallery-item'>\n\t\t\t<dt class='gallery-icon landscape'>\n\t\t\t\t<a href='https:\/\/depto51.cl\/blog\/2011\/03\/21\/balcones-de-berlin\/berlin_prenzlauer_berg_balcony\/'><img width=\"150\" height=\"150\" src=\"https:\/\/depto51.cl\/blog\/wp-content\/uploads\/2011\/03\/berlin_prenzlauer_berg_balcony-150x150.jpg\" class=\"attachment-thumbnail size-thumbnail\" alt=\"\" loading=\"lazy\" srcset=\"https:\/\/depto51.cl\/blog\/wp-content\/uploads\/2011\/03\/berlin_prenzlauer_berg_balcony-150x150.jpg 150w, https:\/\/depto51.cl\/blog\/wp-content\/uploads\/2011\/03\/berlin_prenzlauer_berg_balcony-306x306.jpg 306w, https:\/\/depto51.cl\/blog\/wp-content\/uploads\/2011\/03\/berlin_prenzlauer_berg_balcony-225x225.jpg 225w, https:\/\/depto51.cl\/blog\/wp-content\/uploads\/2011\/03\/berlin_prenzlauer_berg_balcony-145x145.jpg 145w\" sizes=\"(max-width: 150px) 100vw, 150px\" \/><\/a>\n\t\t\t<\/dt><\/dl><br style=\"clear: both\" \/>\n\t\t<\/div>\n\n","protected":false},"excerpt":{"rendered":"<p>Mucha gente piensa que Berl\u00edn es una ciudad fr\u00eda, donde todo es demasiado moderno y m\u00e1s o menos que se imaginan que todos los edificios son de vidrio y cemento y que est\u00e1 lleno de gr\u00faas construyendo. A mi me parece que Berl\u00edn es de las ciudades con m\u00e1s respeto por la historia que existen&#8230;<\/p>\n","protected":false},"author":2,"featured_media":847,"comment_status":"open","ping_status":"open","sticky":false,"template":"","format":"standard","meta":[],"categories":[1],"tags":[165],"acf":[],"_links":{"self":[{"href":"https:\/\/depto51.cl\/blog\/wp-json\/wp\/v2\/posts\/842"}],"collection":[{"href":"https:\/\/depto51.cl\/blog\/wp-json\/wp\/v2\/posts"}],"about":[{"href":"https:\/\/depto51.cl\/blog\/wp-json\/wp\/v2\/types\/post"}],"author":[{"embeddable":true,"href":"https:\/\/depto51.cl\/blog\/wp-json\/wp\/v2\/users\/2"}],"replies":[{"embeddable":true,"href":"https:\/\/depto51.cl\/blog\/wp-json\/wp\/v2\/comments?post=842"}],"version-history":[{"count":0,"href":"https:\/\/depto51.cl\/blog\/wp-json\/wp\/v2\/posts\/842\/revisions"}],"wp:featuredmedia":[{"embeddable":true,"href":"https:\/\/depto51.cl\/blog\/wp-json\/wp\/v2\/media\/847"}],"wp:attachment":[{"href":"https:\/\/depto51.cl\/blog\/wp-json\/wp\/v2\/media?parent=842"}],"wp:term":[{"taxonomy":"category","embeddable":true,"href":"https:\/\/depto51.cl\/blog\/wp-json\/wp\/v2\/categories?post=842"},{"taxonomy":"post_tag","embeddable":true,"href":"https:\/\/depto51.cl\/blog\/wp-json\/wp\/v2\/tags?post=842"}],"curies":[{"name":"wp","href":"https:\/\/api.w.org\/{rel}","templated":true}]}}