

{"id":7120,"date":"2012-06-20T11:18:52","date_gmt":"2012-06-20T15:18:52","guid":{"rendered":"https:\/\/depto51.cl\/blog\/?p=7120"},"modified":"2013-04-02T14:38:29","modified_gmt":"2013-04-02T18:38:29","slug":"la-silla-favela","status":"publish","type":"post","link":"https:\/\/depto51.cl\/blog\/2012\/06\/20\/la-silla-favela\/","title":{"rendered":"La silla Favela \/ Hermanos Campana"},"content":{"rendered":"<p>Los hermanos <a href=\"http:\/\/campanas.com.br\/\" target=\"_blank\">Campana<\/a> son las s\u00faper estrellas del dise\u00f1o latinoamericano. Sus obras se basan en el uso de materiales naturales, reciclados y econ\u00f3micos y est\u00e1n muy influenciadas por la realidad de su pa\u00eds. La silla Favela es uno de sus dise\u00f1os m\u00e1s conocidos (es de 1991) y est\u00e1 inspirada en las poblaciones que se van armando informalmente en Brasil. La silla consiste en pedazos de madera unidos desordenadamente entre s\u00ed imitando la forma de construirse de estos asentamientos. Aqu\u00ed les dejamos algunas fotos por si no la conocen.<\/p>\n<p style=\"text-align: center;\"><a href=\"ba-interiordesign.tumblr.com\"><img loading=\"lazy\" class=\"aligncenter size-full wp-image-7123\" title=\"ba-interiordesign.tumblr\" src=\"https:\/\/depto51.cl\/blog\/wp-content\/uploads\/2012\/06\/ba-interiordesign.tumblr.jpg\" alt=\"\" width=\"500\" height=\"699\" srcset=\"https:\/\/depto51.cl\/blog\/wp-content\/uploads\/2012\/06\/ba-interiordesign.tumblr.jpg 500w, https:\/\/depto51.cl\/blog\/wp-content\/uploads\/2012\/06\/ba-interiordesign.tumblr-357x500.jpg 357w\" sizes=\"(max-width: 500px) 100vw, 500px\" \/><\/a><a href=\"http:\/\/www.edra.com\"><img loading=\"lazy\" class=\"aligncenter size-large wp-image-7126\" title=\"1\" src=\"https:\/\/depto51.cl\/blog\/wp-content\/uploads\/2012\/06\/1-1024x682.jpg\" alt=\"\" width=\"1024\" height=\"682\" srcset=\"https:\/\/depto51.cl\/blog\/wp-content\/uploads\/2012\/06\/1-1024x682.jpg 1024w, https:\/\/depto51.cl\/blog\/wp-content\/uploads\/2012\/06\/1-500x333.jpg 500w, https:\/\/depto51.cl\/blog\/wp-content\/uploads\/2012\/06\/1-600x400.jpg 600w, https:\/\/depto51.cl\/blog\/wp-content\/uploads\/2012\/06\/1.jpg 1200w\" sizes=\"(max-width: 1024px) 100vw, 1024px\" \/><\/a><a href=\"http:\/\/www.dezeen.com\"><img loading=\"lazy\" class=\"aligncenter size-full wp-image-7124\" title=\"dezeen_Hotel-in-Athens-by-the-Campana-Brothers_05\" src=\"https:\/\/depto51.cl\/blog\/wp-content\/uploads\/2012\/06\/dezeen_Hotel-in-Athens-by-the-Campana-Brothers_05.jpg\" alt=\"\" width=\"468\" height=\"468\" srcset=\"https:\/\/depto51.cl\/blog\/wp-content\/uploads\/2012\/06\/dezeen_Hotel-in-Athens-by-the-Campana-Brothers_05.jpg 468w, https:\/\/depto51.cl\/blog\/wp-content\/uploads\/2012\/06\/dezeen_Hotel-in-Athens-by-the-Campana-Brothers_05-150x150.jpg 150w, https:\/\/depto51.cl\/blog\/wp-content\/uploads\/2012\/06\/dezeen_Hotel-in-Athens-by-the-Campana-Brothers_05-306x306.jpg 306w, https:\/\/depto51.cl\/blog\/wp-content\/uploads\/2012\/06\/dezeen_Hotel-in-Athens-by-the-Campana-Brothers_05-225x225.jpg 225w, https:\/\/depto51.cl\/blog\/wp-content\/uploads\/2012\/06\/dezeen_Hotel-in-Athens-by-the-Campana-Brothers_05-145x145.jpg 145w\" sizes=\"(max-width: 468px) 100vw, 468px\" \/><\/a><a href=\"http:\/\/www.living4media.co.uk\"><img loading=\"lazy\" class=\"aligncenter size-full wp-image-7122\" title=\"favela\" src=\"https:\/\/depto51.cl\/blog\/wp-content\/uploads\/2012\/06\/lving4media.co_.uk_.uk_.jpg\" alt=\"\" width=\"500\" height=\"500\" srcset=\"https:\/\/depto51.cl\/blog\/wp-content\/uploads\/2012\/06\/lving4media.co_.uk_.uk_.jpg 500w, https:\/\/depto51.cl\/blog\/wp-content\/uploads\/2012\/06\/lving4media.co_.uk_.uk_-150x150.jpg 150w, https:\/\/depto51.cl\/blog\/wp-content\/uploads\/2012\/06\/lving4media.co_.uk_.uk_-306x306.jpg 306w, https:\/\/depto51.cl\/blog\/wp-content\/uploads\/2012\/06\/lving4media.co_.uk_.uk_-225x225.jpg 225w, https:\/\/depto51.cl\/blog\/wp-content\/uploads\/2012\/06\/lving4media.co_.uk_.uk_-145x145.jpg 145w\" sizes=\"(max-width: 500px) 100vw, 500px\" \/><\/a><a href=\"http:\/\/www.edra.com\"><img loading=\"lazy\" class=\"aligncenter size-large wp-image-7125\" title=\"2\" src=\"https:\/\/depto51.cl\/blog\/wp-content\/uploads\/2012\/06\/2-1024x682.jpg\" alt=\"\" width=\"1024\" height=\"682\" srcset=\"https:\/\/depto51.cl\/blog\/wp-content\/uploads\/2012\/06\/2-1024x682.jpg 1024w, https:\/\/depto51.cl\/blog\/wp-content\/uploads\/2012\/06\/2-500x333.jpg 500w, https:\/\/depto51.cl\/blog\/wp-content\/uploads\/2012\/06\/2-600x400.jpg 600w, https:\/\/depto51.cl\/blog\/wp-content\/uploads\/2012\/06\/2.jpg 1200w\" sizes=\"(max-width: 1024px) 100vw, 1024px\" \/><\/a><\/p>\n<p>&nbsp;<\/p>\n<p>&nbsp;<\/p>\n","protected":false},"excerpt":{"rendered":"<p>Los hermanos Campana son las s\u00faper estrellas del dise\u00f1o latinoamericano. Sus obras se basan en el uso de materiales naturales, reciclados y econ\u00f3micos y est\u00e1n muy influenciadas por la realidad de su pa\u00eds. La silla Favela es uno de sus dise\u00f1os m\u00e1s conocidos (es de 1991) y est\u00e1 inspirada en las poblaciones que se van&#8230;<\/p>\n","protected":false},"author":1,"featured_media":7129,"comment_status":"open","ping_status":"open","sticky":false,"template":"","format":"standard","meta":[],"categories":[13],"tags":[58],"acf":[],"_links":{"self":[{"href":"https:\/\/depto51.cl\/blog\/wp-json\/wp\/v2\/posts\/7120"}],"collection":[{"href":"https:\/\/depto51.cl\/blog\/wp-json\/wp\/v2\/posts"}],"about":[{"href":"https:\/\/depto51.cl\/blog\/wp-json\/wp\/v2\/types\/post"}],"author":[{"embeddable":true,"href":"https:\/\/depto51.cl\/blog\/wp-json\/wp\/v2\/users\/1"}],"replies":[{"embeddable":true,"href":"https:\/\/depto51.cl\/blog\/wp-json\/wp\/v2\/comments?post=7120"}],"version-history":[{"count":0,"href":"https:\/\/depto51.cl\/blog\/wp-json\/wp\/v2\/posts\/7120\/revisions"}],"wp:featuredmedia":[{"embeddable":true,"href":"https:\/\/depto51.cl\/blog\/wp-json\/wp\/v2\/media\/7129"}],"wp:attachment":[{"href":"https:\/\/depto51.cl\/blog\/wp-json\/wp\/v2\/media?parent=7120"}],"wp:term":[{"taxonomy":"category","embeddable":true,"href":"https:\/\/depto51.cl\/blog\/wp-json\/wp\/v2\/categories?post=7120"},{"taxonomy":"post_tag","embeddable":true,"href":"https:\/\/depto51.cl\/blog\/wp-json\/wp\/v2\/tags?post=7120"}],"curies":[{"name":"wp","href":"https:\/\/api.w.org\/{rel}","templated":true}]}}