

{"id":6644,"date":"2012-05-23T08:44:33","date_gmt":"2012-05-23T12:44:33","guid":{"rendered":"https:\/\/depto51.cl\/blog\/?p=6644"},"modified":"2013-04-07T18:43:23","modified_gmt":"2013-04-07T22:43:23","slug":"fotos-de-lectores-3","status":"publish","type":"post","link":"https:\/\/depto51.cl\/blog\/2012\/05\/23\/fotos-de-lectores-3\/","title":{"rendered":"Fotos de lectores"},"content":{"rendered":"<p>No se pierdan este nuevo post con fotos de nuestros lectores. Recuerden que ustedes tambi\u00e9n pueden aparecer en esta secci\u00f3n envi\u00e1ndonos sus im\u00e1genes a contactodepto51@gmail.com<\/p>\n<p>Cal\u00fa se inspir\u00f3 en nuestro post <a title=\"Amor por el crochet\" href=\"https:\/\/depto51.cl\/blog\/2011\/12\/23\/amor-por-el-crochet\/\">\u00abAmor por el crochet\u00bb<\/a> y renov\u00f3 esta pantalla que estaba sucia y fea con puro instinto y buen gusto porque es autodidacta. Le qued\u00f3 buen\u00edsima, no?<\/p>\n<p style=\"text-align: center;\"><a href=\"https:\/\/depto51.cl\/blog\/wp-content\/uploads\/2012\/05\/Mi-la\u0301mpara.jpg\"><img loading=\"lazy\" class=\"aligncenter size-full wp-image-6650\" title=\"Mi la\u0301mpara\" src=\"https:\/\/depto51.cl\/blog\/wp-content\/uploads\/2012\/05\/Mi-la\u0301mpara.jpg\" alt=\"\" width=\"600\" height=\"800\" srcset=\"https:\/\/depto51.cl\/blog\/wp-content\/uploads\/2012\/05\/Mi-la\u0301mpara.jpg 600w, https:\/\/depto51.cl\/blog\/wp-content\/uploads\/2012\/05\/Mi-la\u0301mpara-225x300.jpg 225w\" sizes=\"(max-width: 600px) 100vw, 600px\" \/><\/a><\/p>\n<p style=\"text-align: left;\">Andrea nos mand\u00f3 fotos de su casa. Se nota que tiene mucho talento para combinar distintas cosas y crear un estilo muy personal y \u00fanico&#8230;<\/p>\n<p style=\"text-align: left;\"><a href=\"https:\/\/depto51.cl\/blog\/wp-content\/uploads\/2012\/05\/andrea.jpg\"><img loading=\"lazy\" class=\"aligncenter  wp-image-6652\" title=\"andrea\" src=\"https:\/\/depto51.cl\/blog\/wp-content\/uploads\/2012\/05\/andrea.jpg\" alt=\"\" width=\"900\" height=\"600\" srcset=\"https:\/\/depto51.cl\/blog\/wp-content\/uploads\/2012\/05\/andrea.jpg 900w, https:\/\/depto51.cl\/blog\/wp-content\/uploads\/2012\/05\/andrea-500x333.jpg 500w, https:\/\/depto51.cl\/blog\/wp-content\/uploads\/2012\/05\/andrea-600x400.jpg 600w\" sizes=\"(max-width: 900px) 100vw, 900px\" \/><\/a>Antonia nos quiso mostrar su marca <a href=\"http:\/\/www.facebook.com\/pages\/Nichicha-Nilimon\u00e1-Sets-de-Picnic\" target=\"_blank\">Nichicha Nilimon\u00e1<\/a> con la que vende estos entretenidos sets de pic-nic que incluyen todo, incluso naipes!<\/p>\n<p style=\"text-align: left;\"><a href=\"https:\/\/depto51.cl\/blog\/wp-content\/uploads\/2012\/05\/475706_291045614323472_199312336830134_623255_1141118503_o1.jpg\"><img loading=\"lazy\" class=\"aligncenter size-large wp-image-6653\" title=\"475706_291045614323472_199312336830134_623255_1141118503_o\" src=\"https:\/\/depto51.cl\/blog\/wp-content\/uploads\/2012\/05\/475706_291045614323472_199312336830134_623255_1141118503_o1-1024x576.jpg\" alt=\"\" width=\"1024\" height=\"576\" srcset=\"https:\/\/depto51.cl\/blog\/wp-content\/uploads\/2012\/05\/475706_291045614323472_199312336830134_623255_1141118503_o1-1024x576.jpg 1024w, https:\/\/depto51.cl\/blog\/wp-content\/uploads\/2012\/05\/475706_291045614323472_199312336830134_623255_1141118503_o1-500x281.jpg 500w, https:\/\/depto51.cl\/blog\/wp-content\/uploads\/2012\/05\/475706_291045614323472_199312336830134_623255_1141118503_o1.jpg 2048w\" sizes=\"(max-width: 1024px) 100vw, 1024px\" \/><\/a>Por \u00faltimo, Ren\u00e9 es dise\u00f1ador y tambi\u00e9n nos mand\u00f3 fotos de su casa. Me gust\u00f3 mucho el muro turquesa y los peque\u00f1os detalles que tiene&#8230;<\/p>\n<p style=\"text-align: left;\"><a href=\"https:\/\/depto51.cl\/blog\/wp-content\/uploads\/2012\/05\/rene.jpg\"><img loading=\"lazy\" class=\"aligncenter size-full wp-image-6660\" title=\"rene\" src=\"https:\/\/depto51.cl\/blog\/wp-content\/uploads\/2012\/05\/rene.jpg\" alt=\"\" width=\"733\" height=\"837\" srcset=\"https:\/\/depto51.cl\/blog\/wp-content\/uploads\/2012\/05\/rene.jpg 733w, https:\/\/depto51.cl\/blog\/wp-content\/uploads\/2012\/05\/rene-437x500.jpg 437w\" sizes=\"(max-width: 733px) 100vw, 733px\" \/><\/a><\/p>\n<p style=\"text-align: left;\">\n","protected":false},"excerpt":{"rendered":"<p>No se pierdan este nuevo post con fotos de nuestros lectores. Recuerden que ustedes tambi\u00e9n pueden aparecer en esta secci\u00f3n envi\u00e1ndonos sus im\u00e1genes a contactodepto51@gmail.com Cal\u00fa se inspir\u00f3 en nuestro post \u00abAmor por el crochet\u00bb y renov\u00f3 esta pantalla que estaba sucia y fea con puro instinto y buen gusto porque es autodidacta. Le qued\u00f3&#8230;<\/p>\n","protected":false},"author":1,"featured_media":5295,"comment_status":"open","ping_status":"open","sticky":false,"template":"","format":"standard","meta":[],"categories":[13],"tags":[],"acf":[],"_links":{"self":[{"href":"https:\/\/depto51.cl\/blog\/wp-json\/wp\/v2\/posts\/6644"}],"collection":[{"href":"https:\/\/depto51.cl\/blog\/wp-json\/wp\/v2\/posts"}],"about":[{"href":"https:\/\/depto51.cl\/blog\/wp-json\/wp\/v2\/types\/post"}],"author":[{"embeddable":true,"href":"https:\/\/depto51.cl\/blog\/wp-json\/wp\/v2\/users\/1"}],"replies":[{"embeddable":true,"href":"https:\/\/depto51.cl\/blog\/wp-json\/wp\/v2\/comments?post=6644"}],"version-history":[{"count":0,"href":"https:\/\/depto51.cl\/blog\/wp-json\/wp\/v2\/posts\/6644\/revisions"}],"wp:featuredmedia":[{"embeddable":true,"href":"https:\/\/depto51.cl\/blog\/wp-json\/wp\/v2\/media\/5295"}],"wp:attachment":[{"href":"https:\/\/depto51.cl\/blog\/wp-json\/wp\/v2\/media?parent=6644"}],"wp:term":[{"taxonomy":"category","embeddable":true,"href":"https:\/\/depto51.cl\/blog\/wp-json\/wp\/v2\/categories?post=6644"},{"taxonomy":"post_tag","embeddable":true,"href":"https:\/\/depto51.cl\/blog\/wp-json\/wp\/v2\/tags?post=6644"}],"curies":[{"name":"wp","href":"https:\/\/api.w.org\/{rel}","templated":true}]}}