

{"id":44573,"date":"2023-03-27T16:49:12","date_gmt":"2023-03-27T20:49:12","guid":{"rendered":"https:\/\/depto51.cl\/blog\/?p=44573"},"modified":"2023-04-04T10:20:00","modified_gmt":"2023-04-04T14:20:00","slug":"nuestros-12-productos-favoritos-para-empezar-el-otono-con-el-pie-derecho","status":"publish","type":"post","link":"https:\/\/depto51.cl\/blog\/2023\/03\/27\/nuestros-12-productos-favoritos-para-empezar-el-otono-con-el-pie-derecho\/","title":{"rendered":"Nuestros 12 productos favoritos para empezar el oto\u00f1o con el pie derecho"},"content":{"rendered":"<p>Con la llegada del oto\u00f1o, es hora de preparar nuestro armario y nuestro hogar para la temporada. Ya sea que est\u00e9s buscando un nuevo par de botines para los d\u00edas m\u00e1s frescos, una chaqueta para abrigarte o simplemente algunas nuevas prendas de vestir para actualizar tu guardarropa, hay algunos productos esenciales que no pueden faltar en tu lista de compras de oto\u00f1o. Adem\u00e1s, no hay nada mejor que acurrucarse en el sof\u00e1 con una manta c\u00e1lida y una taza de t\u00e9 o caf\u00e9 en una tarde fresca de oto\u00f1o. En este art\u00edculo, hemos seleccionado algunos de los productos imprescindibles para ayudarte a comenzar la temporada de la mejor manera posible.<\/p>\n<p>&nbsp;<\/p>\n<h2>Completa tu look de oto\u00f1o con estos botines de cuero<\/h2>\n<p><img style=\"max-width: 80%; height: 199px; float: left;\" src=\"https:\/\/richtexteditor.com\/imageuploads\/638145719552610855-6b826cc8-8aa7-483f-a626-3efaba5bd154.png\" \/><\/p>\n<blockquote style=\"margin: 0 0 0 40px; border: none; padding: 0px;\">\n<blockquote style=\"margin: 0 0 0 40px; border: none; padding: 0px;\">\n<blockquote style=\"margin: 0 0 0 40px; border: none; padding: 0px;\">\n<blockquote style=\"margin: 0 0 0 40px; border: none; padding: 0px;\">\n<blockquote style=\"margin: 0 0 0 40px; border: none; padding: 0px;\">\n<blockquote style=\"margin: 0 0 0 40px; border: none; padding: 0px;\">\n<p style=\"text-align: left;\">Estos botines de cuero son el complemento perfecto para cualquier atuendo de oto\u00f1o. Con un dise\u00f1o elegante y una fabricaci\u00f3n de alta calidad, estos botines semillero en color negro te mantendr\u00e1n c\u00f3modo y a la moda en los d\u00edas m\u00e1s frescos de la temporada.\u00a0Adem\u00e1s, su precio reducido los hace una opci\u00f3n a\u00fan m\u00e1s atractiva para quienes buscan a\u00f1adir un toque de estilo a su guardarropa sin gastar demasiado. Ya sea para una salida casual o un evento m\u00e1s formal, estos botines ser\u00e1n una adici\u00f3n vers\u00e1til y duradera a tu colecci\u00f3n de calzado de oto\u00f1o.<\/p>\n<p style=\"text-align: left;\"><a href=\"https:\/\/gianidafirenze.cl\/collections\/sale\/products\/botines-semillero-c1#&amp;a_aid=BL00016&amp;a_cid=51ab67a4\" target=\"_blank\" rel=\"noopener\"><img style=\"max-width: 80%; float: left;\" src=\"https:\/\/richtexteditor.com\/imageuploads\/638145726916832307-0396825f-5f14-41d3-8897-19e0c7a9e0f2.png\" \/><\/a><\/p>\n<\/blockquote>\n<\/blockquote>\n<\/blockquote>\n<\/blockquote>\n<\/blockquote>\n<\/blockquote>\n<div><\/div>\n<p>&nbsp;<\/p>\n<p>&nbsp;<\/p>\n<p>&nbsp;<\/p>\n<p>&nbsp;<\/p>\n<h2>Disfruta de tus bebidas calientes favoritas con estilo: la taza perfecta para las tardes acogedoras de oto\u00f1o<\/h2>\n<p><img style=\"max-width: 80%; float: left; height: 189px;\" src=\"https:\/\/richtexteditor.com\/imageuploads\/638145720039796404-47462e81-4246-4920-84ed-46b266570679.png\" \/><\/p>\n<blockquote style=\"margin: 0 0 0 40px; border: none; padding: 0px;\">\n<blockquote style=\"margin: 0 0 0 40px; border: none; padding: 0px;\">\n<blockquote style=\"margin: 0 0 0 40px; border: none; padding: 0px;\">\n<blockquote style=\"margin: 0 0 0 40px; border: none; padding: 0px;\">\n<blockquote style=\"margin: 0 0 0 40px; border: none; padding: 0px;\">\n<blockquote style=\"margin: 0 0 0 40px; border: none; padding: 0px;\"><p>\u00bfHay algo m\u00e1s reconfortante que disfrutar de una taza de t\u00e9 caliente en un d\u00eda fresco de oto\u00f1o? Esta hermosa taza de cer\u00e1mica de la marca Ouessant te permitir\u00e1 hacerlo con estilo y elegancia. Con su dise\u00f1o minimalista en color blanco y su capacidad de 350 ml, es la opci\u00f3n perfecta para tomar tu bebida caliente favorita mientras te envuelves en una manta c\u00e1lida en casa o disfrutas del paisaje oto\u00f1al al aire libre. Adem\u00e1s, su fabricaci\u00f3n en cer\u00e1mica de alta calidad la hace resistente y duradera para muchos oto\u00f1os por venir. No pierdas la oportunidad de a\u00f1adir esta taza a tu colecci\u00f3n de accesorios de oto\u00f1o y disfruta de una experiencia relajante y acogedora cada vez que la uses.<\/p>\n<p><a href=\"https:\/\/depto51.com\/collections\/ofertas\/products\/cafetera-expresso-milano-coffee-3-en-1-rojo\" target=\"_blank\" rel=\"noopener\"><img style=\"max-width: 80%; float: left;\" src=\"https:\/\/richtexteditor.com\/imageuploads\/638145727051050508-060f8714-d933-4bbf-a584-4eb765afec34.png\" \/><\/a><\/p><\/blockquote>\n<\/blockquote>\n<\/blockquote>\n<\/blockquote>\n<\/blockquote>\n<\/blockquote>\n<div><\/div>\n<p>&nbsp;<\/p>\n<p>&nbsp;<\/p>\n<p>&nbsp;<\/p>\n<h2>Agrega un toque de moda y calidez a tu armariocon este chaleco<\/h2>\n<p>&nbsp;<\/p>\n<p><img style=\"max-width: 80%; float: left; height: 283px;\" src=\"https:\/\/richtexteditor.com\/imageuploads\/638145720434638541-75e872de-cb2f-40a4-a38f-9ee80f0b7afb.png\" \/><\/p>\n<blockquote style=\"margin: 0 0 0 40px; border: none; padding: 0px;\">\n<blockquote style=\"margin: 0 0 0 40px; border: none; padding: 0px;\">\n<blockquote style=\"margin: 0 0 0 40px; border: none; padding: 0px;\">\n<blockquote style=\"margin: 0 0 0 40px; border: none; padding: 0px;\">\n<blockquote style=\"margin: 0 0 0 40px; border: none; padding: 0px;\">\n<blockquote style=\"margin: 0 0 0 40px; border: none; padding: 0px;\"><p>Este chaleco de mujer en tono caf\u00e9 de la marca Froens es un art\u00edculo esencial para el oto\u00f1o. Con su dise\u00f1o acolchado y moderno, es perfecto para a\u00f1adir una capa extra de calidez a cualquier atuendo. Adem\u00e1s, su cierre con cremallera y sus bolsillos laterales lo hacen pr\u00e1ctico y funcional para el d\u00eda a d\u00eda. Este chaleco Bronte en color caf\u00e9 es f\u00e1cil de combinar con cualquier prenda, desde una camiseta hasta una blusa, y se puede llevar como parte de un atuendo casual o m\u00e1s formal. Fabricado con materiales de alta calidad, este chaleco te mantendr\u00e1 c\u00f3moda y a la moda en los d\u00edas m\u00e1s frescos del oto\u00f1o.<\/p>\n<p><a href=\"https:\/\/froens.cl\/collections\/invierno-23\/products\/chaleco-mujer-bronte-cafe#a_aid=BL00016&amp;a_cid=d66242fd\" target=\"_blank\" rel=\"noopener\"><img style=\"max-width: 80%;\" src=\"https:\/\/richtexteditor.com\/imageuploads\/638145727210268623-ddb19a00-d37d-40dd-a256-d5cb81ab16a9.png\" \/><\/a><\/p><\/blockquote>\n<\/blockquote>\n<\/blockquote>\n<\/blockquote>\n<\/blockquote>\n<\/blockquote>\n<div><\/div>\n<p>&nbsp;<\/p>\n<p>&nbsp;<\/p>\n<p>&nbsp;<\/p>\n<p>&nbsp;<\/p>\n<p>&nbsp;<\/p>\n<h2>Disfruta del aire libre en oto\u00f1o con esta pr\u00e1ctica y elegante matera t\u00e9rmica<\/h2>\n<p><img style=\"max-width: 80%; float: left; height: 190px;\" src=\"https:\/\/richtexteditor.com\/imageuploads\/638145720621200306-bbb30478-b945-4eb1-b1ea-1f774dfeb900.png\" \/><\/p>\n<blockquote style=\"margin: 0 0 0 40px; border: none; padding: 0px;\">\n<blockquote style=\"margin: 0 0 0 40px; border: none; padding: 0px;\">\n<blockquote style=\"margin: 0 0 0 40px; border: none; padding: 0px;\">\n<blockquote style=\"margin: 0 0 0 40px; border: none; padding: 0px;\">\n<blockquote style=\"margin: 0 0 0 40px; border: none; padding: 0px;\">\n<blockquote style=\"margin: 0 0 0 40px; border: none; padding: 0px;\"><p>Esta matera t\u00e9rmica de la marca Gnomowear es el complemento perfecto para disfrutar de un delicioso mate caliente durante los d\u00edas frescos de oto\u00f1o. Con su dise\u00f1o moderno y elegante en color blanco y detalles en madera, esta matera est\u00e1 fabricada en acero inoxidable de alta calidad, lo que la hace resistente y duradera. Con una capacidad de 355ml, es lo suficientemente grande para disfrutar de varias raciones de mate o t\u00e9 sin tener que recargar. Adem\u00e1s, su aislamiento t\u00e9rmico mantendr\u00e1 tu bebida caliente durante horas, permiti\u00e9ndote disfrutar de una experiencia de mate confortable y acogedora en cualquier lugar y momento.<\/p>\n<p><a href=\"https:\/\/www.gnomowear.cl\/collections\/tazas-materas-vasos\/products\/matera-termica-355ml#a_aid=BL00016&amp;a_cid=cb99a783\" target=\"_blank\" rel=\"noopener\"><img style=\"max-width: 80%;\" src=\"https:\/\/richtexteditor.com\/imageuploads\/638145727328393156-94a068ac-bb16-4367-9fb5-76f239306667.png\" \/><\/a><\/p><\/blockquote>\n<\/blockquote>\n<\/blockquote>\n<\/blockquote>\n<\/blockquote>\n<\/blockquote>\n<div><\/div>\n<p>&nbsp;<\/p>\n<p>&nbsp;<\/p>\n<p>&nbsp;<\/p>\n<h2>Prepara el caf\u00e9 perfecto en casa este oto\u00f1o con esta cafetera expresso 3 en 1<\/h2>\n<p><img style=\"max-width: 80%; float: left; height: 197px;\" src=\"https:\/\/richtexteditor.com\/imageuploads\/638145721145729456-2574c1d1-50af-482f-9188-9c2add07ee35.png\" \/><\/p>\n<blockquote style=\"margin: 0 0 0 40px; border: none; padding: 0px;\">\n<blockquote style=\"margin: 0 0 0 40px; border: none; padding: 0px;\">\n<blockquote style=\"margin: 0 0 0 40px; border: none; padding: 0px;\">\n<blockquote style=\"margin: 0 0 0 40px; border: none; padding: 0px;\">\n<blockquote style=\"margin: 0 0 0 40px; border: none; padding: 0px;\">\n<blockquote style=\"margin: 0 0 0 40px; border: none; padding: 0px;\"><p>Si eres un amante del caf\u00e9, no puedes dejar de probar esta cafetera espresso 3 en 1 de la marca Milano Coffee. Con un dise\u00f1o moderno en color rojo, esta cafetera es el complemento perfecto para disfrutar de una taza de caf\u00e9 caliente y delicioso durante el oto\u00f1o. La cafetera cuenta con una potencia de 800W y un dep\u00f3sito de agua de 240ml, lo que te permitir\u00e1 preparar 4 tazas de caf\u00e9 espresso a la vez. Adem\u00e1s, cuenta con una funci\u00f3n de vaporizador que te permitir\u00e1 calentar y espumar la leche para preparar deliciosas bebidas con leche. La cafetera espresso 3 en 1 de Milano Coffee es f\u00e1cil de usar y limpiar, y est\u00e1 fabricada con materiales de alta calidad que aseguran su durabilidad.<\/p>\n<p><a href=\"https:\/\/depto51.com\/collections\/ofertas\/products\/cafetera-expresso-milano-coffee-3-en-1-rojo\" target=\"_blank\" rel=\"noopener\"><img style=\"max-width: 80%;\" src=\"https:\/\/richtexteditor.com\/imageuploads\/638145727471048839-fae6da3b-4ef0-47a2-a3b2-86153df289f4.png\" \/><\/a><\/p><\/blockquote>\n<\/blockquote>\n<\/blockquote>\n<\/blockquote>\n<\/blockquote>\n<\/blockquote>\n<div><\/div>\n<p>&nbsp;<\/p>\n<p>&nbsp;<\/p>\n<p>&nbsp;<\/p>\n<h2>Combina comodidad y estilo con estos pantalones formales de moda en color marfil<\/h2>\n<p><img style=\"max-width: 80%; float: left; height: 290px;\" src=\"https:\/\/richtexteditor.com\/imageuploads\/638145721275103922-ad5c475e-3fbe-473f-a87d-d554f65c32fe.png\" \/><\/p>\n<blockquote style=\"margin: 0 0 0 40px; border: none; padding: 0px;\">\n<blockquote style=\"margin: 0 0 0 40px; border: none; padding: 0px;\">\n<blockquote style=\"margin: 0 0 0 40px; border: none; padding: 0px;\">\n<blockquote style=\"margin: 0 0 0 40px; border: none; padding: 0px;\">\n<blockquote style=\"margin: 0 0 0 40px; border: none; padding: 0px;\">\n<blockquote style=\"margin: 0 0 0 40px; border: none; padding: 0px;\"><p>Este pantal\u00f3n Atmo en color marfil de la marca Saint Male es la prenda perfecta para lucir elegante y a la moda durante la temporada de oto\u00f1o. Los pantalones formales se han vuelto muy populares esta temporada, y este modelo en particular es una excelente opci\u00f3n gracias a su dise\u00f1o cl\u00e1sico y vers\u00e1til que combina f\u00e1cilmente con diferentes tipos de atuendos. Est\u00e1 confeccionado con materiales de alta calidad que le otorgan un ajuste c\u00f3modo y duradero. Adem\u00e1s, el color marfil es una excelente elecci\u00f3n para el oto\u00f1o, ya que combina bien con otros tonos de temporada como el marr\u00f3n y el verde. Puedes combinarlo con una camisa formal para un look m\u00e1s elegante, o con una sudadera y zapatillas deportivas para un atuendo m\u00e1s casual.<\/p>\n<p><a href=\"https:\/\/saintmale.com\/collections\/pantalon-ss23\/products\/8082-pantalon-atmo-marfil#a_aid=BL00016&amp;a_cid=84e194e9\" target=\"_blank\" rel=\"noopener\"><img style=\"max-width: 80%;\" src=\"https:\/\/richtexteditor.com\/imageuploads\/638145727605892049-88fd7a68-5505-4f06-a7c7-eb0ea82b92f1.png\" \/><\/a><\/p><\/blockquote>\n<\/blockquote>\n<\/blockquote>\n<\/blockquote>\n<\/blockquote>\n<\/blockquote>\n<div><\/div>\n<p>&nbsp;<\/p>\n<p>&nbsp;<\/p>\n<p>&nbsp;<\/p>\n<p>&nbsp;<\/p>\n<p>&nbsp;<\/p>\n<h2>Agrega un toque de elegancia y calidez a tu guardarropa con esta camisa de manga larga<\/h2>\n<p><img style=\"max-width: 80%; float: left; height: 278px;\" src=\"https:\/\/richtexteditor.com\/imageuploads\/638145721642758685-b54bbfaa-b528-44ba-8080-2f35ba529b95.png\" \/><\/p>\n<blockquote style=\"margin: 0 0 0 40px; border: none; padding: 0px;\">\n<blockquote style=\"margin: 0 0 0 40px; border: none; padding: 0px;\">\n<blockquote style=\"margin: 0 0 0 40px; border: none; padding: 0px;\">\n<blockquote style=\"margin: 0 0 0 40px; border: none; padding: 0px;\">\n<blockquote style=\"margin: 0 0 0 40px; border: none; padding: 0px;\">\n<blockquote style=\"margin: 0 0 0 40px; border: none; padding: 0px;\"><p>Esta camisa est\u00e1 confeccionada con algod\u00f3n org\u00e1nico de alta calidad, lo que la hace suave y c\u00f3moda al tacto. El dise\u00f1o cl\u00e1sico de la camisa y su textura de corduroy le otorgan un aspecto elegante y sofisticado que la hace perfecta para ocasiones formales e informales. El color verde es una excelente elecci\u00f3n para la temporada de oto\u00f1o, ya que combina bien con otros colores de temporada como el marr\u00f3n y el naranja. En resumen, esta camisa es una prenda esencial para cualquier persona que busque lucir con estilo y comodidad durante el oto\u00f1o.<\/p>\n<p><a href=\"https:\/\/froens.cl\/collections\/invierno-23\/products\/camisa-manga-larga-classic-corduroy-verde-algodon-organico#a_aid=BL00016&amp;a_cid=d66242fd\" target=\"_blank\" rel=\"noopener\"><img style=\"max-width: 80%;\" src=\"https:\/\/richtexteditor.com\/imageuploads\/638145727721047828-334f68a9-ab42-42af-be04-40ceb6669443.png\" \/><\/a><\/p><\/blockquote>\n<\/blockquote>\n<\/blockquote>\n<\/blockquote>\n<\/blockquote>\n<\/blockquote>\n<div><\/div>\n<p>&nbsp;<\/p>\n<p>&nbsp;<\/p>\n<p>&nbsp;<\/p>\n<p>&nbsp;<\/p>\n<p>&nbsp;<\/p>\n<p>&nbsp;<\/p>\n<h2>Calienta tus bebidas favoritas con precisi\u00f3n con el hervidor Heat Control<\/h2>\n<p><img style=\"max-width: 80%; float: left; height: 199px;\" src=\"https:\/\/richtexteditor.com\/imageuploads\/638145721442290784-91a4b05c-d5c9-4d27-99d6-ae2dc9fe95eb.png\" \/><\/p>\n<blockquote style=\"margin: 0 0 0 40px; border: none; padding: 0px;\">\n<blockquote style=\"margin: 0 0 0 40px; border: none; padding: 0px;\">\n<blockquote style=\"margin: 0 0 0 40px; border: none; padding: 0px;\">\n<blockquote style=\"margin: 0 0 0 40px; border: none; padding: 0px;\">\n<blockquote style=\"margin: 0 0 0 40px; border: none; padding: 0px;\">\n<blockquote style=\"margin: 0 0 0 40px; border: none; padding: 0px;\"><p>Si eres de las personas que disfrutan de una buena taza de t\u00e9, caf\u00e9 o mate durante el oto\u00f1o, entonces necesitas un hervidor confiable y eficiente para hacer que la preparaci\u00f3n de tus bebidas sea m\u00e1s f\u00e1cil y r\u00e1pida.<\/p><\/blockquote>\n<\/blockquote>\n<\/blockquote>\n<\/blockquote>\n<\/blockquote>\n<blockquote style=\"margin: 0 0 0 40px; border: none; padding: 0px;\">\n<blockquote style=\"margin: 0 0 0 40px; border: none; padding: 0px;\">\n<blockquote style=\"margin: 0 0 0 40px; border: none; padding: 0px;\">\n<blockquote style=\"margin: 0 0 0 40px; border: none; padding: 0px;\">\n<blockquote style=\"margin: 0 0 0 40px; border: none; padding: 0px;\"><p>El hervidor Heat Control de 1.7 litros es una excelente opci\u00f3n para este prop\u00f3sito. Este hervidor cuenta con una potencia de 2200 watts, lo que significa que puede hervir agua r\u00e1pidamente. Adem\u00e1s, cuenta con un term\u00f3metro que muestra la temperatura en tiempo real, lo que te permite controlar la temperatura del agua con precisi\u00f3n para preparar la bebida perfecta.<\/p>\n<p><a href=\"https:\/\/depto51.com\/collections\/ofertas\/products\/hervidor-heat-control-negro-1-7-l\" target=\"_blank\" rel=\"noopener\"><img style=\"max-width: 80%;\" src=\"https:\/\/richtexteditor.com\/imageuploads\/638145727844172341-ed025fea-4e3e-4006-ae23-b0111eef73ec.png\" \/><\/a><\/p><\/blockquote>\n<\/blockquote>\n<\/blockquote>\n<\/blockquote>\n<\/blockquote>\n<\/blockquote>\n<p>&nbsp;<\/p>\n<p>&nbsp;<\/p>\n<p>&nbsp;<\/p>\n<p>&nbsp;<\/p>\n<h2>Eleva tu estilo en oto\u00f1o con este llamativo blazer en tono fucsia, una pieza imprescindible<\/h2>\n<p><img style=\"max-width: 80%; float: left; height: 306px;\" src=\"https:\/\/richtexteditor.com\/imageuploads\/638145722055882045-c39f88ad-658a-4c36-b4c2-0958eed96f35.png\" \/><\/p>\n<blockquote style=\"margin: 0 0 0 40px; border: none; padding: 0px;\">\n<blockquote style=\"margin: 0 0 0 40px; border: none; padding: 0px;\">\n<blockquote style=\"margin: 0 0 0 40px; border: none; padding: 0px;\">\n<blockquote style=\"margin: 0 0 0 40px; border: none; padding: 0px;\">\n<blockquote style=\"margin: 0 0 0 40px; border: none; padding: 0px;\">\n<blockquote style=\"margin: 0 0 0 40px; border: none; padding: 0px;\"><p>El Blazer Fucsia de Saint Male es una prenda llamativa y perfecta para dar un toque de color y elegancia a cualquier look de oto\u00f1o. Confeccionado en un tono fucsia brillante y con un corte ajustado, este blazer es una excelente opci\u00f3n para eventos formales o para a\u00f1adir un toque de sofisticaci\u00f3n a cualquier atuendo casual. Su dise\u00f1o moderno y su tejido de alta calidad hacen de este blazer una prenda duradera y vers\u00e1til para usar en cualquier ocasi\u00f3n. Comb\u00ednalo con pantalones de vestir o jeans para un look m\u00e1s casual pero sofisticado.<\/p>\n<p><a href=\"https:\/\/saintmale.com\/collections\/corsets-ss23-1\/products\/8035-blazer-yell-blazer-fucsia#a_aid=BL00016&amp;a_cid=84e194e9\" target=\"_blank\" rel=\"noopener\"><img style=\"max-width: 80%;\" src=\"https:\/\/richtexteditor.com\/imageuploads\/638145727993859243-96f2bf1d-45fc-4f15-9062-2ba9ee17a4c3.png\" \/><\/a><\/p><\/blockquote>\n<\/blockquote>\n<\/blockquote>\n<\/blockquote>\n<\/blockquote>\n<\/blockquote>\n<div><\/div>\n<p>&nbsp;<\/p>\n<p>&nbsp;<\/p>\n<p>&nbsp;<\/p>\n<p>&nbsp;<\/p>\n<p>&nbsp;<\/p>\n<p>&nbsp;<\/p>\n<p>&nbsp;<\/p>\n<h2>Chaleco acolchado, una adici\u00f3n elegante y funcional a cualquier atuendo de temporada<\/h2>\n<p><img style=\"max-width: 80%; float: left; height: 204px;\" src=\"https:\/\/richtexteditor.com\/imageuploads\/638145722368849530-36304492-ef10-494e-b7d6-2b43f9ccdd1f.png\" \/><\/p>\n<blockquote style=\"margin: 0 0 0 40px; border: none; padding: 0px;\">\n<blockquote style=\"margin: 0 0 0 40px; border: none; padding: 0px;\">\n<blockquote style=\"margin: 0 0 0 40px; border: none; padding: 0px;\">\n<blockquote style=\"margin: 0 0 0 40px; border: none; padding: 0px;\">\n<blockquote style=\"margin: 0 0 0 40px; border: none; padding: 0px;\">\n<blockquote style=\"margin: 0 0 0 40px; border: none; padding: 0px;\"><p>El chaleco es una prenda que no puede faltar en tu armario para el oto\u00f1o. El chaleco Demdec de Gnomowear es la combinaci\u00f3n perfecta entre estilo y funcionalidad, ya que su tejido acolchado te mantendr\u00e1 caliente en los d\u00edas m\u00e1s fr\u00edos. Adem\u00e1s, su dise\u00f1o en tonos grises lo hace f\u00e1cil de combinar con cualquier atuendo, ya sea para ir al trabajo o para un paseo de fin de semana. Fabricado con materiales de alta calidad, este chaleco es una inversi\u00f3n a largo plazo para cualquier hombre que busque estar a la moda mientras se mantiene abrigado en los meses de oto\u00f1o e invierno.<\/p>\n<p><a href=\"https:\/\/www.gnomowear.cl\/collections\/nueva-temporada\/products\/chaleco-demdec-hombre#a_aid=BL00016&amp;a_cid=cb99a783\" target=\"_blank\" rel=\"noopener\"><img style=\"max-width: 80%;\" src=\"https:\/\/richtexteditor.com\/imageuploads\/638145728113858757-ccd591ad-0976-4d04-9272-85f14dfed2fc.png\" \/><\/a><\/p><\/blockquote>\n<\/blockquote>\n<\/blockquote>\n<\/blockquote>\n<\/blockquote>\n<\/blockquote>\n<div><\/div>\n<p>&nbsp;<\/p>\n<p>&nbsp;<\/p>\n<p>&nbsp;<\/p>\n<h2>Envu\u00e9lvete en comodidad y estilo con esta manta tejida en tonos naranjas c\u00e1lidos<\/h2>\n<p><img style=\"max-width: 80%; float: left; height: 211px;\" src=\"https:\/\/richtexteditor.com\/imageuploads\/638145722621348545-d89066ed-5730-4938-bbe2-4e1d2395c5bc.png\" \/><\/p>\n<blockquote style=\"margin: 0 0 0 40px; border: none; padding: 0px;\">\n<blockquote style=\"margin: 0 0 0 40px; border: none; padding: 0px;\">\n<blockquote style=\"margin: 0 0 0 40px; border: none; padding: 0px;\">\n<blockquote style=\"margin: 0 0 0 40px; border: none; padding: 0px;\">\n<blockquote style=\"margin: 0 0 0 40px; border: none; padding: 0px;\">\n<blockquote style=\"margin: 0 0 0 40px; border: none; padding: 0px;\"><p>La manta Knut Naranja de Depto51 es perfecta para agregar un toque acogedor y c\u00e1lido a cualquier habitaci\u00f3n de tu hogar durante el oto\u00f1o. Confeccionada con una mezcla de lana y acr\u00edlico, esta manta de tejido grueso es suave y c\u00f3moda, y est\u00e1 dise\u00f1ada para brindar una sensaci\u00f3n de calidez y comodidad. Su color naranja vibrante le dar\u00e1 un toque de energ\u00eda y vitalidad a tu hogar durante los d\u00edas m\u00e1s fr\u00edos. \u00dasala para arroparte mientras ves una pel\u00edcula en la sala de estar, para decorar tu cama o simplemente para a\u00f1adir un toque decorativo a tu sof\u00e1.<\/p>\n<p><a href=\"https:\/\/depto51.com\/collections\/mantas\/products\/manta-knut-naranja\" target=\"_blank\" rel=\"noopener\"><img style=\"max-width: 80%;\" src=\"https:\/\/richtexteditor.com\/imageuploads\/638145728241045749-2252cc2b-25b2-44d1-bf75-d4de09208f7d.png\" \/><\/a><\/p><\/blockquote>\n<\/blockquote>\n<\/blockquote>\n<\/blockquote>\n<\/blockquote>\n<\/blockquote>\n<div><\/div>\n<p>&nbsp;<\/p>\n<p>&nbsp;<\/p>\n<p>&nbsp;<\/p>\n<p>&nbsp;<\/p>\n<h2>Mant\u00e9n tus pies secos en los d\u00edas lluviosos de oto\u00f1o con estas botas de agua<\/h2>\n<p><img style=\"max-width: 80%; float: left; height: 212px;\" src=\"https:\/\/richtexteditor.com\/imageuploads\/638145722904641190-2922b3bc-18bb-4a13-ab72-02c52541a9ce.png\" \/><\/p>\n<blockquote style=\"margin: 0 0 0 40px; border: none; padding: 0px;\">\n<blockquote style=\"margin: 0 0 0 40px; border: none; padding: 0px;\">\n<blockquote style=\"margin: 0 0 0 40px; border: none; padding: 0px;\">\n<blockquote style=\"margin: 0 0 0 40px; border: none; padding: 0px;\">\n<blockquote style=\"margin: 0 0 0 40px; border: none; padding: 0px;\">\n<blockquote style=\"margin: 0 0 0 40px; border: none; padding: 0px;\"><p>Las botas de agua son imprescindibles para los d\u00edas de lluvia y la temporada de oto\u00f1o no es la excepci\u00f3n. Estas botas de agua sostenibles Chelsea Caranca de Denda est\u00e1n hechas con caucho natural y algod\u00f3n org\u00e1nico, lo que las convierte en una opci\u00f3n respetuosa con el medio ambiente y duradera. Adem\u00e1s, su dise\u00f1o cl\u00e1sico y vers\u00e1til las hace perfectas para combinar con cualquier outfit. Mant\u00e9n tus pies secos y protegidos mientras contribuyes al cuidado del planeta con estas botas de agua sostenibles.<\/p>\n<p><a href=\"https:\/\/denda.cl\/collections\/moda\/products\/bota-de-agua-sustentable-chelsea-caranca#a_aid=BL00016&amp;a_cid=3a932335\" target=\"_blank\" rel=\"noopener\"><img style=\"max-width: 80%;\" src=\"https:\/\/richtexteditor.com\/imageuploads\/638145728368701482-6708ecd6-64b7-4a9d-9d55-9a4b6beb1b01.png\" \/><\/a><\/p><\/blockquote>\n<\/blockquote>\n<\/blockquote>\n<\/blockquote>\n<\/blockquote>\n<\/blockquote>\n","protected":false},"excerpt":{"rendered":"<p>Con la llegada del oto\u00f1o, es hora de preparar nuestro armario y nuestro hogar para la temporada. Ya sea que est\u00e9s buscando un nuevo par de botines para los d\u00edas m\u00e1s frescos, una chaqueta para abrigarte o simplemente algunas nuevas prendas de vestir para actualizar tu guardarropa, hay algunos productos esenciales que no pueden faltar&#8230;<\/p>\n","protected":false},"author":1,"featured_media":44575,"comment_status":"open","ping_status":"open","sticky":false,"template":"","format":"standard","meta":[],"categories":[1193,1203],"tags":[],"acf":[],"_links":{"self":[{"href":"https:\/\/depto51.cl\/blog\/wp-json\/wp\/v2\/posts\/44573"}],"collection":[{"href":"https:\/\/depto51.cl\/blog\/wp-json\/wp\/v2\/posts"}],"about":[{"href":"https:\/\/depto51.cl\/blog\/wp-json\/wp\/v2\/types\/post"}],"author":[{"embeddable":true,"href":"https:\/\/depto51.cl\/blog\/wp-json\/wp\/v2\/users\/1"}],"replies":[{"embeddable":true,"href":"https:\/\/depto51.cl\/blog\/wp-json\/wp\/v2\/comments?post=44573"}],"version-history":[{"count":5,"href":"https:\/\/depto51.cl\/blog\/wp-json\/wp\/v2\/posts\/44573\/revisions"}],"predecessor-version":[{"id":44581,"href":"https:\/\/depto51.cl\/blog\/wp-json\/wp\/v2\/posts\/44573\/revisions\/44581"}],"wp:featuredmedia":[{"embeddable":true,"href":"https:\/\/depto51.cl\/blog\/wp-json\/wp\/v2\/media\/44575"}],"wp:attachment":[{"href":"https:\/\/depto51.cl\/blog\/wp-json\/wp\/v2\/media?parent=44573"}],"wp:term":[{"taxonomy":"category","embeddable":true,"href":"https:\/\/depto51.cl\/blog\/wp-json\/wp\/v2\/categories?post=44573"},{"taxonomy":"post_tag","embeddable":true,"href":"https:\/\/depto51.cl\/blog\/wp-json\/wp\/v2\/tags?post=44573"}],"curies":[{"name":"wp","href":"https:\/\/api.w.org\/{rel}","templated":true}]}}