

{"id":43889,"date":"2019-07-08T16:29:37","date_gmt":"2019-07-08T20:29:37","guid":{"rendered":"https:\/\/depto51.cl\/blog\/?p=43889"},"modified":"2019-07-08T16:51:15","modified_gmt":"2019-07-08T20:51:15","slug":"el-antes-y-despues-de-nuestra-cocina","status":"publish","type":"post","link":"https:\/\/depto51.cl\/blog\/2019\/07\/08\/el-antes-y-despues-de-nuestra-cocina\/","title":{"rendered":"El Antes y Despu\u00e9s de nuestra cocina"},"content":{"rendered":"<p><img loading=\"lazy\" class=\"aligncenter size-large wp-image-43917\" src=\"https:\/\/depto51.cl\/blog\/wp-content\/uploads\/2019\/07\/IMG_3381-1-1024x788.jpg\" alt=\"\" width=\"1024\" height=\"788\" srcset=\"https:\/\/depto51.cl\/blog\/wp-content\/uploads\/2019\/07\/IMG_3381-1-1024x788.jpg 1024w, https:\/\/depto51.cl\/blog\/wp-content\/uploads\/2019\/07\/IMG_3381-1-500x385.jpg 500w, https:\/\/depto51.cl\/blog\/wp-content\/uploads\/2019\/07\/IMG_3381-1-768x591.jpg 768w\" sizes=\"(max-width: 1024px) 100vw, 1024px\" \/><\/p>\n<p>Si nos sigues en Instagram, ya debes saber que hace algunos meses nos cambiamos a una nueva oficina. Esta oficina estaba en bastante buen estado pero hab\u00edan dos espacio que necesitaban un \u00abupgrade\u00bb urgente: los ba\u00f1os y la cocina. Como no ten\u00edamos mucho presupuesto, lo de los ba\u00f1os lo resolvimos usando baldosas autoadhesivas, lo que cambi\u00f3 el look instant\u00e1neamente; sin embargo, la cocina (o kitchennete) necesitaba una cirug\u00eda mayor:<\/p>\n<p><img loading=\"lazy\" class=\"aligncenter size-large wp-image-43891\" src=\"https:\/\/depto51.cl\/blog\/wp-content\/uploads\/2019\/07\/IMG_3089-e1562614628981-768x1024.jpg\" alt=\"\" width=\"768\" height=\"1024\" srcset=\"https:\/\/depto51.cl\/blog\/wp-content\/uploads\/2019\/07\/IMG_3089-e1562614628981-768x1024.jpg 768w, https:\/\/depto51.cl\/blog\/wp-content\/uploads\/2019\/07\/IMG_3089-e1562614628981-375x500.jpg 375w\" sizes=\"(max-width: 768px) 100vw, 768px\" \/><\/p>\n<p>Como pueden ver los muebles estaban en muy mal estado, h\u00famedos y sucios y el espacio no se estaba aprovechando de la mejor manera posible. Adem\u00e1s, estaba separada del resto del espacio por un muro de ladrillos de vidrio que se ve\u00eda anticuado y le quitaba mucha luz a a la entrada de la oficina&#8230;<\/p>\n<p><img loading=\"lazy\" class=\"aligncenter size-large wp-image-43890\" src=\"https:\/\/depto51.cl\/blog\/wp-content\/uploads\/2019\/07\/IMG_3088-e1562615954104-768x1024.jpg\" alt=\"\" width=\"768\" height=\"1024\" srcset=\"https:\/\/depto51.cl\/blog\/wp-content\/uploads\/2019\/07\/IMG_3088-e1562615954104-768x1024.jpg 768w, https:\/\/depto51.cl\/blog\/wp-content\/uploads\/2019\/07\/IMG_3088-e1562615954104-375x500.jpg 375w\" sizes=\"(max-width: 768px) 100vw, 768px\" \/><\/p>\n<p>Por suerte, nuestros amigos de <a href=\"https:\/\/www.kdn.cl\/\">KDN<\/a> nos invitaron a hacer realidad la cocina de nuestros sue\u00f1os y por supuesto que dijimos que s\u00ed!\u00a0Nuestro encargo era sencillo y claro: quer\u00edamos una kitchennete fresca, que pudiera incorporarse al hall de entrada y que tuviera cubierta de madera.<\/p>\n<p>El primer paso fue medir el espacio para que los arquitectos de <a href=\"https:\/\/www.kdn.cl\">KDN<\/a> nos enviaran una propuesta, que fueron estas dos:<\/p>\n<p><img loading=\"lazy\" class=\"aligncenter size-full wp-image-43902\" src=\"https:\/\/depto51.cl\/blog\/wp-content\/uploads\/2019\/07\/Captura-de-pantalla-2019-07-08-a-las-15.55.44.png\" alt=\"\" width=\"998\" height=\"561\" srcset=\"https:\/\/depto51.cl\/blog\/wp-content\/uploads\/2019\/07\/Captura-de-pantalla-2019-07-08-a-las-15.55.44.png 998w, https:\/\/depto51.cl\/blog\/wp-content\/uploads\/2019\/07\/Captura-de-pantalla-2019-07-08-a-las-15.55.44-500x281.png 500w, https:\/\/depto51.cl\/blog\/wp-content\/uploads\/2019\/07\/Captura-de-pantalla-2019-07-08-a-las-15.55.44-768x432.png 768w\" sizes=\"(max-width: 998px) 100vw, 998px\" \/><\/p>\n<p>Nosotros elegimos la opci\u00f3n 1 pero les pedimos que todos los muebles fueran azules y que tuvieran tiradores met\u00e1licos. Les mandamos esta referencia:<\/p>\n<p><img loading=\"lazy\" class=\"aligncenter wp-image-43903 size-full\" src=\"https:\/\/depto51.cl\/blog\/wp-content\/uploads\/2019\/07\/86585296148413e0e2557dafaca56cbb-e1562618726469.jpg\" alt=\"\" width=\"660\" height=\"559\" srcset=\"https:\/\/depto51.cl\/blog\/wp-content\/uploads\/2019\/07\/86585296148413e0e2557dafaca56cbb-e1562618726469.jpg 660w, https:\/\/depto51.cl\/blog\/wp-content\/uploads\/2019\/07\/86585296148413e0e2557dafaca56cbb-e1562618726469-500x423.jpg 500w\" sizes=\"(max-width: 660px) 100vw, 660px\" \/><\/p>\n<p>Luego nos lleg\u00f3 la segunda propuesta que qued\u00f3 as\u00ed y nosotros pedimos que el mueble de arriba tambi\u00e9n fuera del mismo color:<\/p>\n<p><img loading=\"lazy\" class=\"aligncenter size-large wp-image-43901\" src=\"https:\/\/depto51.cl\/blog\/wp-content\/uploads\/2019\/07\/KDN_Depto51_02-1024x782.jpg\" alt=\"\" width=\"1024\" height=\"782\" srcset=\"https:\/\/depto51.cl\/blog\/wp-content\/uploads\/2019\/07\/KDN_Depto51_02-1024x782.jpg 1024w, https:\/\/depto51.cl\/blog\/wp-content\/uploads\/2019\/07\/KDN_Depto51_02-500x382.jpg 500w, https:\/\/depto51.cl\/blog\/wp-content\/uploads\/2019\/07\/KDN_Depto51_02-768x586.jpg 768w, https:\/\/depto51.cl\/blog\/wp-content\/uploads\/2019\/07\/KDN_Depto51_02.jpg 1588w\" sizes=\"(max-width: 1024px) 100vw, 1024px\" \/><\/p>\n<p>&nbsp;<\/p>\n<p>Con este proyecto aprobado se pusieron manos a la obra y en aproximadamente 3 semanas nos avisaron que ya estaban listos para instalar los muebles. Esa semana fue una locura! Pero logramos desmantelar la cocina, sacar el muro de vidrio y tener despejado el espacio para el d\u00eda que hab\u00edamos agendado:<\/p>\n<p><img loading=\"lazy\" class=\"aligncenter size-large wp-image-43897\" src=\"https:\/\/depto51.cl\/blog\/wp-content\/uploads\/2019\/07\/IMG_3388-e1562616357290-768x1024.jpg\" alt=\"\" width=\"768\" height=\"1024\" srcset=\"https:\/\/depto51.cl\/blog\/wp-content\/uploads\/2019\/07\/IMG_3388-e1562616357290-768x1024.jpg 768w, https:\/\/depto51.cl\/blog\/wp-content\/uploads\/2019\/07\/IMG_3388-e1562616357290-375x500.jpg 375w\" sizes=\"(max-width: 768px) 100vw, 768px\" \/><\/p>\n<p>Los maestros de KDN llegaron tempranito y en un s\u00f3lo d\u00eda lograron instalar todo. Nos encant\u00f3 que fueron super ordenados, r\u00e1pidos y prolijos mientras trabajaban porque estaba todo el equipo ac\u00e1 en la oficina trabajando tambi\u00e9n ese d\u00eda&#8230;.<\/p>\n<p><img loading=\"lazy\" class=\"aligncenter size-large wp-image-43899\" src=\"https:\/\/depto51.cl\/blog\/wp-content\/uploads\/2019\/07\/IMG_3412-e1562616301366-768x1024.jpg\" alt=\"\" width=\"768\" height=\"1024\" srcset=\"https:\/\/depto51.cl\/blog\/wp-content\/uploads\/2019\/07\/IMG_3412-e1562616301366-768x1024.jpg 768w, https:\/\/depto51.cl\/blog\/wp-content\/uploads\/2019\/07\/IMG_3412-e1562616301366-375x500.jpg 375w\" sizes=\"(max-width: 768px) 100vw, 768px\" \/><\/p>\n<h3>\u00bfPreparados para ver el resultado final?<\/h3>\n<p>El resultado fue realmente impactante, la oficina se ve s\u00faper renovada, fresca y llena de luz. La cocina es un espacio peque\u00f1ito pero muy agradable y est\u00e1 tan linda que todos nos preocupamos de que quede siempre ordenada. La calidad de los muebles se nota por dentro y por fuera. Son super s\u00f3lidos y las terminaciones son de lujo! Muy bien hechos. La cubierta de madera es maravillosa y estamos super pendientes de que se mantenga seca para que no se humedezca (nos han dicho que hay que tener cuidado con eso)<\/p>\n<p><img loading=\"lazy\" class=\"aligncenter size-large wp-image-43916\" src=\"https:\/\/depto51.cl\/blog\/wp-content\/uploads\/2019\/07\/IMG_3380-1-1024x780.jpg\" alt=\"\" width=\"1024\" height=\"780\" srcset=\"https:\/\/depto51.cl\/blog\/wp-content\/uploads\/2019\/07\/IMG_3380-1-1024x780.jpg 1024w, https:\/\/depto51.cl\/blog\/wp-content\/uploads\/2019\/07\/IMG_3380-1-500x381.jpg 500w, https:\/\/depto51.cl\/blog\/wp-content\/uploads\/2019\/07\/IMG_3380-1-768x585.jpg 768w\" sizes=\"(max-width: 1024px) 100vw, 1024px\" \/><\/p>\n<p><img loading=\"lazy\" class=\"aligncenter size-large wp-image-43917\" src=\"https:\/\/depto51.cl\/blog\/wp-content\/uploads\/2019\/07\/IMG_3381-1-1024x788.jpg\" alt=\"\" width=\"1024\" height=\"788\" srcset=\"https:\/\/depto51.cl\/blog\/wp-content\/uploads\/2019\/07\/IMG_3381-1-1024x788.jpg 1024w, https:\/\/depto51.cl\/blog\/wp-content\/uploads\/2019\/07\/IMG_3381-1-500x385.jpg 500w, https:\/\/depto51.cl\/blog\/wp-content\/uploads\/2019\/07\/IMG_3381-1-768x591.jpg 768w\" sizes=\"(max-width: 1024px) 100vw, 1024px\" \/><\/p>\n<p>&nbsp;<\/p>\n<p><img loading=\"lazy\" class=\"aligncenter size-large wp-image-43904\" src=\"https:\/\/depto51.cl\/blog\/wp-content\/uploads\/2019\/07\/DSC6222-683x1024.jpg\" alt=\"\" width=\"683\" height=\"1024\" srcset=\"https:\/\/depto51.cl\/blog\/wp-content\/uploads\/2019\/07\/DSC6222-683x1024.jpg 683w, https:\/\/depto51.cl\/blog\/wp-content\/uploads\/2019\/07\/DSC6222-333x500.jpg 333w, https:\/\/depto51.cl\/blog\/wp-content\/uploads\/2019\/07\/DSC6222-768x1152.jpg 768w, https:\/\/depto51.cl\/blog\/wp-content\/uploads\/2019\/07\/DSC6222.jpg 1667w\" sizes=\"(max-width: 683px) 100vw, 683px\" \/><\/p>\n<p><img loading=\"lazy\" class=\"aligncenter size-large wp-image-43909\" src=\"https:\/\/depto51.cl\/blog\/wp-content\/uploads\/2019\/07\/DSC6241-683x1024.jpg\" alt=\"\" width=\"683\" height=\"1024\" srcset=\"https:\/\/depto51.cl\/blog\/wp-content\/uploads\/2019\/07\/DSC6241-683x1024.jpg 683w, https:\/\/depto51.cl\/blog\/wp-content\/uploads\/2019\/07\/DSC6241-333x500.jpg 333w, https:\/\/depto51.cl\/blog\/wp-content\/uploads\/2019\/07\/DSC6241-768x1152.jpg 768w, https:\/\/depto51.cl\/blog\/wp-content\/uploads\/2019\/07\/DSC6241.jpg 1667w\" sizes=\"(max-width: 683px) 100vw, 683px\" \/><\/p>\n<p>S\u00f3lo cometimos un <strong>gran erro<\/strong>r en la etapa de dise\u00f1o que fue no darnos cuenta de que el espacio del refrigerador estaba demasiado expuesto y que no ten\u00edamos un refrigerador bonito para poner ah\u00ed. De hecho, intentamos ver si pod\u00edamos cambiar de lado la cajonera as\u00ed quedaba esa parte m\u00e1s escondida pero ya no se pod\u00eda&#8230;.<\/p>\n<p><img loading=\"lazy\" class=\"aligncenter size-large wp-image-43913\" src=\"https:\/\/depto51.cl\/blog\/wp-content\/uploads\/2019\/07\/unnamed-768x1024.jpg\" alt=\"\" width=\"768\" height=\"1024\" srcset=\"https:\/\/depto51.cl\/blog\/wp-content\/uploads\/2019\/07\/unnamed-768x1024.jpg 768w, https:\/\/depto51.cl\/blog\/wp-content\/uploads\/2019\/07\/unnamed-375x500.jpg 375w, https:\/\/depto51.cl\/blog\/wp-content\/uploads\/2019\/07\/unnamed.jpg 960w\" sizes=\"(max-width: 768px) 100vw, 768px\" \/><\/p>\n<p>Pero como no hay nada en el mundo que no tenga soluci\u00f3n, a los pocos d\u00edas nos llegaron unos basureros hermos\u00edsimos a la <a href=\"http:\/\/www.depto51.com\/collections\/basureros\">tienda<\/a> y decidimos poner ah\u00ed un basurero rosado que combinara con el macetero y las franjas que ten\u00edamos pintadas en el hall de entrada. \u00bfMejor soluci\u00f3n o qu\u00e9?<\/p>\n<p><img loading=\"lazy\" class=\"aligncenter size-large wp-image-43911\" src=\"https:\/\/depto51.cl\/blog\/wp-content\/uploads\/2019\/07\/DSC6246-683x1024.jpg\" alt=\"\" width=\"683\" height=\"1024\" srcset=\"https:\/\/depto51.cl\/blog\/wp-content\/uploads\/2019\/07\/DSC6246-683x1024.jpg 683w, https:\/\/depto51.cl\/blog\/wp-content\/uploads\/2019\/07\/DSC6246-333x500.jpg 333w, https:\/\/depto51.cl\/blog\/wp-content\/uploads\/2019\/07\/DSC6246-768x1152.jpg 768w, https:\/\/depto51.cl\/blog\/wp-content\/uploads\/2019\/07\/DSC6246.jpg 1667w\" sizes=\"(max-width: 683px) 100vw, 683px\" \/><\/p>\n<p>Bueno, esta fue nuestra experiencia remodelando por primera vez una cocina (aunque sea mini) y ya nos qued\u00f3 metido el bichito de las remodelaciones&#8230; A los que est\u00e1n pensando en renovar su cocina les recomendamos totalmente a <a href=\"https:\/\/www.kdn.cl\">KDN<\/a> porque fueron muy cumplidores, s\u00faper profesionales y adem\u00e1s buena onda. Quedamos fe-li-ces!<\/p>\n<p><img loading=\"lazy\" class=\"aligncenter size-large wp-image-43910\" src=\"https:\/\/depto51.cl\/blog\/wp-content\/uploads\/2019\/07\/DSC6245-683x1024.jpg\" alt=\"\" width=\"683\" height=\"1024\" srcset=\"https:\/\/depto51.cl\/blog\/wp-content\/uploads\/2019\/07\/DSC6245-683x1024.jpg 683w, https:\/\/depto51.cl\/blog\/wp-content\/uploads\/2019\/07\/DSC6245-333x500.jpg 333w, https:\/\/depto51.cl\/blog\/wp-content\/uploads\/2019\/07\/DSC6245-768x1152.jpg 768w, https:\/\/depto51.cl\/blog\/wp-content\/uploads\/2019\/07\/DSC6245.jpg 1667w\" sizes=\"(max-width: 683px) 100vw, 683px\" \/><\/p>\n","protected":false},"excerpt":{"rendered":"<p>Si nos sigues en Instagram, ya debes saber que hace algunos meses nos cambiamos a una nueva oficina. Esta oficina estaba en bastante buen estado pero hab\u00edan dos espacio que necesitaban un \u00abupgrade\u00bb urgente: los ba\u00f1os y la cocina. Como no ten\u00edamos mucho presupuesto, lo de los ba\u00f1os lo resolvimos usando baldosas autoadhesivas, lo que&#8230;<\/p>\n","protected":false},"author":1,"featured_media":43917,"comment_status":"open","ping_status":"open","sticky":false,"template":"","format":"standard","meta":[],"categories":[1],"tags":[],"acf":[],"_links":{"self":[{"href":"https:\/\/depto51.cl\/blog\/wp-json\/wp\/v2\/posts\/43889"}],"collection":[{"href":"https:\/\/depto51.cl\/blog\/wp-json\/wp\/v2\/posts"}],"about":[{"href":"https:\/\/depto51.cl\/blog\/wp-json\/wp\/v2\/types\/post"}],"author":[{"embeddable":true,"href":"https:\/\/depto51.cl\/blog\/wp-json\/wp\/v2\/users\/1"}],"replies":[{"embeddable":true,"href":"https:\/\/depto51.cl\/blog\/wp-json\/wp\/v2\/comments?post=43889"}],"version-history":[{"count":5,"href":"https:\/\/depto51.cl\/blog\/wp-json\/wp\/v2\/posts\/43889\/revisions"}],"predecessor-version":[{"id":43920,"href":"https:\/\/depto51.cl\/blog\/wp-json\/wp\/v2\/posts\/43889\/revisions\/43920"}],"wp:featuredmedia":[{"embeddable":true,"href":"https:\/\/depto51.cl\/blog\/wp-json\/wp\/v2\/media\/43917"}],"wp:attachment":[{"href":"https:\/\/depto51.cl\/blog\/wp-json\/wp\/v2\/media?parent=43889"}],"wp:term":[{"taxonomy":"category","embeddable":true,"href":"https:\/\/depto51.cl\/blog\/wp-json\/wp\/v2\/categories?post=43889"},{"taxonomy":"post_tag","embeddable":true,"href":"https:\/\/depto51.cl\/blog\/wp-json\/wp\/v2\/tags?post=43889"}],"curies":[{"name":"wp","href":"https:\/\/api.w.org\/{rel}","templated":true}]}}