

{"id":42592,"date":"2019-02-12T10:22:49","date_gmt":"2019-02-12T14:22:49","guid":{"rendered":"https:\/\/depto51.cl\/blog\/?p=42592"},"modified":"2019-05-21T10:55:32","modified_gmt":"2019-05-21T14:55:32","slug":"cristobal-amigo-y-andres-lara-disenador-y-arquitecto-y-rolly-el-perro","status":"publish","type":"post","link":"https:\/\/depto51.cl\/blog\/2019\/02\/12\/cristobal-amigo-y-andres-lara-disenador-y-arquitecto-y-rolly-el-perro\/","title":{"rendered":"Crist\u00f3bal Amigo y Andr\u00e9s Lara, dise\u00f1ador y arquitecto + Rolly, el perro"},"content":{"rendered":"<p>No s\u00e9 si ustedes saben esto, pero la mayor\u00eda de las casas que fotografiamos en nuestros Home Tours no las conocemos desde antes. Vamos realmente \u00aba ciegas\u00bb a fotografiar espacios que creemos que ser\u00e1n incre\u00edbles porque las personas que viven ah\u00ed son creativas e interesantes. Del depto de <a href=\"http:\/\/www.instagram.com\/cristobalamigop\">Crist\u00f3bal<\/a> y <a href=\"http:\/\/www.instagram.com\/andresignacioolv\">Andr\u00e9s<\/a> no sab\u00edamos realmente nada y la sorpresa que nos llevamos fue gigante. Qu\u00e9 buen gusto! Todos los espacio son sobrios, limpios pero al mismo tiempo, tienen car\u00e1cter, estilo y objetos especiales. Adem\u00e1s, en esta sesi\u00f3n, nuestro fot\u00f3grafo Felipe D\u00edaz, les pidi\u00f3 a ambos que sostuvieran sus cosas favoritas para fotografiarlas&#8230; \u00bfquieren ver cu\u00e1les son? Entonces no te pierdas estas fotos!<\/p>\n<p>Fotos: <a href=\"https:\/\/www.instagram.com\/feliz__dia\/\">Felipe Diaz<\/a><\/p>\n<p><img loading=\"lazy\" class=\"aligncenter size-large wp-image-42622\" src=\"https:\/\/depto51.cl\/blog\/wp-content\/uploads\/2019\/02\/DSC7698-683x1024.jpg\" alt=\"\" width=\"683\" height=\"1024\" srcset=\"https:\/\/depto51.cl\/blog\/wp-content\/uploads\/2019\/02\/DSC7698-683x1024.jpg 683w, https:\/\/depto51.cl\/blog\/wp-content\/uploads\/2019\/02\/DSC7698-333x500.jpg 333w, https:\/\/depto51.cl\/blog\/wp-content\/uploads\/2019\/02\/DSC7698-768x1152.jpg 768w, https:\/\/depto51.cl\/blog\/wp-content\/uploads\/2019\/02\/DSC7698.jpg 1500w\" sizes=\"(max-width: 683px) 100vw, 683px\" \/><\/p>\n<h3>Hola Crist\u00f3bal y Andr\u00e9s! \u00bfDesde cu\u00e1ndo que viven aqu\u00ed?<\/h3>\n<p>7 meses<\/p>\n<h3>\u00bfC\u00f3mo llegaron y por qu\u00e9 eligieron este depto?<\/h3>\n<p>Siempre nos gust\u00f3 a ambos este edificio en particular y dio la coincidencia de que cuando decidimos vivir juntos encontramos un departamento disponible. Nos encanta porque es un edificio antiguo, donde los espacios son amplios y la altura fant\u00e1stica.<\/p>\n<p><img loading=\"lazy\" class=\"aligncenter size-large wp-image-42604\" src=\"https:\/\/depto51.cl\/blog\/wp-content\/uploads\/2019\/02\/DSC7631-1024x683.jpg\" alt=\"\" width=\"1024\" height=\"683\" srcset=\"https:\/\/depto51.cl\/blog\/wp-content\/uploads\/2019\/02\/DSC7631-1024x683.jpg 1024w, https:\/\/depto51.cl\/blog\/wp-content\/uploads\/2019\/02\/DSC7631-500x333.jpg 500w, https:\/\/depto51.cl\/blog\/wp-content\/uploads\/2019\/02\/DSC7631-768x512.jpg 768w, https:\/\/depto51.cl\/blog\/wp-content\/uploads\/2019\/02\/DSC7631.jpg 1500w\" sizes=\"(max-width: 1024px) 100vw, 1024px\" \/><\/p>\n<p><img loading=\"lazy\" class=\"aligncenter size-large wp-image-42623\" src=\"https:\/\/depto51.cl\/blog\/wp-content\/uploads\/2019\/02\/DSC7622-1-1024x768.jpg\" alt=\"\" width=\"1024\" height=\"768\" srcset=\"https:\/\/depto51.cl\/blog\/wp-content\/uploads\/2019\/02\/DSC7622-1-1024x768.jpg 1024w, https:\/\/depto51.cl\/blog\/wp-content\/uploads\/2019\/02\/DSC7622-1-500x375.jpg 500w, https:\/\/depto51.cl\/blog\/wp-content\/uploads\/2019\/02\/DSC7622-1-768x576.jpg 768w\" sizes=\"(max-width: 1024px) 100vw, 1024px\" \/><\/p>\n<p><img loading=\"lazy\" class=\"aligncenter size-large wp-image-42609\" src=\"https:\/\/depto51.cl\/blog\/wp-content\/uploads\/2019\/02\/DSC7649-1024x683.jpg\" alt=\"\" width=\"1024\" height=\"683\" srcset=\"https:\/\/depto51.cl\/blog\/wp-content\/uploads\/2019\/02\/DSC7649-1024x683.jpg 1024w, https:\/\/depto51.cl\/blog\/wp-content\/uploads\/2019\/02\/DSC7649-500x333.jpg 500w, https:\/\/depto51.cl\/blog\/wp-content\/uploads\/2019\/02\/DSC7649-768x512.jpg 768w, https:\/\/depto51.cl\/blog\/wp-content\/uploads\/2019\/02\/DSC7649.jpg 1500w\" sizes=\"(max-width: 1024px) 100vw, 1024px\" \/><\/p>\n<h3>\u00bfQu\u00e9 nombre le pondr\u00edan al estilo en que la decoraron?<\/h3>\n<p>Dif\u00edcil encasillar todo en un solo estilo, pero por lo general es dise\u00f1o n\u00f3rdico con rasgos latinoamericanos. Nos encanta la paleta de colores n\u00f3rdica, tonos azules, maderas nobles y presencia de vegetaci\u00f3n.<\/p>\n<p><img loading=\"lazy\" class=\"aligncenter size-large wp-image-42624\" src=\"https:\/\/depto51.cl\/blog\/wp-content\/uploads\/2019\/02\/DSC7646-1-1024x768.jpg\" alt=\"\" width=\"1024\" height=\"768\" srcset=\"https:\/\/depto51.cl\/blog\/wp-content\/uploads\/2019\/02\/DSC7646-1-1024x768.jpg 1024w, https:\/\/depto51.cl\/blog\/wp-content\/uploads\/2019\/02\/DSC7646-1-500x375.jpg 500w, https:\/\/depto51.cl\/blog\/wp-content\/uploads\/2019\/02\/DSC7646-1-768x576.jpg 768w\" sizes=\"(max-width: 1024px) 100vw, 1024px\" \/><\/p>\n<p><img loading=\"lazy\" class=\"aligncenter size-large wp-image-42603\" src=\"https:\/\/depto51.cl\/blog\/wp-content\/uploads\/2019\/02\/DSC7627-1024x683.jpg\" alt=\"\" width=\"1024\" height=\"683\" srcset=\"https:\/\/depto51.cl\/blog\/wp-content\/uploads\/2019\/02\/DSC7627-1024x683.jpg 1024w, https:\/\/depto51.cl\/blog\/wp-content\/uploads\/2019\/02\/DSC7627-500x333.jpg 500w, https:\/\/depto51.cl\/blog\/wp-content\/uploads\/2019\/02\/DSC7627-768x512.jpg 768w, https:\/\/depto51.cl\/blog\/wp-content\/uploads\/2019\/02\/DSC7627.jpg 1500w\" sizes=\"(max-width: 1024px) 100vw, 1024px\" \/><\/p>\n<p><img loading=\"lazy\" class=\"aligncenter size-large wp-image-42602\" src=\"https:\/\/depto51.cl\/blog\/wp-content\/uploads\/2019\/02\/DSC7625-1024x683.jpg\" alt=\"\" width=\"1024\" height=\"683\" srcset=\"https:\/\/depto51.cl\/blog\/wp-content\/uploads\/2019\/02\/DSC7625-1024x683.jpg 1024w, https:\/\/depto51.cl\/blog\/wp-content\/uploads\/2019\/02\/DSC7625-500x333.jpg 500w, https:\/\/depto51.cl\/blog\/wp-content\/uploads\/2019\/02\/DSC7625-768x512.jpg 768w, https:\/\/depto51.cl\/blog\/wp-content\/uploads\/2019\/02\/DSC7625.jpg 1500w\" sizes=\"(max-width: 1024px) 100vw, 1024px\" \/><\/p>\n<p><img loading=\"lazy\" class=\"aligncenter size-large wp-image-42601\" src=\"https:\/\/depto51.cl\/blog\/wp-content\/uploads\/2019\/02\/DSC7623-1024x683.jpg\" alt=\"\" width=\"1024\" height=\"683\" srcset=\"https:\/\/depto51.cl\/blog\/wp-content\/uploads\/2019\/02\/DSC7623-1024x683.jpg 1024w, https:\/\/depto51.cl\/blog\/wp-content\/uploads\/2019\/02\/DSC7623-500x333.jpg 500w, https:\/\/depto51.cl\/blog\/wp-content\/uploads\/2019\/02\/DSC7623-768x512.jpg 768w, https:\/\/depto51.cl\/blog\/wp-content\/uploads\/2019\/02\/DSC7623.jpg 1500w\" sizes=\"(max-width: 1024px) 100vw, 1024px\" \/><\/p>\n<h3><img loading=\"lazy\" class=\"aligncenter size-large wp-image-42606\" src=\"https:\/\/depto51.cl\/blog\/wp-content\/uploads\/2019\/02\/DSC7637-683x1024.jpg\" alt=\"\" width=\"683\" height=\"1024\" srcset=\"https:\/\/depto51.cl\/blog\/wp-content\/uploads\/2019\/02\/DSC7637-683x1024.jpg 683w, https:\/\/depto51.cl\/blog\/wp-content\/uploads\/2019\/02\/DSC7637-333x500.jpg 333w, https:\/\/depto51.cl\/blog\/wp-content\/uploads\/2019\/02\/DSC7637-768x1152.jpg 768w, https:\/\/depto51.cl\/blog\/wp-content\/uploads\/2019\/02\/DSC7637.jpg 1500w\" sizes=\"(max-width: 683px) 100vw, 683px\" \/><\/h3>\n<h3>\u00bfDe d\u00f3nde son las cosas que tienen?<\/h3>\n<p>Nos encantan los peque\u00f1os detalles dentro de la casa, para lograr que cada espacio sorprenda. Por lo general traemos cosas de nuestros viajes, donde buscamos ferias de pulgas o los barrios de dise\u00f1o. La mayor\u00eda de nuestras cosas son de Alemania, Holanda, Dinamarca, Per\u00fa y Chile. Nos gusta mucho el dise\u00f1o local, visitamos muchas ferias de dise\u00f1o, ilustraci\u00f3n y arte. Nuestra marca favorita de dise\u00f1o es <a href=\"https:\/\/hay.dk\/en\/country-selector\">HAY<\/a> ya que mezcla la mano de distintos dise\u00f1adores, bajo una curator\u00eda contempor\u00e1nea y fresca.<\/p>\n<p>Tambi\u00e9n varios muebles de la casa son heredados de nuestras familias los cuales restauramos y adecuamos para nosotros.<\/p>\n<p><img loading=\"lazy\" class=\"aligncenter size-large wp-image-42620\" src=\"https:\/\/depto51.cl\/blog\/wp-content\/uploads\/2019\/02\/DSC7680-1024x683.jpg\" alt=\"\" width=\"1024\" height=\"683\" srcset=\"https:\/\/depto51.cl\/blog\/wp-content\/uploads\/2019\/02\/DSC7680-1024x683.jpg 1024w, https:\/\/depto51.cl\/blog\/wp-content\/uploads\/2019\/02\/DSC7680-500x333.jpg 500w, https:\/\/depto51.cl\/blog\/wp-content\/uploads\/2019\/02\/DSC7680-768x512.jpg 768w, https:\/\/depto51.cl\/blog\/wp-content\/uploads\/2019\/02\/DSC7680.jpg 1500w\" sizes=\"(max-width: 1024px) 100vw, 1024px\" \/><\/p>\n<p><img loading=\"lazy\" class=\"aligncenter size-large wp-image-42619\" src=\"https:\/\/depto51.cl\/blog\/wp-content\/uploads\/2019\/02\/DSC7673-1024x683.jpg\" alt=\"\" width=\"1024\" height=\"683\" srcset=\"https:\/\/depto51.cl\/blog\/wp-content\/uploads\/2019\/02\/DSC7673-1024x683.jpg 1024w, https:\/\/depto51.cl\/blog\/wp-content\/uploads\/2019\/02\/DSC7673-500x333.jpg 500w, https:\/\/depto51.cl\/blog\/wp-content\/uploads\/2019\/02\/DSC7673-768x512.jpg 768w, https:\/\/depto51.cl\/blog\/wp-content\/uploads\/2019\/02\/DSC7673.jpg 1500w\" sizes=\"(max-width: 1024px) 100vw, 1024px\" \/><\/p>\n<p><img loading=\"lazy\" class=\"aligncenter size-large wp-image-42625\" src=\"https:\/\/depto51.cl\/blog\/wp-content\/uploads\/2019\/02\/DSC7656-1-1024x768.jpg\" alt=\"\" width=\"1024\" height=\"768\" srcset=\"https:\/\/depto51.cl\/blog\/wp-content\/uploads\/2019\/02\/DSC7656-1-1024x768.jpg 1024w, https:\/\/depto51.cl\/blog\/wp-content\/uploads\/2019\/02\/DSC7656-1-500x375.jpg 500w, https:\/\/depto51.cl\/blog\/wp-content\/uploads\/2019\/02\/DSC7656-1-768x576.jpg 768w\" sizes=\"(max-width: 1024px) 100vw, 1024px\" \/><\/p>\n<h3>\u00bfCu\u00e1l es su lugar favorito?<\/h3>\n<p>Nuestro departamento solo cuenta con 4 espacios, por lo tanto decoramos los 4 para sentirnos a gusto todo el tiempo.<\/p>\n<p>En el living comedor nos preocupamos de tener varios espacios donde sentarse de manera c\u00f3moda, el sill\u00f3n es lo m\u00e1ximo para dormir siesta, fue heredado por nuestra familia. Tambi\u00e9n nos encantan las plantas! Recorremos varios viveros de Santiago, nuestro favorito es el vivero de Damian en Barrio Italia <a href=\"http:\/\/www.instagram.com\/damgarden\">@damgarden<\/a>. Buscando plantas grandes que nos den la sensaci\u00f3n de estar en un constante relajo tropical y desconectarnos del ruido de la ciudad, las tenemos distribuidas por TODA la casa, son varias.<\/p>\n<p>Nos gusta mucho invitar amigos a cenar. Por lo tanto la mesa tambi\u00e9n cuenta como lugar favorito. Pensamos en una mesa redonda para estar todos m\u00e1s conectados y de manera c\u00f3moda, por esto escogimos la Tulip de m\u00e1rmol blanco.<\/p>\n<p>El dormitorio es uno de los espacios m\u00e1s amplios de la casa y nuestro lugar de descanso, por lo tanto no lo saturamos de cosas. Los protagonistas son nuestra cama, el arte (los cuadros son de: <a href=\"http:\/\/www.instagram.com\/alzzio\">Alzzio<\/a>, <a href=\"http:\/\/www.instagram.com\/josearoda\">Roda<\/a>, <a href=\"http:\/\/www.instagram.com\/mariacolorina\">Mariacolorina<\/a>\u00a0y la bella ilustraci\u00f3n de nosotros de <a href=\"http:\/\/www.instagram.com\/contiky\">Conty<\/a>) y nuestro espejo de cuerpo completo de <a href=\"http:\/\/www.instagram.com\/roble220\">Roble 220<\/a>. Dentro de la habitaci\u00f3n se encuentra un escritorio de trabajo, ya que Andr\u00e9s trabaja home office. Y el espacio de Rolly donde est\u00e1 su cama y caja de juguetes.<\/p>\n<p><img loading=\"lazy\" class=\"aligncenter size-large wp-image-42596\" src=\"https:\/\/depto51.cl\/blog\/wp-content\/uploads\/2019\/02\/DSC7600-1024x683.jpg\" alt=\"\" width=\"1024\" height=\"683\" srcset=\"https:\/\/depto51.cl\/blog\/wp-content\/uploads\/2019\/02\/DSC7600-1024x683.jpg 1024w, https:\/\/depto51.cl\/blog\/wp-content\/uploads\/2019\/02\/DSC7600-500x333.jpg 500w, https:\/\/depto51.cl\/blog\/wp-content\/uploads\/2019\/02\/DSC7600-768x512.jpg 768w, https:\/\/depto51.cl\/blog\/wp-content\/uploads\/2019\/02\/DSC7600.jpg 1500w\" sizes=\"(max-width: 1024px) 100vw, 1024px\" \/><\/p>\n<p><img loading=\"lazy\" class=\"aligncenter size-large wp-image-42626\" src=\"https:\/\/depto51.cl\/blog\/wp-content\/uploads\/2019\/02\/DSC7666-1-1024x768.jpg\" alt=\"\" width=\"1024\" height=\"768\" srcset=\"https:\/\/depto51.cl\/blog\/wp-content\/uploads\/2019\/02\/DSC7666-1-1024x768.jpg 1024w, https:\/\/depto51.cl\/blog\/wp-content\/uploads\/2019\/02\/DSC7666-1-500x375.jpg 500w, https:\/\/depto51.cl\/blog\/wp-content\/uploads\/2019\/02\/DSC7666-1-768x576.jpg 768w\" sizes=\"(max-width: 1024px) 100vw, 1024px\" \/><\/p>\n<p><img loading=\"lazy\" class=\"aligncenter size-large wp-image-42597\" src=\"https:\/\/depto51.cl\/blog\/wp-content\/uploads\/2019\/02\/DSC7607-683x1024.jpg\" alt=\"\" width=\"683\" height=\"1024\" srcset=\"https:\/\/depto51.cl\/blog\/wp-content\/uploads\/2019\/02\/DSC7607-683x1024.jpg 683w, https:\/\/depto51.cl\/blog\/wp-content\/uploads\/2019\/02\/DSC7607-333x500.jpg 333w, https:\/\/depto51.cl\/blog\/wp-content\/uploads\/2019\/02\/DSC7607-768x1152.jpg 768w, https:\/\/depto51.cl\/blog\/wp-content\/uploads\/2019\/02\/DSC7607.jpg 1500w\" sizes=\"(max-width: 683px) 100vw, 683px\" \/><\/p>\n<h3>\u00bfQu\u00e9 es lo que m\u00e1s les gusta hacer en su casa?<\/h3>\n<p>Para nosotros nuestra casa de verdad es un refugio, gracias a su doble orientaci\u00f3n el departamento cuenta con una luz s\u00faper agradable y una temperatura muy rica tanto en invierno y verano. Por lo tanto nos es agradable pasar mucho tiempo en casa. Nos gusta cocinar tanto para nosotros o cenas con amigos. Escuchar m\u00fasica y tendernos en el piso o sof\u00e1 mirando las plantas desde abajo.<\/p>\n<p><img loading=\"lazy\" class=\"aligncenter size-large wp-image-42595\" src=\"https:\/\/depto51.cl\/blog\/wp-content\/uploads\/2019\/02\/DSC7587-1024x683.jpg\" alt=\"\" width=\"1024\" height=\"683\" srcset=\"https:\/\/depto51.cl\/blog\/wp-content\/uploads\/2019\/02\/DSC7587-1024x683.jpg 1024w, https:\/\/depto51.cl\/blog\/wp-content\/uploads\/2019\/02\/DSC7587-500x333.jpg 500w, https:\/\/depto51.cl\/blog\/wp-content\/uploads\/2019\/02\/DSC7587-768x512.jpg 768w, https:\/\/depto51.cl\/blog\/wp-content\/uploads\/2019\/02\/DSC7587.jpg 1500w\" sizes=\"(max-width: 1024px) 100vw, 1024px\" \/><\/p>\n<p><img loading=\"lazy\" class=\"aligncenter size-large wp-image-42612\" src=\"https:\/\/depto51.cl\/blog\/wp-content\/uploads\/2019\/02\/DSC7660-1024x683.jpg\" alt=\"\" width=\"1024\" height=\"683\" srcset=\"https:\/\/depto51.cl\/blog\/wp-content\/uploads\/2019\/02\/DSC7660-1024x683.jpg 1024w, https:\/\/depto51.cl\/blog\/wp-content\/uploads\/2019\/02\/DSC7660-500x333.jpg 500w, https:\/\/depto51.cl\/blog\/wp-content\/uploads\/2019\/02\/DSC7660-768x512.jpg 768w, https:\/\/depto51.cl\/blog\/wp-content\/uploads\/2019\/02\/DSC7660.jpg 1500w\" sizes=\"(max-width: 1024px) 100vw, 1024px\" \/><\/p>\n<h3>Cu\u00e9ntennos sobre sus trabajos y proyectos<\/h3>\n<p><strong>Crist\u00f3bal:<\/strong> Hace dos a\u00f1os forme con un amigo un estudio de dise\u00f1o llamado <a href=\"http:\/\/www.instagram.com\/aa.estudio\">AA estudio<\/a>. Nos dedicamos al branding y dise\u00f1o editorial, con enfoque en el arte y la cultura. Trabajamos con la feria de arte FAXXI, Festival Chile Jazz, la Corporaci\u00f3n Cultural de la C\u00e1mara Chilena de la Construcci\u00f3n (CChC) y varios artistas chilenos. Desde el a\u00f1o pasado compartimos oficina con SEE Studio, una oficina de dise\u00f1o de interiores con enfoque en hoteles y restoranes, lo cual nos ha servido mucho para trabajar proyectos en conjunto, ayudando en los procesos creativos.<\/p>\n<p>Desde el a\u00f1o pasado soy profesor adjunto de un Taller de Dise\u00f1o Gr\u00e1fico en la UDP. Me encanta hacer clases y estar en constante aprendizaje de la escuela como de los estudiantes.<\/p>\n<p><strong>Andr\u00e9s:<\/strong> Desde el a\u00f1o pasado decid\u00ed independizarme, y me dedico al 100% a las remodelaciones particulares, me encanta tomar proyectos sobretodo antiguos y renovar cocinas y ba\u00f1os, en donde el contraste de lo antiguo y lo moderno, siempre respetando la arquitectura original, da un toque \u00fanico y contempor\u00e1neo.<br \/>\nAdem\u00e1s trabajo como corredor de propiedades con una amiga en donde seleccionamos las propiedades por sus cualidades y atributos espec\u00edficos ya sean arquitect\u00f3nicos, del barrio o su ubicaci\u00f3n. La mayor\u00eda de las veces buscamos la propiedad para el cliente, m\u00e1s que lo que el mercado ofrece. Entre estas dos cosas me mantengo bastante ocupado y muy entretenido.<\/p>\n<p><img loading=\"lazy\" class=\"aligncenter size-large wp-image-42605\" src=\"https:\/\/depto51.cl\/blog\/wp-content\/uploads\/2019\/02\/DSC7634-1024x683.jpg\" alt=\"\" width=\"1024\" height=\"683\" srcset=\"https:\/\/depto51.cl\/blog\/wp-content\/uploads\/2019\/02\/DSC7634-1024x683.jpg 1024w, https:\/\/depto51.cl\/blog\/wp-content\/uploads\/2019\/02\/DSC7634-500x333.jpg 500w, https:\/\/depto51.cl\/blog\/wp-content\/uploads\/2019\/02\/DSC7634-768x512.jpg 768w, https:\/\/depto51.cl\/blog\/wp-content\/uploads\/2019\/02\/DSC7634.jpg 1500w\" sizes=\"(max-width: 1024px) 100vw, 1024px\" \/><\/p>\n","protected":false},"excerpt":{"rendered":"<p>No s\u00e9 si ustedes saben esto, pero la mayor\u00eda de las casas que fotografiamos en nuestros Home Tours no las conocemos desde antes. Vamos realmente \u00aba ciegas\u00bb a fotografiar espacios que creemos que ser\u00e1n incre\u00edbles porque las personas que viven ah\u00ed son creativas e interesantes. Del depto de Crist\u00f3bal y Andr\u00e9s no sab\u00edamos realmente nada&#8230;<\/p>\n","protected":false},"author":1,"featured_media":42598,"comment_status":"open","ping_status":"open","sticky":false,"template":"","format":"standard","meta":[],"categories":[11],"tags":[],"acf":[],"_links":{"self":[{"href":"https:\/\/depto51.cl\/blog\/wp-json\/wp\/v2\/posts\/42592"}],"collection":[{"href":"https:\/\/depto51.cl\/blog\/wp-json\/wp\/v2\/posts"}],"about":[{"href":"https:\/\/depto51.cl\/blog\/wp-json\/wp\/v2\/types\/post"}],"author":[{"embeddable":true,"href":"https:\/\/depto51.cl\/blog\/wp-json\/wp\/v2\/users\/1"}],"replies":[{"embeddable":true,"href":"https:\/\/depto51.cl\/blog\/wp-json\/wp\/v2\/comments?post=42592"}],"version-history":[{"count":1,"href":"https:\/\/depto51.cl\/blog\/wp-json\/wp\/v2\/posts\/42592\/revisions"}],"predecessor-version":[{"id":43722,"href":"https:\/\/depto51.cl\/blog\/wp-json\/wp\/v2\/posts\/42592\/revisions\/43722"}],"wp:featuredmedia":[{"embeddable":true,"href":"https:\/\/depto51.cl\/blog\/wp-json\/wp\/v2\/media\/42598"}],"wp:attachment":[{"href":"https:\/\/depto51.cl\/blog\/wp-json\/wp\/v2\/media?parent=42592"}],"wp:term":[{"taxonomy":"category","embeddable":true,"href":"https:\/\/depto51.cl\/blog\/wp-json\/wp\/v2\/categories?post=42592"},{"taxonomy":"post_tag","embeddable":true,"href":"https:\/\/depto51.cl\/blog\/wp-json\/wp\/v2\/tags?post=42592"}],"curies":[{"name":"wp","href":"https:\/\/api.w.org\/{rel}","templated":true}]}}