

{"id":42390,"date":"2018-12-13T18:07:18","date_gmt":"2018-12-13T22:07:18","guid":{"rendered":"https:\/\/depto51.cl\/blog\/?p=42390"},"modified":"2018-12-14T08:24:54","modified_gmt":"2018-12-14T12:24:54","slug":"8-maneras-de-lucir-el-pantone-2019-living-coral-en-tu-casa","status":"publish","type":"post","link":"https:\/\/depto51.cl\/blog\/2018\/12\/13\/8-maneras-de-lucir-el-pantone-2019-living-coral-en-tu-casa\/","title":{"rendered":"8 maneras de lucir el color Pantone 2019, living coral, en tu casa"},"content":{"rendered":"<p>Adios Ultra Violeta, fuiste bueno, pero no ser\u00e1s mejor que Living Coral. <strong>Pantone<\/strong> dio a conocer el fuerte y alegre color del a\u00f1o <strong>2019<\/strong>. El c\u00e1lido color naranja durazno, inspirado en los arrecifes de coral, es exactamente la dosis de optimismo que necesitamos. Ya sabemos que podemos esperar un aumento de los tonos corales en el dise\u00f1o interior, la moda e incluso las tendencias tecnol\u00f3gicas en el pr\u00f3ximo a\u00f1o.<\/p>\n<p>Aqu\u00ed te mostramos algunas de las tendencias en decoraci\u00f3n que se vendr\u00e1n el <strong>2019<\/strong>.<\/p>\n<p><img loading=\"lazy\" class=\"aligncenter size-full wp-image-42392\" src=\"https:\/\/depto51.cl\/blog\/wp-content\/uploads\/2018\/12\/Captura-de-pantalla-2018-12-13-a-las-5.00.14-p.m..png\" alt=\"\" width=\"678\" height=\"415\" srcset=\"https:\/\/depto51.cl\/blog\/wp-content\/uploads\/2018\/12\/Captura-de-pantalla-2018-12-13-a-las-5.00.14-p.m..png 678w, https:\/\/depto51.cl\/blog\/wp-content\/uploads\/2018\/12\/Captura-de-pantalla-2018-12-13-a-las-5.00.14-p.m.-500x306.png 500w\" sizes=\"(max-width: 678px) 100vw, 678px\" \/><\/p>\n<h2>Desde la entrada,<\/h2>\n<p>Existen algunos aficionados de lo que dicta Pantone a\u00f1o a a\u00f1o, y se lo toman en serio. Desde la entrada de su casa, hasta quien sabe donde.<\/p>\n<p><img loading=\"lazy\" class=\"aligncenter wp-image-42394 \" src=\"https:\/\/depto51.cl\/blog\/wp-content\/uploads\/2018\/12\/04823c4bba8e02c5bf300b23aba6c596.jpg\" alt=\"\" width=\"501\" height=\"693\" srcset=\"https:\/\/depto51.cl\/blog\/wp-content\/uploads\/2018\/12\/04823c4bba8e02c5bf300b23aba6c596.jpg 564w, https:\/\/depto51.cl\/blog\/wp-content\/uploads\/2018\/12\/04823c4bba8e02c5bf300b23aba6c596-362x500.jpg 362w\" sizes=\"(max-width: 501px) 100vw, 501px\" \/><\/p>\n<p><img loading=\"lazy\" class=\"aligncenter  wp-image-42395\" src=\"https:\/\/depto51.cl\/blog\/wp-content\/uploads\/2018\/12\/a1cdad18a935af22e7d48ee3068dd9b9.jpg\" alt=\"\" width=\"499\" height=\"499\" srcset=\"https:\/\/depto51.cl\/blog\/wp-content\/uploads\/2018\/12\/a1cdad18a935af22e7d48ee3068dd9b9.jpg 564w, https:\/\/depto51.cl\/blog\/wp-content\/uploads\/2018\/12\/a1cdad18a935af22e7d48ee3068dd9b9-500x500.jpg 500w, https:\/\/depto51.cl\/blog\/wp-content\/uploads\/2018\/12\/a1cdad18a935af22e7d48ee3068dd9b9-150x150.jpg 150w\" sizes=\"(max-width: 499px) 100vw, 499px\" \/><\/p>\n<h2>Pasando por el living&#8230;<\/h2>\n<p>Ju\u00e9gatela con un sof\u00e1 color coral, te aseguro que mal no te ir\u00e1, y si tus invitados no lo entienden, que m\u00e1s da, a ti te encantar\u00e1.<\/p>\n<p><img loading=\"lazy\" class=\"aligncenter wp-image-42397 \" src=\"https:\/\/depto51.cl\/blog\/wp-content\/uploads\/2018\/12\/Captura-de-pantalla-2018-12-13-a-las-5.43.28-p.m..png\" alt=\"\" width=\"500\" height=\"320\" srcset=\"https:\/\/depto51.cl\/blog\/wp-content\/uploads\/2018\/12\/Captura-de-pantalla-2018-12-13-a-las-5.43.28-p.m..png 601w, https:\/\/depto51.cl\/blog\/wp-content\/uploads\/2018\/12\/Captura-de-pantalla-2018-12-13-a-las-5.43.28-p.m.-500x320.png 500w\" sizes=\"(max-width: 500px) 100vw, 500px\" \/><\/p>\n<p><img loading=\"lazy\" class=\"aligncenter wp-image-42403 \" src=\"https:\/\/depto51.cl\/blog\/wp-content\/uploads\/2018\/12\/Captura-de-pantalla-2018-12-13-a-las-6.22.01-p.m..png\" alt=\"\" width=\"501\" height=\"534\" srcset=\"https:\/\/depto51.cl\/blog\/wp-content\/uploads\/2018\/12\/Captura-de-pantalla-2018-12-13-a-las-6.22.01-p.m..png 554w, https:\/\/depto51.cl\/blog\/wp-content\/uploads\/2018\/12\/Captura-de-pantalla-2018-12-13-a-las-6.22.01-p.m.-469x500.png 469w\" sizes=\"(max-width: 501px) 100vw, 501px\" \/><\/p>\n<h2>Tambi\u00e9n por tu dormitorio,<\/h2>\n<p>Basta ya de esos colores crudos y pasteles en tu pieza, an\u00edmate todas las ma\u00f1anas viendo este esplendoroso y magn\u00edfico color tra\u00eddo desde el mar.<\/p>\n<p><img loading=\"lazy\" class=\"aligncenter wp-image-42400 \" src=\"https:\/\/depto51.cl\/blog\/wp-content\/uploads\/2018\/12\/b490ea477ab998186ee90e1a10a4e676.jpg\" alt=\"\" width=\"502\" height=\"753\" srcset=\"https:\/\/depto51.cl\/blog\/wp-content\/uploads\/2018\/12\/b490ea477ab998186ee90e1a10a4e676.jpg 564w, https:\/\/depto51.cl\/blog\/wp-content\/uploads\/2018\/12\/b490ea477ab998186ee90e1a10a4e676-333x500.jpg 333w\" sizes=\"(max-width: 502px) 100vw, 502px\" \/><\/p>\n<p><img loading=\"lazy\" class=\"aligncenter  wp-image-42401\" src=\"https:\/\/depto51.cl\/blog\/wp-content\/uploads\/2018\/12\/f45f0db3ac2557064166025c9e6c3a61.jpg\" alt=\"\" width=\"500\" height=\"469\" srcset=\"https:\/\/depto51.cl\/blog\/wp-content\/uploads\/2018\/12\/f45f0db3ac2557064166025c9e6c3a61.jpg 564w, https:\/\/depto51.cl\/blog\/wp-content\/uploads\/2018\/12\/f45f0db3ac2557064166025c9e6c3a61-500x469.jpg 500w\" sizes=\"(max-width: 500px) 100vw, 500px\" \/><\/p>\n<h2>Hasta en tu ba\u00f1o!<\/h2>\n<p>Tu ba\u00f1o es algo \u00edntimo y muy personal, por lo tanto lo tienes que amar. Si te gust\u00f3 lo que Pantone eligi\u00f3 para nosotros el 2019, entonces da una pincelada a esa pared de tu ba\u00f1o que no sabes c\u00f3mo decorar o agrega accesorios corales.<\/p>\n<p><img loading=\"lazy\" class=\"aligncenter wp-image-42402 \" src=\"https:\/\/depto51.cl\/blog\/wp-content\/uploads\/2018\/12\/Captura-de-pantalla-2018-12-13-a-las-6.10.47-p.m..png\" alt=\"\" width=\"502\" height=\"633\" srcset=\"https:\/\/depto51.cl\/blog\/wp-content\/uploads\/2018\/12\/Captura-de-pantalla-2018-12-13-a-las-6.10.47-p.m..png 476w, https:\/\/depto51.cl\/blog\/wp-content\/uploads\/2018\/12\/Captura-de-pantalla-2018-12-13-a-las-6.10.47-p.m.-397x500.png 397w\" sizes=\"(max-width: 502px) 100vw, 502px\" \/><\/p>\n<p><img loading=\"lazy\" class=\"aligncenter wp-image-42404 \" src=\"https:\/\/depto51.cl\/blog\/wp-content\/uploads\/2018\/12\/Captura-de-pantalla-2018-12-13-a-las-6.25.24-p.m..png\" alt=\"\" width=\"502\" height=\"487\" srcset=\"https:\/\/depto51.cl\/blog\/wp-content\/uploads\/2018\/12\/Captura-de-pantalla-2018-12-13-a-las-6.25.24-p.m..png 595w, https:\/\/depto51.cl\/blog\/wp-content\/uploads\/2018\/12\/Captura-de-pantalla-2018-12-13-a-las-6.25.24-p.m.-500x485.png 500w\" sizes=\"(max-width: 502px) 100vw, 502px\" \/><\/p>\n<p>https:\/\/www.instagram.com\/p\/BrVK_xmFLAW\/<\/p>\n<p>https:\/\/www.instagram.com\/p\/BrB7lRBgqv8\/<\/p>\n","protected":false},"excerpt":{"rendered":"<p>Adios Ultra Violeta, fuiste bueno, pero no ser\u00e1s mejor que Living Coral. Pantone dio a conocer el fuerte y alegre color del a\u00f1o 2019. El c\u00e1lido color naranja durazno, inspirado en los arrecifes de coral, es exactamente la dosis de optimismo que necesitamos. Ya sabemos que podemos esperar un aumento de los tonos corales en&#8230;<\/p>\n","protected":false},"author":16412,"featured_media":42400,"comment_status":"open","ping_status":"open","sticky":false,"template":"","format":"standard","meta":[],"categories":[1],"tags":[],"acf":[],"_links":{"self":[{"href":"https:\/\/depto51.cl\/blog\/wp-json\/wp\/v2\/posts\/42390"}],"collection":[{"href":"https:\/\/depto51.cl\/blog\/wp-json\/wp\/v2\/posts"}],"about":[{"href":"https:\/\/depto51.cl\/blog\/wp-json\/wp\/v2\/types\/post"}],"author":[{"embeddable":true,"href":"https:\/\/depto51.cl\/blog\/wp-json\/wp\/v2\/users\/16412"}],"replies":[{"embeddable":true,"href":"https:\/\/depto51.cl\/blog\/wp-json\/wp\/v2\/comments?post=42390"}],"version-history":[{"count":0,"href":"https:\/\/depto51.cl\/blog\/wp-json\/wp\/v2\/posts\/42390\/revisions"}],"wp:featuredmedia":[{"embeddable":true,"href":"https:\/\/depto51.cl\/blog\/wp-json\/wp\/v2\/media\/42400"}],"wp:attachment":[{"href":"https:\/\/depto51.cl\/blog\/wp-json\/wp\/v2\/media?parent=42390"}],"wp:term":[{"taxonomy":"category","embeddable":true,"href":"https:\/\/depto51.cl\/blog\/wp-json\/wp\/v2\/categories?post=42390"},{"taxonomy":"post_tag","embeddable":true,"href":"https:\/\/depto51.cl\/blog\/wp-json\/wp\/v2\/tags?post=42390"}],"curies":[{"name":"wp","href":"https:\/\/api.w.org\/{rel}","templated":true}]}}