

{"id":42035,"date":"2018-10-25T11:31:53","date_gmt":"2018-10-25T15:31:53","guid":{"rendered":"https:\/\/depto51.cl\/blog\/?p=42035"},"modified":"2019-01-17T11:51:34","modified_gmt":"2019-01-17T15:51:34","slug":"josefina-petrinovic-artista-visual-y-decoradora","status":"publish","type":"post","link":"https:\/\/depto51.cl\/blog\/2018\/10\/25\/josefina-petrinovic-artista-visual-y-decoradora\/","title":{"rendered":"Josefina Petrinovic, artista visual y directora de arte"},"content":{"rendered":"<p><a href=\"https:\/\/www.instagram.com\/josefinapetrinovic\/\">Josefina Petrinovic<\/a> est\u00e1 en nuestro top 10 de personas con buen gusto en Chile (es un ranking ultra secreto que nunca revelaremos al p\u00fablico ?) Todas las producciones en las que ella est\u00e1 involucrada son limpias, luminosas, con una buena dosis de objetos vintage y con colores atrevidos. Como sospech\u00e1bamos, en su casa, estas caracter\u00edsticas se repiten. Empezando por un deslumbrante sof\u00e1 rosado, pasando por una colecci\u00f3n de retratos masculinos y terminando con un comedor sacado de revista. Y es que la ex socia y fundadora de <a href=\"http:\/\/www.thedecojournal.com\">The Deco Journal<\/a> lleva el arte y la decoraci\u00f3n en las venas, por eso hoy se dedica por completo a su estudio de direcci\u00f3n de arte y brand styling. Los invitamos a recorrer su depto y a conocer a su hermoso gato Nicanor.<\/p>\n<p>Fotos: <a href=\"http:\/\/www.sebagonzalez.cc\">Sebasti\u00e1n Gonz\u00e1lez<\/a><\/p>\n<p><img loading=\"lazy\" class=\"aligncenter size-large wp-image-42060\" src=\"https:\/\/depto51.cl\/blog\/wp-content\/uploads\/2018\/10\/jp-portada-1024x768.jpg\" alt=\"\" width=\"1024\" height=\"768\" srcset=\"https:\/\/depto51.cl\/blog\/wp-content\/uploads\/2018\/10\/jp-portada-1024x768.jpg 1024w, https:\/\/depto51.cl\/blog\/wp-content\/uploads\/2018\/10\/jp-portada-500x375.jpg 500w, https:\/\/depto51.cl\/blog\/wp-content\/uploads\/2018\/10\/jp-portada-768x576.jpg 768w, https:\/\/depto51.cl\/blog\/wp-content\/uploads\/2018\/10\/jp-portada.jpg 2000w\" sizes=\"(max-width: 1024px) 100vw, 1024px\" \/><\/p>\n<h3>\u00bfC\u00f3mo llegaste y por qu\u00e9 elegiste este depto?<\/h3>\n<p>Por que me encantaba El Barrio, siempre quise vivir aqu\u00ed, frente al parque bicentenario, lleno de cafecitos y tiendas. Por qu\u00e9 se puede hacer todo a pata y despu\u00e9s de mucho buscar llegue a este departamento que cumpl\u00eda con varios de mis requisitos, como buena luz y un patio interior para Nicanor (est\u00e1 en primer piso).<\/p>\n<h3>\u00bfQu\u00e9 nombre le pondr\u00edas al estilo en que la decoraste?<\/h3>\n<p>No se si tiene nombre, es m\u00e1s bien ecl\u00e9ctico pero con un giro hacia lo natural. Me interesaba volver a lo esencial con materiales nobles, mucha madera, Lino, fibras, cer\u00e1mica gres.<\/p>\n<p><img loading=\"lazy\" class=\"aligncenter size-large wp-image-42053\" src=\"https:\/\/depto51.cl\/blog\/wp-content\/uploads\/2018\/10\/JP02-1-1024x768.jpg\" alt=\"\" width=\"1024\" height=\"768\" srcset=\"https:\/\/depto51.cl\/blog\/wp-content\/uploads\/2018\/10\/JP02-1-1024x768.jpg 1024w, https:\/\/depto51.cl\/blog\/wp-content\/uploads\/2018\/10\/JP02-1-500x375.jpg 500w, https:\/\/depto51.cl\/blog\/wp-content\/uploads\/2018\/10\/JP02-1-768x576.jpg 768w, https:\/\/depto51.cl\/blog\/wp-content\/uploads\/2018\/10\/JP02-1.jpg 1500w\" sizes=\"(max-width: 1024px) 100vw, 1024px\" \/><\/p>\n<p><img loading=\"lazy\" class=\"size-full wp-image-42048 aligncenter\" src=\"https:\/\/depto51.cl\/blog\/wp-content\/uploads\/2018\/10\/JP-017.jpg\" alt=\"\" width=\"600\" height=\"900\" srcset=\"https:\/\/depto51.cl\/blog\/wp-content\/uploads\/2018\/10\/JP-017.jpg 600w, https:\/\/depto51.cl\/blog\/wp-content\/uploads\/2018\/10\/JP-017-333x500.jpg 333w\" sizes=\"(max-width: 600px) 100vw, 600px\" \/><\/p>\n<h3>\u00bfDe d\u00f3nde son las cosas que tienes?<\/h3>\n<p>Tengo en su mayor\u00eda muebles que mand\u00e9 a hacer, desde la mesa del comedor, los sof\u00e1s, mesa de centro, arrimos, veladores, etc. Todos con dise\u00f1adores nacionales que la llevan como <a href=\"http:\/\/qunuq.cl\/\">Qunuq<\/a>, la Anita de <a href=\"https:\/\/www.viejozorrodiseno.com\/\">Viejo Zorro<\/a>, <a href=\"http:\/\/blom.cl\/\">Blom<\/a> Muebles. Hay otras cosas que hice yo, como los cuadros del comedor y la l\u00e1mpara de \u00f1ocha que fue un canasto que compre en Chilo\u00e9. Tambi\u00e9n me obsesion\u00e9 con los retratos al \u00f3leo de hombres, despu\u00e9s de ver la pel\u00edcula italiana The Best Offer. Comenc\u00e9 mi propia y humilde colecci\u00f3n, con retratos de mi abuelo, un \u00f3leo de Judith Alpi y otros que he ido adquiriendo con el tiempo.<\/p>\n<h3><img loading=\"lazy\" class=\"aligncenter size-full wp-image-42054\" src=\"https:\/\/depto51.cl\/blog\/wp-content\/uploads\/2018\/10\/josepetrinovic.jpg\" alt=\"\" width=\"1000\" height=\"667\" srcset=\"https:\/\/depto51.cl\/blog\/wp-content\/uploads\/2018\/10\/josepetrinovic.jpg 1000w, https:\/\/depto51.cl\/blog\/wp-content\/uploads\/2018\/10\/josepetrinovic-500x334.jpg 500w, https:\/\/depto51.cl\/blog\/wp-content\/uploads\/2018\/10\/josepetrinovic-768x512.jpg 768w\" sizes=\"(max-width: 1000px) 100vw, 1000px\" \/><\/h3>\n<h3>\u00bfCu\u00e1l es tu lugar favorito de la casa?<\/h3>\n<p>El comedor, adoro la historia que hay detr\u00e1s, desde que mand\u00e9 a hacer la mesa r\u00e9plica de una cl\u00e1sica mesa de campo chilena y luego la b\u00fasqueda de las sillas Vienna que ten\u00edan que ser antiguas. San Persa BioBio me ayudo a conseguirlas!<\/p>\n<p><img loading=\"lazy\" class=\"aligncenter size-large wp-image-42046\" src=\"https:\/\/depto51.cl\/blog\/wp-content\/uploads\/2018\/10\/jp04-1024x768.jpg\" alt=\"\" width=\"1024\" height=\"768\" srcset=\"https:\/\/depto51.cl\/blog\/wp-content\/uploads\/2018\/10\/jp04-1024x768.jpg 1024w, https:\/\/depto51.cl\/blog\/wp-content\/uploads\/2018\/10\/jp04-500x375.jpg 500w, https:\/\/depto51.cl\/blog\/wp-content\/uploads\/2018\/10\/jp04-768x576.jpg 768w, https:\/\/depto51.cl\/blog\/wp-content\/uploads\/2018\/10\/jp04.jpg 1500w\" sizes=\"(max-width: 1024px) 100vw, 1024px\" \/><\/p>\n<h3>\u00bfQu\u00e9 es lo que m\u00e1s te gusta hacer en tu casa?<\/h3>\n<p>Me gusta estar con Nicanor, es nuestro lugar, es donde me siento completamente libre.<\/p>\n<p><img loading=\"lazy\" class=\"aligncenter size-large wp-image-42045\" src=\"https:\/\/depto51.cl\/blog\/wp-content\/uploads\/2018\/10\/JP03-1024x768.jpg\" alt=\"\" width=\"1024\" height=\"768\" srcset=\"https:\/\/depto51.cl\/blog\/wp-content\/uploads\/2018\/10\/JP03-1024x768.jpg 1024w, https:\/\/depto51.cl\/blog\/wp-content\/uploads\/2018\/10\/JP03-500x375.jpg 500w, https:\/\/depto51.cl\/blog\/wp-content\/uploads\/2018\/10\/JP03-768x576.jpg 768w, https:\/\/depto51.cl\/blog\/wp-content\/uploads\/2018\/10\/JP03.jpg 1500w\" sizes=\"(max-width: 1024px) 100vw, 1024px\" \/><\/p>\n<h3>Cu\u00e9ntanos sobre tus trabajos y proyectos<\/h3>\n<p>Pueden ver parte de mi trabajo en mi web <a href=\"http:\/\/www.josefinapetrinovic.com\">www.josefinapetrinovic.com<\/a> y tambi\u00e9n en mi Instagram <a href=\"https:\/\/www.instagram.com\/josefinapetrinovic\/\">@josefinapetrinovic<\/a>. Un poco del mundo editorial, hago colaboraciones con revistas de decoraci\u00f3n, styling para marcas, como cat\u00e1logos, fotos ambientas, v\u00eddeos, etc. Proyectos de decoraci\u00f3n para casas y deptos y asesor\u00edas de compra y estilo para marcas de dise\u00f1o y decoraci\u00f3n<\/p>\n<p><img loading=\"lazy\" class=\"size-full wp-image-42049 alignleft\" src=\"https:\/\/depto51.cl\/blog\/wp-content\/uploads\/2018\/10\/JP-023.jpg\" alt=\"\" width=\"600\" height=\"900\" srcset=\"https:\/\/depto51.cl\/blog\/wp-content\/uploads\/2018\/10\/JP-023.jpg 600w, https:\/\/depto51.cl\/blog\/wp-content\/uploads\/2018\/10\/JP-023-333x500.jpg 333w\" sizes=\"(max-width: 600px) 100vw, 600px\" \/><\/p>\n","protected":false},"excerpt":{"rendered":"<p>Josefina Petrinovic est\u00e1 en nuestro top 10 de personas con buen gusto en Chile (es un ranking ultra secreto que nunca revelaremos al p\u00fablico ?) Todas las producciones en las que ella est\u00e1 involucrada son limpias, luminosas, con una buena dosis de objetos vintage y con colores atrevidos. Como sospech\u00e1bamos, en su casa, estas caracter\u00edsticas&#8230;<\/p>\n","protected":false},"author":1,"featured_media":42060,"comment_status":"open","ping_status":"open","sticky":false,"template":"","format":"standard","meta":[],"categories":[11],"tags":[138],"acf":[],"_links":{"self":[{"href":"https:\/\/depto51.cl\/blog\/wp-json\/wp\/v2\/posts\/42035"}],"collection":[{"href":"https:\/\/depto51.cl\/blog\/wp-json\/wp\/v2\/posts"}],"about":[{"href":"https:\/\/depto51.cl\/blog\/wp-json\/wp\/v2\/types\/post"}],"author":[{"embeddable":true,"href":"https:\/\/depto51.cl\/blog\/wp-json\/wp\/v2\/users\/1"}],"replies":[{"embeddable":true,"href":"https:\/\/depto51.cl\/blog\/wp-json\/wp\/v2\/comments?post=42035"}],"version-history":[{"count":0,"href":"https:\/\/depto51.cl\/blog\/wp-json\/wp\/v2\/posts\/42035\/revisions"}],"wp:featuredmedia":[{"embeddable":true,"href":"https:\/\/depto51.cl\/blog\/wp-json\/wp\/v2\/media\/42060"}],"wp:attachment":[{"href":"https:\/\/depto51.cl\/blog\/wp-json\/wp\/v2\/media?parent=42035"}],"wp:term":[{"taxonomy":"category","embeddable":true,"href":"https:\/\/depto51.cl\/blog\/wp-json\/wp\/v2\/categories?post=42035"},{"taxonomy":"post_tag","embeddable":true,"href":"https:\/\/depto51.cl\/blog\/wp-json\/wp\/v2\/tags?post=42035"}],"curies":[{"name":"wp","href":"https:\/\/api.w.org\/{rel}","templated":true}]}}