

{"id":4195,"date":"2011-12-13T07:35:32","date_gmt":"2011-12-13T11:35:32","guid":{"rendered":"http:\/\/depto51.cl\/?p=4195"},"modified":"2012-05-24T13:04:21","modified_gmt":"2012-05-24T17:04:21","slug":"lampara-loft-de-jielde","status":"publish","type":"post","link":"https:\/\/depto51.cl\/blog\/2011\/12\/13\/lampara-loft-de-jielde\/","title":{"rendered":"L\u00e1mpara Loft de Jielde"},"content":{"rendered":"<p>A veces uno se topa con objetos que son tan bonitos, tan perfectos que uno empieza a obsesionarse un poco con ellos. Eso nos pas\u00f3 con esta l\u00e1mpara. La vimos en una tienda y no pudimos sac\u00e1rnosla de la cabeza (hasta que descubrimos cu\u00e1nto costaba). Pero como so\u00f1ar es gratis, ac\u00e1 va un poco de la historia de la l\u00e1mpara y muchas fotos para contagiarles la obsesi\u00f3n!<\/p>\n<p>A fines de 1940, Jean-Louis Domecq hizo el primer boceto de la l\u00e1mpara, cansado de no encontrar una que se adaptara a sus necesidades de mec\u00e1nico. Luego de varios ensayos y errores, el dise\u00f1o final fue terminado en abril de 1950 y respond\u00eda perfectamente a las caracter\u00edsticas que \u00e9l buscaba: simple, robusta y articulable como para adaptarse a cualquier estaci\u00f3n de trabajo. En 1953 Jean-Louis crea una empresa dedicada a la venta de esta l\u00e1mpara y decide ponerle de nombre sus tres iniciales: Ji eL D\u00e9.\u00a0 Desde ese entonces que la l\u00e1mpara nunca ha dejado de ser producida y hoy es considerada una pieza de colecci\u00f3n del dise\u00f1o industrial franc\u00e9s. De hecho, todas las l\u00e1mparas son numeradas y fabricadas en Lyon para mantenerlas como algo \u00fanico.<\/p>\n<p style=\"text-align:center;\"><a href=\"http:\/\/www.theselby.com\"><img loading=\"lazy\" class=\"aligncenter size-full wp-image-4196\" title=\"1\" src=\"http:\/\/depto51.files.wordpress.com\/2011\/12\/1_25_11_katsuyakamo53.jpg\" alt=\"\" width=\"640\" height=\"426\" \/><\/a><\/p>\n<p style=\"text-align:center;\"><a href=\"http:\/\/www.fromtherightbank.com\/\"><img loading=\"lazy\" class=\"aligncenter size-full wp-image-4200\" title=\"2\" src=\"http:\/\/depto51.files.wordpress.com\/2011\/12\/popwuping-www-fromtherightbank-com.jpg\" alt=\"\" width=\"450\" height=\"450\" \/><\/a><\/p>\n<p style=\"text-align:center;\"><a href=\"http:\/\/www.designsponge.com\/\"><img loading=\"lazy\" class=\"aligncenter size-full wp-image-4199\" title=\"3\" src=\"http:\/\/depto51.files.wordpress.com\/2011\/12\/owlet-hague-blue-ow2011-01-design-sponge.jpg\" alt=\"\" width=\"500\" height=\"750\" \/><\/a><\/p>\n<p style=\"text-align:center;\"><a href=\"http:\/\/www.apartmenttherapy.com\/\"><img loading=\"lazy\" class=\"aligncenter size-full wp-image-4197\" title=\"4\" src=\"http:\/\/depto51.files.wordpress.com\/2011\/12\/081811kathrynbentleyhousetour_11_rect640-apartment-therapy.jpg\" alt=\"\" width=\"426\" height=\"640\" \/><\/a><\/p>\n<p style=\"text-align:center;\"><a href=\"http:\/\/mescapricesbelges.blogspot.com\/\"><img loading=\"lazy\" class=\"aligncenter size-full wp-image-4198\" title=\"5\" src=\"http:\/\/depto51.files.wordpress.com\/2011\/12\/bless-room-lampara-jielde-mescapricesbelges-blogspot-com.jpg\" alt=\"\" width=\"433\" height=\"650\" \/><\/a><\/p>\n<p style=\"text-align:center;\"><a href=\"http:\/\/emmas.blogg.se\/\"><img loading=\"lazy\" class=\"aligncenter  wp-image-4226\" title=\"emmas design blog\" src=\"http:\/\/depto51.files.wordpress.com\/2011\/12\/emmas-design-blog.jpg\" alt=\"\" width=\"357\" height=\"476\" \/><\/a><a href=\"http:\/\/www.apartmenttherapy.com\"><img loading=\"lazy\" class=\"aligncenter size-full wp-image-4227\" title=\"apartment therapy\" src=\"http:\/\/depto51.files.wordpress.com\/2011\/12\/apartment-therapy1.jpg\" alt=\"\" width=\"405\" height=\"540\" \/><\/a><\/p>\n","protected":false},"excerpt":{"rendered":"<p>A veces uno se topa con objetos que son tan bonitos, tan perfectos que uno empieza a obsesionarse un poco con ellos. Eso nos pas\u00f3 con esta l\u00e1mpara. La vimos en una tienda y no pudimos sac\u00e1rnosla de la cabeza (hasta que descubrimos cu\u00e1nto costaba). Pero como so\u00f1ar es gratis, ac\u00e1 va un poco de&#8230;<\/p>\n","protected":false},"author":2,"featured_media":4196,"comment_status":"open","ping_status":"open","sticky":false,"template":"","format":"standard","meta":[],"categories":[13],"tags":[37,43,45],"acf":[],"_links":{"self":[{"href":"https:\/\/depto51.cl\/blog\/wp-json\/wp\/v2\/posts\/4195"}],"collection":[{"href":"https:\/\/depto51.cl\/blog\/wp-json\/wp\/v2\/posts"}],"about":[{"href":"https:\/\/depto51.cl\/blog\/wp-json\/wp\/v2\/types\/post"}],"author":[{"embeddable":true,"href":"https:\/\/depto51.cl\/blog\/wp-json\/wp\/v2\/users\/2"}],"replies":[{"embeddable":true,"href":"https:\/\/depto51.cl\/blog\/wp-json\/wp\/v2\/comments?post=4195"}],"version-history":[{"count":0,"href":"https:\/\/depto51.cl\/blog\/wp-json\/wp\/v2\/posts\/4195\/revisions"}],"wp:featuredmedia":[{"embeddable":true,"href":"https:\/\/depto51.cl\/blog\/wp-json\/"}],"wp:attachment":[{"href":"https:\/\/depto51.cl\/blog\/wp-json\/wp\/v2\/media?parent=4195"}],"wp:term":[{"taxonomy":"category","embeddable":true,"href":"https:\/\/depto51.cl\/blog\/wp-json\/wp\/v2\/categories?post=4195"},{"taxonomy":"post_tag","embeddable":true,"href":"https:\/\/depto51.cl\/blog\/wp-json\/wp\/v2\/tags?post=4195"}],"curies":[{"name":"wp","href":"https:\/\/api.w.org\/{rel}","templated":true}]}}