

{"id":41606,"date":"2018-08-29T11:47:49","date_gmt":"2018-08-29T15:47:49","guid":{"rendered":"https:\/\/depto51.cl\/blog\/?p=41606"},"modified":"2019-01-19T15:58:31","modified_gmt":"2019-01-19T19:58:31","slug":"organiza-todos-los-espacios-de-tu-casa-con-las-repisas-alza-sistema","status":"publish","type":"post","link":"https:\/\/depto51.cl\/blog\/2018\/08\/29\/organiza-todos-los-espacios-de-tu-casa-con-las-repisas-alza-sistema\/","title":{"rendered":"Organiza todos los espacios de tu casa con las repisas Alza Sistema"},"content":{"rendered":"<p>Los productos de organizaci\u00f3n son nuestros favoritos. Siempre solucionan los problemas de orden y de poco espacio, adem\u00e1s te ayudan a que tu casa se vea m\u00e1s bonita. Hoy les queremos contar sobre <a href=\"http:\/\/www.alzasistema.cl\/\"><strong>ALZA Sistema<\/strong><\/a>, un proyecto chileno de <strong>repisas<\/strong> organizadoras, ideales para espacios reducidos. Estas repisas lineales se instalan sobre los muros y se le pueden ir colgando distintos accesorios seg\u00fan la funcionalidad que le quieras dar.<\/p>\n<p><em>Durante este mes las <a href=\"http:\/\/www.depto51.com\/collections\/alza-sistema\"><strong>repisas ALZA Sistema<\/strong><\/a> estar\u00e1n en\u00a0<a href=\"https:\/\/depto51.com\/collections\/flash-sale\">Flash Sale<\/a>\u00a0en Depto51 con un 10% OFF, mira <strong><a href=\"https:\/\/depto51.com\/collections\/alza-sistema\">aqu\u00ed<\/a><\/strong> \ud83d\ude09<\/em><\/p>\n<p><img loading=\"lazy\" class=\"aligncenter wp-image-41613\" src=\"https:\/\/depto51.cl\/blog\/wp-content\/uploads\/2018\/08\/IMG_6339-1500x785.jpg\" alt=\"\" width=\"600\" height=\"314\" srcset=\"https:\/\/depto51.cl\/blog\/wp-content\/uploads\/2018\/08\/IMG_6339-1500x785.jpg 1500w, https:\/\/depto51.cl\/blog\/wp-content\/uploads\/2018\/08\/IMG_6339-1500x785-500x262.jpg 500w, https:\/\/depto51.cl\/blog\/wp-content\/uploads\/2018\/08\/IMG_6339-1500x785-768x402.jpg 768w, https:\/\/depto51.cl\/blog\/wp-content\/uploads\/2018\/08\/IMG_6339-1500x785-1024x536.jpg 1024w\" sizes=\"(max-width: 600px) 100vw, 600px\" \/><\/p>\n<p>Entrevistamos a Mar\u00eda Paz Fern\u00e1ndez, una de las fundadoras de Alza, para conocer m\u00e1s sobre este pr\u00e1ctico sistema de organizaci\u00f3n<\/p>\n<h3><strong>1. \u00bfC\u00f3mo surgi\u00f3 la idea de a ALZA?<\/strong><\/h3>\n<p><strong>ALZA Sistema<\/strong> nace con la idea de generar un sistema con dise\u00f1o que pudiera solucionar un problema real. Actualmente vivimos y trabajamos en lugares cada vez m\u00e1s peque\u00f1os y que cambian su uso en per\u00edodos cortos de tiempo. Un escritorio pasa a ser un dormitorio de ni\u00f1os o un dormitorio a ser un estar. De esta manera, <strong>ALZA<\/strong> se configura como un sistema de organizaci\u00f3n que aprovecha los muros (o tabiques), liberando las superficies horizontales, y que permite por su configuraci\u00f3n y est\u00e9tica, que pueda ser utilizado en varios ambientes distintos.<\/p>\n<h3><strong>2. De todos sus productos, \u00bfcu\u00e1l es el m\u00e1s solicitado?<\/strong><\/h3>\n<p>La idea de <strong>ALZA<\/strong> es poder combinar los productos de acuerdo a las necesidades de cada lugar y de cada persona. Pero para poder ayudar en la elecci\u00f3n, nosotros tambi\u00e9n planteamos configuraciones que pueden usarse para algunos espacios en espec\u00edfico: conjuntos de cocina, ba\u00f1o, escritorio, dormitorio, acceso, etc. De estos conjuntos, los m\u00e1s solicitados son los de escritorio, los de acceso y los de ni\u00f1os, donde el blanco siempre es el color favorito.<\/p>\n<p><img loading=\"lazy\" class=\"aligncenter wp-image-41614\" src=\"https:\/\/depto51.cl\/blog\/wp-content\/uploads\/2018\/08\/IMG_6276.jpg\" alt=\"\" width=\"599\" height=\"399\" srcset=\"https:\/\/depto51.cl\/blog\/wp-content\/uploads\/2018\/08\/IMG_6276.jpg 1500w, https:\/\/depto51.cl\/blog\/wp-content\/uploads\/2018\/08\/IMG_6276-500x333.jpg 500w, https:\/\/depto51.cl\/blog\/wp-content\/uploads\/2018\/08\/IMG_6276-768x512.jpg 768w, https:\/\/depto51.cl\/blog\/wp-content\/uploads\/2018\/08\/IMG_6276-1024x683.jpg 1024w\" sizes=\"(max-width: 599px) 100vw, 599px\" \/><\/p>\n<p><img loading=\"lazy\" class=\"aligncenter wp-image-41618\" src=\"https:\/\/depto51.cl\/blog\/wp-content\/uploads\/2018\/08\/Captura-de-pantalla-2018-08-29-a-las-12.45.28-p.m..png\" alt=\"\" width=\"600\" height=\"603\" srcset=\"https:\/\/depto51.cl\/blog\/wp-content\/uploads\/2018\/08\/Captura-de-pantalla-2018-08-29-a-las-12.45.28-p.m..png 595w, https:\/\/depto51.cl\/blog\/wp-content\/uploads\/2018\/08\/Captura-de-pantalla-2018-08-29-a-las-12.45.28-p.m.-497x500.png 497w, https:\/\/depto51.cl\/blog\/wp-content\/uploads\/2018\/08\/Captura-de-pantalla-2018-08-29-a-las-12.45.28-p.m.-150x150.png 150w\" sizes=\"(max-width: 600px) 100vw, 600px\" \/><\/p>\n<h3><strong>3. \u00bfPara qui\u00e9n est\u00e1 dirigido Alza y para qu\u00e9 lo usan las personas?<\/strong><\/h3>\n<p>Est\u00e1 dirigido para todos quienes necesitan organizar y configurar alg\u00fan espacio. Es usado para ordenar escritorios, exponer fotos o alguna colecci\u00f3n, armar un rinc\u00f3n como biblioteca, como vitrina en tiendas, etc. La verdad es que creemos que <strong>ALZA<\/strong> tiene la versatilidad y est\u00e9tica con diferentes combinaciones, permite solucionar la organizaci\u00f3n y configuraci\u00f3n de espacios s\u00faper distintos.<\/p>\n<h3><strong>4. \u00bfHan realizado proyectos con alguna empresa?<\/strong><\/h3>\n<p>Si, hemos trabajados con tiendas como VB Leather Bags o BM joyas, algunas inmobiliarias para la habilitaci\u00f3n de departamentos, algunas empresas para la habilitaci\u00f3n de sus oficinas, as\u00ed tambi\u00e9n con dise\u00f1adores como Grisanti &amp; Cussen para el proyecto del Hotel Bidasoa.<\/p>\n<p><img loading=\"lazy\" class=\"aligncenter wp-image-41616\" src=\"https:\/\/depto51.cl\/blog\/wp-content\/uploads\/2018\/08\/COCINA-1-1.jpg\" alt=\"\" width=\"600\" height=\"456\" srcset=\"https:\/\/depto51.cl\/blog\/wp-content\/uploads\/2018\/08\/COCINA-1-1.jpg 1200w, https:\/\/depto51.cl\/blog\/wp-content\/uploads\/2018\/08\/COCINA-1-1-500x380.jpg 500w, https:\/\/depto51.cl\/blog\/wp-content\/uploads\/2018\/08\/COCINA-1-1-768x584.jpg 768w, https:\/\/depto51.cl\/blog\/wp-content\/uploads\/2018\/08\/COCINA-1-1-1024x778.jpg 1024w\" sizes=\"(max-width: 600px) 100vw, 600px\" \/><\/p>\n<p><img loading=\"lazy\" class=\"aligncenter wp-image-41617\" src=\"https:\/\/depto51.cl\/blog\/wp-content\/uploads\/2018\/08\/COCINA-39-e1507729449153.jpg\" alt=\"\" width=\"601\" height=\"325\" srcset=\"https:\/\/depto51.cl\/blog\/wp-content\/uploads\/2018\/08\/COCINA-39-e1507729449153.jpg 1850w, https:\/\/depto51.cl\/blog\/wp-content\/uploads\/2018\/08\/COCINA-39-e1507729449153-500x270.jpg 500w, https:\/\/depto51.cl\/blog\/wp-content\/uploads\/2018\/08\/COCINA-39-e1507729449153-768x415.jpg 768w, https:\/\/depto51.cl\/blog\/wp-content\/uploads\/2018\/08\/COCINA-39-e1507729449153-1024x554.jpg 1024w\" sizes=\"(max-width: 601px) 100vw, 601px\" \/><\/p>\n<h3>\u00bfQu\u00e9 es una Flash Sale y d\u00f3nde encontrar los productos ALZA?<\/h3>\n<p>Es un venta de productos que se ofrece por un corto per\u00edodo de tiempo. Los productos en Flash Sale son exclusivos, tienen stock limitado y precios especiales. ALZA, estar\u00e1 hasta el 24 de Septiembre en Depto51 y luego de eso ya no estar\u00e1 en la tienda.<\/p>\n<p><em><a href=\"https:\/\/depto51.com\/collections\/alza-sistema\">Aqu\u00ed encontrar\u00e1s todos los productos de ALZA en nuestra tienda \ud83d\ude42<\/a><\/em><\/p>\n<p><strong>Sitio Web<\/strong>: <a href=\"http:\/\/www.alzasistema.cl\/\">www.alzasistema.cl<\/a><br \/>\n<strong>Instagram<\/strong>: @<a href=\"https:\/\/www.instagram.com\/alza_sistema\/\">alza_sistema<\/a><\/p>\n<p>https:\/\/www.instagram.com\/p\/BFj4GbNnHGZ\/?taken-by=alza_sistema<\/p>\n","protected":false},"excerpt":{"rendered":"<p>Los productos de organizaci\u00f3n son nuestros favoritos. Siempre solucionan los problemas de orden y de poco espacio, adem\u00e1s te ayudan a que tu casa se vea m\u00e1s bonita. Hoy les queremos contar sobre ALZA Sistema, un proyecto chileno de repisas organizadoras, ideales para espacios reducidos. Estas repisas lineales se instalan sobre los muros y se&#8230;<\/p>\n","protected":false},"author":1,"featured_media":41613,"comment_status":"open","ping_status":"open","sticky":false,"template":"","format":"standard","meta":[],"categories":[1],"tags":[],"acf":[],"_links":{"self":[{"href":"https:\/\/depto51.cl\/blog\/wp-json\/wp\/v2\/posts\/41606"}],"collection":[{"href":"https:\/\/depto51.cl\/blog\/wp-json\/wp\/v2\/posts"}],"about":[{"href":"https:\/\/depto51.cl\/blog\/wp-json\/wp\/v2\/types\/post"}],"author":[{"embeddable":true,"href":"https:\/\/depto51.cl\/blog\/wp-json\/wp\/v2\/users\/1"}],"replies":[{"embeddable":true,"href":"https:\/\/depto51.cl\/blog\/wp-json\/wp\/v2\/comments?post=41606"}],"version-history":[{"count":0,"href":"https:\/\/depto51.cl\/blog\/wp-json\/wp\/v2\/posts\/41606\/revisions"}],"wp:featuredmedia":[{"embeddable":true,"href":"https:\/\/depto51.cl\/blog\/wp-json\/wp\/v2\/media\/41613"}],"wp:attachment":[{"href":"https:\/\/depto51.cl\/blog\/wp-json\/wp\/v2\/media?parent=41606"}],"wp:term":[{"taxonomy":"category","embeddable":true,"href":"https:\/\/depto51.cl\/blog\/wp-json\/wp\/v2\/categories?post=41606"},{"taxonomy":"post_tag","embeddable":true,"href":"https:\/\/depto51.cl\/blog\/wp-json\/wp\/v2\/tags?post=41606"}],"curies":[{"name":"wp","href":"https:\/\/api.w.org\/{rel}","templated":true}]}}