

{"id":41387,"date":"2018-08-09T19:10:06","date_gmt":"2018-08-09T23:10:06","guid":{"rendered":"https:\/\/depto51.cl\/blog\/?p=41387"},"modified":"2018-08-21T09:47:20","modified_gmt":"2018-08-21T13:47:20","slug":"8-marcas-de-maceteros-para-tener-muy-felices-a-tus-plantitas","status":"publish","type":"post","link":"https:\/\/depto51.cl\/blog\/2018\/08\/09\/8-marcas-de-maceteros-para-tener-muy-felices-a-tus-plantitas\/","title":{"rendered":"8 Marcas de maceteros para tener muy felices a tus plantitas"},"content":{"rendered":"<p>El dise\u00f1o en Chile ha tenido un crecimiento enorme en la \u00faltima d\u00e9cada, desde el retail hasta las ingeniosas pymes de Instagram, y el resultado de esta evoluci\u00f3n ha sido favorable para todos. El dise\u00f1o chileno ha sobresalido, tanto nacional como internacionalmente, pero creo que a\u00fan debemos aprender a valorar m\u00e1s la calidad de nuestros emprendedores y productos fabricados a mano. En este post de <em>\u00ab<\/em><a href=\"https:\/\/depto51.cl\/blog\/category\/disenadores\/\"><em>Dise\u00f1adores y Creativos\u00bb<\/em><\/a> quiero mostrarles ocho creativos chilenos que est\u00e1n dise\u00f1ando <strong>maceteros<\/strong> con estilo, dedicaci\u00f3n y originalidad.<\/p>\n<p><span style=\"font-family: -apple-system, BlinkMacSystemFont, 'Segoe UI', Roboto, Oxygen-Sans, Ubuntu, Cantarell, 'Helvetica Neue', sans-serif;\">\u00bf<strong>Maceteros<\/strong> de cer\u00e1mica, bronce, cobre, pl\u00e1stico, m\u00e1rmol o greda? Bueno, aqu\u00ed tienes muuucho para elegir y darle like.<\/span><\/p>\n<h2>1. Mi Mercadito<\/h2>\n<p>Siempre es bueno rodearse de plantas en tus rincones favoritos. Las suculentas son sin\u00f3nimo de buena vibra y en estos maceteros de cer\u00e1mica hecho a mano se ver\u00e1n espectaculares, tendr\u00e1s buen ambiente y estilo adem\u00e1s dar\u00e1s mucha est\u00e9tica a tus espacios.<\/p>\n<p><strong>Sitio Web<\/strong>: <a href=\"https:\/\/www.mimercadito.cl\/\">www.mimercadito.cl<\/a><br \/>\n<strong>Instagram<\/strong>: @<a href=\"https:\/\/www.instagram.com\/mimercadito.cl\/\">mimercadito.cl<\/a><\/p>\n<p><img loading=\"lazy\" class=\"aligncenter wp-image-41391\" src=\"https:\/\/depto51.cl\/blog\/wp-content\/uploads\/2018\/08\/01.jpg\" alt=\"\" width=\"550\" height=\"825\" srcset=\"https:\/\/depto51.cl\/blog\/wp-content\/uploads\/2018\/08\/01.jpg 1000w, https:\/\/depto51.cl\/blog\/wp-content\/uploads\/2018\/08\/01-333x500.jpg 333w, https:\/\/depto51.cl\/blog\/wp-content\/uploads\/2018\/08\/01-768x1152.jpg 768w, https:\/\/depto51.cl\/blog\/wp-content\/uploads\/2018\/08\/01-683x1024.jpg 683w\" sizes=\"(max-width: 550px) 100vw, 550px\" \/><\/p>\n<p><img loading=\"lazy\" class=\"aligncenter wp-image-41389\" src=\"https:\/\/depto51.cl\/blog\/wp-content\/uploads\/2018\/08\/06.jpg\" alt=\"\" width=\"550\" height=\"825\" srcset=\"https:\/\/depto51.cl\/blog\/wp-content\/uploads\/2018\/08\/06.jpg 1000w, https:\/\/depto51.cl\/blog\/wp-content\/uploads\/2018\/08\/06-333x500.jpg 333w, https:\/\/depto51.cl\/blog\/wp-content\/uploads\/2018\/08\/06-768x1152.jpg 768w, https:\/\/depto51.cl\/blog\/wp-content\/uploads\/2018\/08\/06-683x1024.jpg 683w\" sizes=\"(max-width: 550px) 100vw, 550px\" \/><\/p>\n<p>https:\/\/www.instagram.com\/p\/BmHeGaSnhKV\/?taken-by=mimercadito.cl<\/p>\n<h2>2. Dam Garden<\/h2>\n<p>Adem\u00e1s de tener un vivero en el Barrio Italia, los de Dam, tienen unas colecciones de maceteros incre\u00edbles.\u00a0Maceteros de greda y polipropileno cuyo prop\u00f3sito es decorar tu casa llena de vida, de verde y contrastes.<\/p>\n<p><strong>Sitio Web<\/strong>: <a href=\"https:\/\/www.damgarden.com\/\">www.damgarden.com<\/a><br \/>\n<strong>Instagram<\/strong>: @<a href=\"https:\/\/www.instagram.com\/damgarden\/\">damgarden<\/a><\/p>\n<p><img loading=\"lazy\" class=\"aligncenter wp-image-41412\" src=\"https:\/\/depto51.cl\/blog\/wp-content\/uploads\/2018\/08\/51.jpg\" alt=\"\" width=\"550\" height=\"367\" srcset=\"https:\/\/depto51.cl\/blog\/wp-content\/uploads\/2018\/08\/51.jpg 1000w, https:\/\/depto51.cl\/blog\/wp-content\/uploads\/2018\/08\/51-500x334.jpg 500w, https:\/\/depto51.cl\/blog\/wp-content\/uploads\/2018\/08\/51-768x512.jpg 768w\" sizes=\"(max-width: 550px) 100vw, 550px\" \/><\/p>\n<p>https:\/\/www.instagram.com\/p\/BlVv9S0A11R\/?taken-by=damgarden<\/p>\n<h2>3. Cerio<\/h2>\n<p>Amantes del minimalismo, creo que no podr\u00e1n dejar de ver esta genial marca. Maceteros de m\u00e1rmol, cobre y bronce que ser\u00e1n unos de los principales protagonistas de tu casa. Trabajo con artesanos y productos aut\u00f3ctonos chilenos.<\/p>\n<p><strong>Sitio Web<\/strong>: <a href=\"https:\/\/www.cerio.cl\/\">www.cerio.cl<\/a><br \/>\n<strong>Instagram<\/strong>: @<a href=\"https:\/\/www.instagram.com\/cerio.cl\/\">cerio.cl<\/a><\/p>\n<p><img loading=\"lazy\" class=\"aligncenter wp-image-41392\" src=\"https:\/\/depto51.cl\/blog\/wp-content\/uploads\/2018\/08\/c1.jpg\" alt=\"\" width=\"550\" height=\"665\" srcset=\"https:\/\/depto51.cl\/blog\/wp-content\/uploads\/2018\/08\/c1.jpg 3024w, https:\/\/depto51.cl\/blog\/wp-content\/uploads\/2018\/08\/c1-414x500.jpg 414w, https:\/\/depto51.cl\/blog\/wp-content\/uploads\/2018\/08\/c1-768x928.jpg 768w, https:\/\/depto51.cl\/blog\/wp-content\/uploads\/2018\/08\/c1-847x1024.jpg 847w\" sizes=\"(max-width: 550px) 100vw, 550px\" \/><\/p>\n<p><img loading=\"lazy\" class=\"aligncenter wp-image-41395\" src=\"https:\/\/depto51.cl\/blog\/wp-content\/uploads\/2018\/08\/c4.jpg\" alt=\"\" width=\"550\" height=\"620\" srcset=\"https:\/\/depto51.cl\/blog\/wp-content\/uploads\/2018\/08\/c4.jpg 3024w, https:\/\/depto51.cl\/blog\/wp-content\/uploads\/2018\/08\/c4-444x500.jpg 444w, https:\/\/depto51.cl\/blog\/wp-content\/uploads\/2018\/08\/c4-768x866.jpg 768w, https:\/\/depto51.cl\/blog\/wp-content\/uploads\/2018\/08\/c4-908x1024.jpg 908w\" sizes=\"(max-width: 550px) 100vw, 550px\" \/><\/p>\n<p>https:\/\/www.instagram.com\/p\/Bjz_GyvASdk\/?taken-by=cerio.cl<\/p>\n<h2>4. Proyecto Asombra<\/h2>\n<p>Este genial proyecto lucha d\u00eda a d\u00eda por la reinserci\u00f3n. Cada uno de estos maceteros es hecho a mano y con cari\u00f1o por internos de Colina II.\u00a0Un equipo de j\u00f3venes comprometidos con mejorar las distintas realidades que ellos viven y que trabajan en conjunto todos los d\u00edas por\u00a0que tengan un trabajo digno. Estos bellos maceteros geom\u00e9tricos de hormig\u00f3n est\u00e1n hechos por alguien que quiere una segunda oportunidad y est\u00e1 luchando por un trabajo digno.<\/p>\n<p><strong>Instagram<\/strong>: @<a href=\"https:\/\/www.instagram.com\/proyecto_asombra\/\">proyecto_asombra<\/a><\/p>\n<p><img loading=\"lazy\" class=\"aligncenter wp-image-41404\" src=\"https:\/\/depto51.cl\/blog\/wp-content\/uploads\/2018\/08\/instagram11.jpg\" alt=\"\" width=\"550\" height=\"550\" srcset=\"https:\/\/depto51.cl\/blog\/wp-content\/uploads\/2018\/08\/instagram11.jpg 2550w, https:\/\/depto51.cl\/blog\/wp-content\/uploads\/2018\/08\/instagram11-500x500.jpg 500w, https:\/\/depto51.cl\/blog\/wp-content\/uploads\/2018\/08\/instagram11-768x768.jpg 768w, https:\/\/depto51.cl\/blog\/wp-content\/uploads\/2018\/08\/instagram11-1024x1024.jpg 1024w, https:\/\/depto51.cl\/blog\/wp-content\/uploads\/2018\/08\/instagram11-150x150.jpg 150w\" sizes=\"(max-width: 550px) 100vw, 550px\" \/><\/p>\n<p><img loading=\"lazy\" class=\"aligncenter wp-image-41405\" src=\"https:\/\/depto51.cl\/blog\/wp-content\/uploads\/2018\/08\/instagram13.jpg\" alt=\"\" width=\"550\" height=\"550\" srcset=\"https:\/\/depto51.cl\/blog\/wp-content\/uploads\/2018\/08\/instagram13.jpg 2550w, https:\/\/depto51.cl\/blog\/wp-content\/uploads\/2018\/08\/instagram13-500x500.jpg 500w, https:\/\/depto51.cl\/blog\/wp-content\/uploads\/2018\/08\/instagram13-768x768.jpg 768w, https:\/\/depto51.cl\/blog\/wp-content\/uploads\/2018\/08\/instagram13-1024x1024.jpg 1024w, https:\/\/depto51.cl\/blog\/wp-content\/uploads\/2018\/08\/instagram13-150x150.jpg 150w\" sizes=\"(max-width: 550px) 100vw, 550px\" \/><\/p>\n<p>https:\/\/www.instagram.com\/p\/BeWYlCilkhE\/?taken-by=proyecto_asombra<\/p>\n<h2>5. DelRioVerde<\/h2>\n<p>Sus plantas tropicales, cactus suculentas y, sobretodo sus maceteros de cer\u00e1mica, son un objeto de deseo de muchos. Dise\u00f1o artesanal simple, est\u00e9tico y minimalista para hacer que las plantas sean el alma de la casa.<\/p>\n<p><strong>Sitio Web<\/strong>: <a href=\"https:\/\/www.delrioverde.cl\/\">www.delrioverde.cl<\/a><br \/>\n<strong>Instagram<\/strong>: @<a href=\"https:\/\/www.instagram.com\/delrioverde\/\">derioverde<\/a><\/p>\n<p><img loading=\"lazy\" class=\"aligncenter wp-image-41398\" src=\"https:\/\/depto51.cl\/blog\/wp-content\/uploads\/2018\/08\/0-27.jpg\" alt=\"\" width=\"550\" height=\"825\" srcset=\"https:\/\/depto51.cl\/blog\/wp-content\/uploads\/2018\/08\/0-27.jpg 3840w, https:\/\/depto51.cl\/blog\/wp-content\/uploads\/2018\/08\/0-27-333x500.jpg 333w, https:\/\/depto51.cl\/blog\/wp-content\/uploads\/2018\/08\/0-27-768x1152.jpg 768w, https:\/\/depto51.cl\/blog\/wp-content\/uploads\/2018\/08\/0-27-683x1024.jpg 683w\" sizes=\"(max-width: 550px) 100vw, 550px\" \/><\/p>\n<p><img loading=\"lazy\" class=\"aligncenter wp-image-41399\" src=\"https:\/\/depto51.cl\/blog\/wp-content\/uploads\/2018\/08\/IMG_8861.jpg\" alt=\"\" width=\"550\" height=\"688\" srcset=\"https:\/\/depto51.cl\/blog\/wp-content\/uploads\/2018\/08\/IMG_8861.jpg 3264w, https:\/\/depto51.cl\/blog\/wp-content\/uploads\/2018\/08\/IMG_8861-400x500.jpg 400w, https:\/\/depto51.cl\/blog\/wp-content\/uploads\/2018\/08\/IMG_8861-768x960.jpg 768w, https:\/\/depto51.cl\/blog\/wp-content\/uploads\/2018\/08\/IMG_8861-819x1024.jpg 819w\" sizes=\"(max-width: 550px) 100vw, 550px\" \/><\/p>\n<p>https:\/\/www.instagram.com\/p\/BkPx6oIFXpn\/?taken-by=delrioverde<\/p>\n<h2>6. Tangara<\/h2>\n<p>Dedicados a la creaci\u00f3n de maceteros con un s\u00f3lo material, el bronce. Todos sus productos son 100% hechos a mano y con artesanos chilenos. Despu\u00e9s de un largo proceso de trabaj, crean estos estilosos maceteros de bronce. Cada uno con su cactus y suculentas para llenar de detalles tu casa. Dise\u00f1os \u00fanicos y duraderos!<\/p>\n<p><strong>Instagram<\/strong>: @<a href=\"https:\/\/www.instagram.com\/tangara.design\/\">tangara.design<\/a><\/p>\n<p><img loading=\"lazy\" class=\"aligncenter wp-image-41396\" src=\"https:\/\/depto51.cl\/blog\/wp-content\/uploads\/2018\/08\/V2.jpg\" alt=\"\" width=\"550\" height=\"764\" srcset=\"https:\/\/depto51.cl\/blog\/wp-content\/uploads\/2018\/08\/V2.jpg 2335w, https:\/\/depto51.cl\/blog\/wp-content\/uploads\/2018\/08\/V2-360x500.jpg 360w, https:\/\/depto51.cl\/blog\/wp-content\/uploads\/2018\/08\/V2-768x1067.jpg 768w, https:\/\/depto51.cl\/blog\/wp-content\/uploads\/2018\/08\/V2-737x1024.jpg 737w\" sizes=\"(max-width: 550px) 100vw, 550px\" \/><\/p>\n<p><img loading=\"lazy\" class=\"aligncenter wp-image-41397\" src=\"https:\/\/depto51.cl\/blog\/wp-content\/uploads\/2018\/08\/tangara.jpg\" alt=\"\" width=\"550\" height=\"413\" srcset=\"https:\/\/depto51.cl\/blog\/wp-content\/uploads\/2018\/08\/tangara.jpg 1984w, https:\/\/depto51.cl\/blog\/wp-content\/uploads\/2018\/08\/tangara-500x375.jpg 500w, https:\/\/depto51.cl\/blog\/wp-content\/uploads\/2018\/08\/tangara-768x576.jpg 768w, https:\/\/depto51.cl\/blog\/wp-content\/uploads\/2018\/08\/tangara-1024x768.jpg 1024w\" sizes=\"(max-width: 550px) 100vw, 550px\" \/><\/p>\n<p>https:\/\/www.instagram.com\/p\/BlgX6nyF893\/?taken-by=tangara.design<\/p>\n<h2>7. Modo Verde<\/h2>\n<p>Plantas tropicales que encuentran el macetero perfecto para estar toda su vida. Maceteros pintados, todos con diferentes propuestas y dise\u00f1os, est\u00e1n esperando que te decidas por uno de ellos.<\/p>\n<p><strong>Instagram<\/strong>: @<a href=\"https:\/\/www.instagram.com\/modoverde\/\">modoverde<\/a><\/p>\n<p><img loading=\"lazy\" class=\"aligncenter wp-image-41409\" src=\"https:\/\/depto51.cl\/blog\/wp-content\/uploads\/2018\/08\/Captura-de-pantalla-2018-08-09-a-las-11.02.19-a.m..png\" alt=\"\" width=\"550\" height=\"690\" srcset=\"https:\/\/depto51.cl\/blog\/wp-content\/uploads\/2018\/08\/Captura-de-pantalla-2018-08-09-a-las-11.02.19-a.m..png 473w, https:\/\/depto51.cl\/blog\/wp-content\/uploads\/2018\/08\/Captura-de-pantalla-2018-08-09-a-las-11.02.19-a.m.-399x500.png 399w\" sizes=\"(max-width: 550px) 100vw, 550px\" \/><\/p>\n<p><img loading=\"lazy\" class=\"aligncenter wp-image-41411\" src=\"https:\/\/depto51.cl\/blog\/wp-content\/uploads\/2018\/08\/Captura-de-pantalla-2018-08-09-a-las-11.01.30-a.m..png\" alt=\"\" width=\"550\" height=\"355\" srcset=\"https:\/\/depto51.cl\/blog\/wp-content\/uploads\/2018\/08\/Captura-de-pantalla-2018-08-09-a-las-11.01.30-a.m..png 592w, https:\/\/depto51.cl\/blog\/wp-content\/uploads\/2018\/08\/Captura-de-pantalla-2018-08-09-a-las-11.01.30-a.m.-500x323.png 500w\" sizes=\"(max-width: 550px) 100vw, 550px\" \/><\/p>\n<p>https:\/\/www.instagram.com\/p\/Bk09lasAd1x\/?taken-by=modoverde<\/p>\n<h2>8. Pleca<\/h2>\n<p>Maceteros de cer\u00e1mica con bases de madera. La madera, adem\u00e1s de darle un gran toque de dise\u00f1o, tambi\u00e9n cumple la funci\u00f3n de plato para recolectar el agua sobrante y poder reutilizarla.<\/p>\n<p><strong>Sitio Web<\/strong>: <a href=\"http:\/\/www.pleca.cl\/\">www.pleca.cl<\/a><br \/>\n<strong>Instagram<\/strong>: @<a href=\"https:\/\/www.instagram.com\/pleca.cl\/\">pleca.cl<\/a><\/p>\n<p><img loading=\"lazy\" class=\"aligncenter wp-image-41406\" src=\"https:\/\/depto51.cl\/blog\/wp-content\/uploads\/2018\/08\/Pleca-y-dolar-chino1.jpg\" alt=\"\" width=\"550\" height=\"550\" srcset=\"https:\/\/depto51.cl\/blog\/wp-content\/uploads\/2018\/08\/Pleca-y-dolar-chino1.jpg 550w, https:\/\/depto51.cl\/blog\/wp-content\/uploads\/2018\/08\/Pleca-y-dolar-chino1-500x500.jpg 500w, https:\/\/depto51.cl\/blog\/wp-content\/uploads\/2018\/08\/Pleca-y-dolar-chino1-150x150.jpg 150w\" sizes=\"(max-width: 550px) 100vw, 550px\" \/><\/p>\n<p><img loading=\"lazy\" class=\"aligncenter wp-image-41408\" src=\"https:\/\/depto51.cl\/blog\/wp-content\/uploads\/2018\/08\/pleca.jpg\" alt=\"\" width=\"550\" height=\"550\" srcset=\"https:\/\/depto51.cl\/blog\/wp-content\/uploads\/2018\/08\/pleca.jpg 550w, https:\/\/depto51.cl\/blog\/wp-content\/uploads\/2018\/08\/pleca-500x500.jpg 500w, https:\/\/depto51.cl\/blog\/wp-content\/uploads\/2018\/08\/pleca-150x150.jpg 150w\" sizes=\"(max-width: 550px) 100vw, 550px\" \/><\/p>\n<p>https:\/\/www.instagram.com\/p\/Bf_Y3ykBZE2\/?taken-by=pleca.cl<\/p>\n","protected":false},"excerpt":{"rendered":"<p>El dise\u00f1o en Chile ha tenido un crecimiento enorme en la \u00faltima d\u00e9cada, desde el retail hasta las ingeniosas pymes de Instagram, y el resultado de esta evoluci\u00f3n ha sido favorable para todos. El dise\u00f1o chileno ha sobresalido, tanto nacional como internacionalmente, pero creo que a\u00fan debemos aprender a valorar m\u00e1s la calidad de nuestros&#8230;<\/p>\n","protected":false},"author":16412,"featured_media":41412,"comment_status":"open","ping_status":"open","sticky":false,"template":"","format":"standard","meta":[],"categories":[1,13,1194],"tags":[],"acf":[],"_links":{"self":[{"href":"https:\/\/depto51.cl\/blog\/wp-json\/wp\/v2\/posts\/41387"}],"collection":[{"href":"https:\/\/depto51.cl\/blog\/wp-json\/wp\/v2\/posts"}],"about":[{"href":"https:\/\/depto51.cl\/blog\/wp-json\/wp\/v2\/types\/post"}],"author":[{"embeddable":true,"href":"https:\/\/depto51.cl\/blog\/wp-json\/wp\/v2\/users\/16412"}],"replies":[{"embeddable":true,"href":"https:\/\/depto51.cl\/blog\/wp-json\/wp\/v2\/comments?post=41387"}],"version-history":[{"count":0,"href":"https:\/\/depto51.cl\/blog\/wp-json\/wp\/v2\/posts\/41387\/revisions"}],"wp:featuredmedia":[{"embeddable":true,"href":"https:\/\/depto51.cl\/blog\/wp-json\/wp\/v2\/media\/41412"}],"wp:attachment":[{"href":"https:\/\/depto51.cl\/blog\/wp-json\/wp\/v2\/media?parent=41387"}],"wp:term":[{"taxonomy":"category","embeddable":true,"href":"https:\/\/depto51.cl\/blog\/wp-json\/wp\/v2\/categories?post=41387"},{"taxonomy":"post_tag","embeddable":true,"href":"https:\/\/depto51.cl\/blog\/wp-json\/wp\/v2\/tags?post=41387"}],"curies":[{"name":"wp","href":"https:\/\/api.w.org\/{rel}","templated":true}]}}