

{"id":39506,"date":"2018-04-06T12:06:17","date_gmt":"2018-04-06T16:06:17","guid":{"rendered":"https:\/\/depto51.cl\/blog\/?p=39506"},"modified":"2018-05-15T16:46:41","modified_gmt":"2018-05-15T20:46:41","slug":"talleres-abril-de-josefina-jimenez","status":"publish","type":"post","link":"https:\/\/depto51.cl\/blog\/2018\/04\/06\/talleres-abril-de-josefina-jimenez\/","title":{"rendered":"Talleres en Abril por Josefina Jim\u00e9nez"},"content":{"rendered":"<h1>Taller de Acuarela e Intro a la Ilustraci\u00f3n Floral<\/h1>\n<p>El <strong>taller de acuarela<\/strong> consiste en una clase intensiva de 3 horas, donde la artista e ilustradora <a href=\"https:\/\/www.instagram.com\/jojimenez\/\"><strong><em>Jo Jim\u00e9nez <\/em><\/strong><\/a>realizar\u00e1 una introducci\u00f3n a la ilustraci\u00f3n floral, revisando referencias, artistas e ilustradores que abordan la tem\u00e1tica desde distintas perspectivas, t\u00e9cnicas y soportes.<\/p>\n<p>Luego se comenzar\u00e1 con los ejercicios de observaci\u00f3n y experimentaci\u00f3n con acuarela, a partir de un modelo: un arreglo de flores mediano previamente armado por <em>Romina Kaempffer<\/em>, <a href=\"https:\/\/www.instagram.com\/azahar_flores\/\">de Azahar Flores<\/a>,<em>\u00a0<\/em>para el taller. El objetivo principal del curso es fomentar la creatividad de los alumnos\/as de manera personalizada, adem\u00e1s de introducirlos e incentivarlos a mezclar materiales y comenzar a investigar su propio lenguaje visual al momento de ilustrar.<\/p>\n<p><strong>Objetivos principales del taller de acuarela:<\/strong><\/p>\n<p>&#8211; Conocer las t\u00e9cnicas b\u00e1sicas de la ilustraci\u00f3n, a trav\u00e9s de la experimentaci\u00f3n e interpretaci\u00f3n con acuarela y las distintas posibilidades gr\u00e1ficas y visuales al momento de abordar el arreglo floral.<br \/>\n&#8211; Utilizar y conocer nuevos materiales complementarios a la acuarela.<br \/>\n&#8211; Dar inicio a la investigaci\u00f3n del lenguaje visual propio al momento de ilustrar.<\/p>\n<p><strong>Requisitos:\u00a0<\/strong>No se requieren conocimientos previos.<\/p>\n<p><strong>Materiales:\u00a0<\/strong>Los materiales de ilustraci\u00f3n incluidos corresponden a un pincel n\u00famero 6, una paleta de acuarelas como se muestra en las fotos promocionales del curso y papel de acuarela de 200 gms y 300 gms, para desarrollar los ejercicios durante la clase.<\/p>\n<p>*Incluye coffee break. Una vez finalizado el curso, los materiales mencionados van de regalo para los alumnos.<\/p>\n<p><strong>Horario y Direcci\u00f3n:\u00a0<\/strong>S\u00e1bado 28 de Abril. De 10:00 a 13:00 horas. La clase se realizar\u00e1 en el taller de Jo Jim\u00e9nez, ubicado a pasos del Metro Manquehue (la direcci\u00f3n exacta se enviar\u00e1 a los alumnos inscritos).<\/p>\n<p><strong>Valor y forma de pago:<\/strong>\u00a0$50.000. Transferencia bancaria o dep\u00f3sito.<\/p>\n<p><strong>Inscripciones y consultas:<\/strong>\u00a0Directamente al mail talleresjojimenez@gmail.com \u00a1Cualquier consulta no dudes en escribirme!<\/p>\n<p><img loading=\"lazy\" class=\"aligncenter wp-image-39512\" src=\"https:\/\/depto51.cl\/blog\/wp-content\/uploads\/2018\/04\/Fotos-Jo-250.jpg\" alt=\"\" width=\"599\" height=\"899\" srcset=\"https:\/\/depto51.cl\/blog\/wp-content\/uploads\/2018\/04\/Fotos-Jo-250.jpg 1333w, https:\/\/depto51.cl\/blog\/wp-content\/uploads\/2018\/04\/Fotos-Jo-250-333x500.jpg 333w, https:\/\/depto51.cl\/blog\/wp-content\/uploads\/2018\/04\/Fotos-Jo-250-768x1152.jpg 768w, https:\/\/depto51.cl\/blog\/wp-content\/uploads\/2018\/04\/Fotos-Jo-250-682x1024.jpg 682w\" sizes=\"(max-width: 599px) 100vw, 599px\" \/><\/p>\n<p><img loading=\"lazy\" class=\"aligncenter wp-image-39513\" src=\"https:\/\/depto51.cl\/blog\/wp-content\/uploads\/2018\/04\/curso_flores_acuarela_primavera-7.jpg\" alt=\"\" width=\"600\" height=\"900\" srcset=\"https:\/\/depto51.cl\/blog\/wp-content\/uploads\/2018\/04\/curso_flores_acuarela_primavera-7.jpg 3456w, https:\/\/depto51.cl\/blog\/wp-content\/uploads\/2018\/04\/curso_flores_acuarela_primavera-7-333x500.jpg 333w, https:\/\/depto51.cl\/blog\/wp-content\/uploads\/2018\/04\/curso_flores_acuarela_primavera-7-768x1152.jpg 768w, https:\/\/depto51.cl\/blog\/wp-content\/uploads\/2018\/04\/curso_flores_acuarela_primavera-7-683x1024.jpg 683w\" sizes=\"(max-width: 600px) 100vw, 600px\" \/><\/p>\n<p><img loading=\"lazy\" class=\"aligncenter wp-image-39514\" src=\"https:\/\/depto51.cl\/blog\/wp-content\/uploads\/2018\/04\/curso_flores_acuarela_primavera-30.jpg\" alt=\"\" width=\"600\" height=\"400\" srcset=\"https:\/\/depto51.cl\/blog\/wp-content\/uploads\/2018\/04\/curso_flores_acuarela_primavera-30.jpg 5184w, https:\/\/depto51.cl\/blog\/wp-content\/uploads\/2018\/04\/curso_flores_acuarela_primavera-30-500x333.jpg 500w, https:\/\/depto51.cl\/blog\/wp-content\/uploads\/2018\/04\/curso_flores_acuarela_primavera-30-768x512.jpg 768w, https:\/\/depto51.cl\/blog\/wp-content\/uploads\/2018\/04\/curso_flores_acuarela_primavera-30-1024x683.jpg 1024w, https:\/\/depto51.cl\/blog\/wp-content\/uploads\/2018\/04\/curso_flores_acuarela_primavera-30-1500x1000.jpg 1500w\" sizes=\"(max-width: 600px) 100vw, 600px\" \/><\/p>\n<h1><strong>Workshop de Pintura y Bordado<\/strong><\/h1>\n<p>Repetimos el exitoso Workshop que realizamos en el verano con la <strong><a href=\"https:\/\/www.instagram.com\/jojimenez\/\">Jo Jim\u00e9nez<\/a><\/strong> donde, en una primera etapa, haremos una intervenci\u00f3n con pintura sobre una tela para despu\u00e9s bordar sobre esa intervenci\u00f3n.<\/p>\n<p><strong>Fecha<\/strong>: S\u00e1bado 14 de Abril 2018<br \/>\n<strong>Hora<\/strong>: 10 a 13 hrs (3 hrs en total)<br \/>\n<strong>Valor<\/strong>: $50.000 \/ Materiales incluidos<\/p>\n<p><img loading=\"lazy\" class=\"aligncenter wp-image-39501\" src=\"https:\/\/depto51.cl\/blog\/wp-content\/uploads\/2018\/04\/IMG-9209.jpg\" alt=\"\" width=\"600\" height=\"750\" srcset=\"https:\/\/depto51.cl\/blog\/wp-content\/uploads\/2018\/04\/IMG-9209.jpg 1024w, https:\/\/depto51.cl\/blog\/wp-content\/uploads\/2018\/04\/IMG-9209-400x500.jpg 400w, https:\/\/depto51.cl\/blog\/wp-content\/uploads\/2018\/04\/IMG-9209-768x960.jpg 768w, https:\/\/depto51.cl\/blog\/wp-content\/uploads\/2018\/04\/IMG-9209-819x1024.jpg 819w\" sizes=\"(max-width: 600px) 100vw, 600px\" \/><\/p>\n<p><strong>Inscripciones y consultas:<\/strong>\u00a0Directamente al mail talleresjojimenez@gmail.com \u00a1Cualquier consulta no dudes en escribirme!<\/p>\n<p><strong>Instagram<\/strong> <a href=\"https:\/\/www.instagram.com\/jojimenez\/\">@jojimenez<\/a><\/p>\n","protected":false},"excerpt":{"rendered":"<p>Taller de Acuarela e Intro a la Ilustraci\u00f3n Floral El taller de acuarela consiste en una clase intensiva de 3 horas, donde la artista e ilustradora Jo Jim\u00e9nez realizar\u00e1 una introducci\u00f3n a la ilustraci\u00f3n floral, revisando referencias, artistas e ilustradores que abordan la tem\u00e1tica desde distintas perspectivas, t\u00e9cnicas y soportes. Luego se comenzar\u00e1 con los&#8230;<\/p>\n","protected":false},"author":1,"featured_media":39514,"comment_status":"open","ping_status":"open","sticky":false,"template":"","format":"standard","meta":[],"categories":[1193],"tags":[1213],"acf":[],"_links":{"self":[{"href":"https:\/\/depto51.cl\/blog\/wp-json\/wp\/v2\/posts\/39506"}],"collection":[{"href":"https:\/\/depto51.cl\/blog\/wp-json\/wp\/v2\/posts"}],"about":[{"href":"https:\/\/depto51.cl\/blog\/wp-json\/wp\/v2\/types\/post"}],"author":[{"embeddable":true,"href":"https:\/\/depto51.cl\/blog\/wp-json\/wp\/v2\/users\/1"}],"replies":[{"embeddable":true,"href":"https:\/\/depto51.cl\/blog\/wp-json\/wp\/v2\/comments?post=39506"}],"version-history":[{"count":0,"href":"https:\/\/depto51.cl\/blog\/wp-json\/wp\/v2\/posts\/39506\/revisions"}],"wp:featuredmedia":[{"embeddable":true,"href":"https:\/\/depto51.cl\/blog\/wp-json\/wp\/v2\/media\/39514"}],"wp:attachment":[{"href":"https:\/\/depto51.cl\/blog\/wp-json\/wp\/v2\/media?parent=39506"}],"wp:term":[{"taxonomy":"category","embeddable":true,"href":"https:\/\/depto51.cl\/blog\/wp-json\/wp\/v2\/categories?post=39506"},{"taxonomy":"post_tag","embeddable":true,"href":"https:\/\/depto51.cl\/blog\/wp-json\/wp\/v2\/tags?post=39506"}],"curies":[{"name":"wp","href":"https:\/\/api.w.org\/{rel}","templated":true}]}}