

{"id":392,"date":"2011-03-09T12:45:56","date_gmt":"2011-03-09T16:45:56","guid":{"rendered":"http:\/\/depto51.cl\/?p=392"},"modified":"2013-06-08T10:18:53","modified_gmt":"2013-06-08T14:18:53","slug":"el-taller-de-francis-bacon-una-obra-de-arte-en-si-misma","status":"publish","type":"post","link":"https:\/\/depto51.cl\/blog\/2011\/03\/09\/el-taller-de-francis-bacon-una-obra-de-arte-en-si-misma\/","title":{"rendered":"El taller de Francis Bacon: una obra de arte en s\u00ed misma"},"content":{"rendered":"<div>Este libro muestra el taller\/habitaci\u00f3n de este pintor anglo-irland\u00e9s, tal cual como lo dej\u00f3 en 1992, luego de 30 a\u00f1os de uso: lleno de tubos de pintura aplastados, telas apiladas, brochas, pinceles, montones de fotos de amigos y modelos, estantes repletos de libros, pruebas de pintura en la pared, etc&#8230;<\/div>\n<div>Para nosotros es una prueba de que el lugar en que vivimos es una obra de arte en s\u00ed misma. Una obra que se va armando a trav\u00e9s de los a\u00f1os a partir de las necesidades y la est\u00e9tica de cada uno.<\/div>\n<div>Despu\u00e9s de haber hecho este registro fotogr\u00e1fico, las cosas del taller fueron cuidadosamente embaladas y se llevaron a la Galer\u00eda Municipal de Arte Moderno de Dubl\u00edn.<\/div>\n<p>Las fotos est\u00e1n tomadas del libro L&#8217;atelier de Francis Bacon de Perry Ogden y Pascale Haas.<\/p>\n\n\t\t<style type=\"text\/css\">\n\t\t\t#gallery-1 {\n\t\t\t\tmargin: auto;\n\t\t\t}\n\t\t\t#gallery-1 .gallery-item {\n\t\t\t\tfloat: left;\n\t\t\t\tmargin-top: 10px;\n\t\t\t\ttext-align: center;\n\t\t\t\twidth: 33%;\n\t\t\t}\n\t\t\t#gallery-1 img {\n\t\t\t\tborder: 2px solid #cfcfcf;\n\t\t\t}\n\t\t\t#gallery-1 .gallery-caption {\n\t\t\t\tmargin-left: 0;\n\t\t\t}\n\t\t\t\/* see gallery_shortcode() in wp-includes\/media.php *\/\n\t\t<\/style>\n\t\t<div id='gallery-1' class='gallery galleryid-392 gallery-columns-3 gallery-size-thumbnail'><dl class='gallery-item'>\n\t\t\t<dt class='gallery-icon landscape'>\n\t\t\t\t<a href='https:\/\/depto51.cl\/blog\/2011\/03\/09\/el-taller-de-francis-bacon-una-obra-de-arte-en-si-misma\/1-4\/'><img width=\"150\" height=\"150\" src=\"https:\/\/depto51.cl\/blog\/wp-content\/uploads\/2011\/03\/11-150x150.jpg\" class=\"attachment-thumbnail size-thumbnail\" alt=\"\" loading=\"lazy\" srcset=\"https:\/\/depto51.cl\/blog\/wp-content\/uploads\/2011\/03\/11-150x150.jpg 150w, https:\/\/depto51.cl\/blog\/wp-content\/uploads\/2011\/03\/11-306x306.jpg 306w, https:\/\/depto51.cl\/blog\/wp-content\/uploads\/2011\/03\/11-225x225.jpg 225w, https:\/\/depto51.cl\/blog\/wp-content\/uploads\/2011\/03\/11-145x145.jpg 145w\" sizes=\"(max-width: 150px) 100vw, 150px\" \/><\/a>\n\t\t\t<\/dt><\/dl><dl class='gallery-item'>\n\t\t\t<dt class='gallery-icon landscape'>\n\t\t\t\t<a href='https:\/\/depto51.cl\/blog\/2011\/03\/09\/el-taller-de-francis-bacon-una-obra-de-arte-en-si-misma\/2-4\/'><img width=\"150\" height=\"150\" src=\"https:\/\/depto51.cl\/blog\/wp-content\/uploads\/2011\/03\/21-150x150.jpg\" class=\"attachment-thumbnail size-thumbnail\" alt=\"\" loading=\"lazy\" srcset=\"https:\/\/depto51.cl\/blog\/wp-content\/uploads\/2011\/03\/21-150x150.jpg 150w, https:\/\/depto51.cl\/blog\/wp-content\/uploads\/2011\/03\/21-306x306.jpg 306w, https:\/\/depto51.cl\/blog\/wp-content\/uploads\/2011\/03\/21-225x225.jpg 225w, https:\/\/depto51.cl\/blog\/wp-content\/uploads\/2011\/03\/21-145x145.jpg 145w\" sizes=\"(max-width: 150px) 100vw, 150px\" \/><\/a>\n\t\t\t<\/dt><\/dl><dl class='gallery-item'>\n\t\t\t<dt class='gallery-icon landscape'>\n\t\t\t\t<a href='https:\/\/depto51.cl\/blog\/2011\/03\/09\/el-taller-de-francis-bacon-una-obra-de-arte-en-si-misma\/3-4\/'><img width=\"150\" height=\"150\" src=\"https:\/\/depto51.cl\/blog\/wp-content\/uploads\/2011\/03\/31-150x150.jpg\" class=\"attachment-thumbnail size-thumbnail\" alt=\"\" loading=\"lazy\" srcset=\"https:\/\/depto51.cl\/blog\/wp-content\/uploads\/2011\/03\/31-150x150.jpg 150w, https:\/\/depto51.cl\/blog\/wp-content\/uploads\/2011\/03\/31-306x306.jpg 306w, https:\/\/depto51.cl\/blog\/wp-content\/uploads\/2011\/03\/31-225x225.jpg 225w, https:\/\/depto51.cl\/blog\/wp-content\/uploads\/2011\/03\/31-145x145.jpg 145w\" sizes=\"(max-width: 150px) 100vw, 150px\" \/><\/a>\n\t\t\t<\/dt><\/dl><br style=\"clear: both\" \/><dl class='gallery-item'>\n\t\t\t<dt class='gallery-icon landscape'>\n\t\t\t\t<a href='https:\/\/depto51.cl\/blog\/2011\/03\/09\/el-taller-de-francis-bacon-una-obra-de-arte-en-si-misma\/4-4\/'><img width=\"750\" height=\"550\" src=\"https:\/\/depto51.cl\/blog\/wp-content\/uploads\/2011\/03\/41-750x550.jpg\" class=\"attachment-thumbnail size-thumbnail\" alt=\"\" loading=\"lazy\" \/><\/a>\n\t\t\t<\/dt><\/dl><dl class='gallery-item'>\n\t\t\t<dt class='gallery-icon landscape'>\n\t\t\t\t<a href='https:\/\/depto51.cl\/blog\/2011\/03\/09\/el-taller-de-francis-bacon-una-obra-de-arte-en-si-misma\/5-4\/'><img width=\"150\" height=\"150\" src=\"https:\/\/depto51.cl\/blog\/wp-content\/uploads\/2011\/03\/51-150x150.jpg\" class=\"attachment-thumbnail size-thumbnail\" alt=\"\" loading=\"lazy\" srcset=\"https:\/\/depto51.cl\/blog\/wp-content\/uploads\/2011\/03\/51-150x150.jpg 150w, https:\/\/depto51.cl\/blog\/wp-content\/uploads\/2011\/03\/51-306x306.jpg 306w, https:\/\/depto51.cl\/blog\/wp-content\/uploads\/2011\/03\/51-225x225.jpg 225w, https:\/\/depto51.cl\/blog\/wp-content\/uploads\/2011\/03\/51-145x145.jpg 145w\" sizes=\"(max-width: 150px) 100vw, 150px\" \/><\/a>\n\t\t\t<\/dt><\/dl><dl class='gallery-item'>\n\t\t\t<dt class='gallery-icon landscape'>\n\t\t\t\t<a href='https:\/\/depto51.cl\/blog\/2011\/03\/09\/el-taller-de-francis-bacon-una-obra-de-arte-en-si-misma\/6-4\/'><img width=\"150\" height=\"150\" src=\"https:\/\/depto51.cl\/blog\/wp-content\/uploads\/2011\/03\/61-150x150.jpg\" class=\"attachment-thumbnail size-thumbnail\" alt=\"\" loading=\"lazy\" srcset=\"https:\/\/depto51.cl\/blog\/wp-content\/uploads\/2011\/03\/61-150x150.jpg 150w, https:\/\/depto51.cl\/blog\/wp-content\/uploads\/2011\/03\/61-306x306.jpg 306w, https:\/\/depto51.cl\/blog\/wp-content\/uploads\/2011\/03\/61-225x225.jpg 225w, https:\/\/depto51.cl\/blog\/wp-content\/uploads\/2011\/03\/61-145x145.jpg 145w\" sizes=\"(max-width: 150px) 100vw, 150px\" \/><\/a>\n\t\t\t<\/dt><\/dl><br style=\"clear: both\" \/><dl class='gallery-item'>\n\t\t\t<dt class='gallery-icon landscape'>\n\t\t\t\t<a href='https:\/\/depto51.cl\/blog\/2011\/03\/09\/el-taller-de-francis-bacon-una-obra-de-arte-en-si-misma\/7-3\/'><img width=\"150\" height=\"150\" src=\"https:\/\/depto51.cl\/blog\/wp-content\/uploads\/2011\/03\/7-150x150.jpg\" class=\"attachment-thumbnail size-thumbnail\" alt=\"\" loading=\"lazy\" srcset=\"https:\/\/depto51.cl\/blog\/wp-content\/uploads\/2011\/03\/7-150x150.jpg 150w, https:\/\/depto51.cl\/blog\/wp-content\/uploads\/2011\/03\/7-306x306.jpg 306w, https:\/\/depto51.cl\/blog\/wp-content\/uploads\/2011\/03\/7-225x225.jpg 225w, https:\/\/depto51.cl\/blog\/wp-content\/uploads\/2011\/03\/7-145x145.jpg 145w\" sizes=\"(max-width: 150px) 100vw, 150px\" \/><\/a>\n\t\t\t<\/dt><\/dl><dl class='gallery-item'>\n\t\t\t<dt class='gallery-icon landscape'>\n\t\t\t\t<a href='https:\/\/depto51.cl\/blog\/2011\/03\/09\/el-taller-de-francis-bacon-una-obra-de-arte-en-si-misma\/8-3\/'><img width=\"150\" height=\"150\" src=\"https:\/\/depto51.cl\/blog\/wp-content\/uploads\/2011\/03\/8-150x150.jpg\" class=\"attachment-thumbnail size-thumbnail\" alt=\"\" loading=\"lazy\" srcset=\"https:\/\/depto51.cl\/blog\/wp-content\/uploads\/2011\/03\/8-150x150.jpg 150w, https:\/\/depto51.cl\/blog\/wp-content\/uploads\/2011\/03\/8-306x306.jpg 306w, https:\/\/depto51.cl\/blog\/wp-content\/uploads\/2011\/03\/8-225x225.jpg 225w, https:\/\/depto51.cl\/blog\/wp-content\/uploads\/2011\/03\/8-145x145.jpg 145w\" sizes=\"(max-width: 150px) 100vw, 150px\" \/><\/a>\n\t\t\t<\/dt><\/dl><dl class='gallery-item'>\n\t\t\t<dt class='gallery-icon landscape'>\n\t\t\t\t<a href='https:\/\/depto51.cl\/blog\/2011\/03\/09\/el-taller-de-francis-bacon-una-obra-de-arte-en-si-misma\/a\/'><img width=\"150\" height=\"150\" src=\"https:\/\/depto51.cl\/blog\/wp-content\/uploads\/2011\/03\/a-150x150.jpg\" class=\"attachment-thumbnail size-thumbnail\" alt=\"\" loading=\"lazy\" srcset=\"https:\/\/depto51.cl\/blog\/wp-content\/uploads\/2011\/03\/a-150x150.jpg 150w, https:\/\/depto51.cl\/blog\/wp-content\/uploads\/2011\/03\/a-306x306.jpg 306w, https:\/\/depto51.cl\/blog\/wp-content\/uploads\/2011\/03\/a-225x225.jpg 225w, https:\/\/depto51.cl\/blog\/wp-content\/uploads\/2011\/03\/a-145x145.jpg 145w\" sizes=\"(max-width: 150px) 100vw, 150px\" \/><\/a>\n\t\t\t<\/dt><\/dl><br style=\"clear: both\" \/>\n\t\t<\/div>\n\n","protected":false},"excerpt":{"rendered":"<p>Este libro muestra el taller\/habitaci\u00f3n de este pintor anglo-irland\u00e9s, tal cual como lo dej\u00f3 en 1992, luego de 30 a\u00f1os de uso: lleno de tubos de pintura aplastados, telas apiladas, brochas, pinceles, montones de fotos de amigos y modelos, estantes repletos de libros, pruebas de pintura en la pared, etc&#8230; Para nosotros es una prueba&#8230;<\/p>\n","protected":false},"author":2,"featured_media":396,"comment_status":"open","ping_status":"open","sticky":false,"template":"","format":"standard","meta":[],"categories":[1],"tags":[21,36,55,139],"acf":[],"_links":{"self":[{"href":"https:\/\/depto51.cl\/blog\/wp-json\/wp\/v2\/posts\/392"}],"collection":[{"href":"https:\/\/depto51.cl\/blog\/wp-json\/wp\/v2\/posts"}],"about":[{"href":"https:\/\/depto51.cl\/blog\/wp-json\/wp\/v2\/types\/post"}],"author":[{"embeddable":true,"href":"https:\/\/depto51.cl\/blog\/wp-json\/wp\/v2\/users\/2"}],"replies":[{"embeddable":true,"href":"https:\/\/depto51.cl\/blog\/wp-json\/wp\/v2\/comments?post=392"}],"version-history":[{"count":0,"href":"https:\/\/depto51.cl\/blog\/wp-json\/wp\/v2\/posts\/392\/revisions"}],"wp:featuredmedia":[{"embeddable":true,"href":"https:\/\/depto51.cl\/blog\/wp-json\/wp\/v2\/media\/396"}],"wp:attachment":[{"href":"https:\/\/depto51.cl\/blog\/wp-json\/wp\/v2\/media?parent=392"}],"wp:term":[{"taxonomy":"category","embeddable":true,"href":"https:\/\/depto51.cl\/blog\/wp-json\/wp\/v2\/categories?post=392"},{"taxonomy":"post_tag","embeddable":true,"href":"https:\/\/depto51.cl\/blog\/wp-json\/wp\/v2\/tags?post=392"}],"curies":[{"name":"wp","href":"https:\/\/api.w.org\/{rel}","templated":true}]}}