

{"id":38735,"date":"2018-03-05T16:55:54","date_gmt":"2018-03-05T20:55:54","guid":{"rendered":"https:\/\/depto51.cl\/blog\/?p=38735"},"modified":"2018-04-02T16:36:05","modified_gmt":"2018-04-02T20:36:05","slug":"color-lavanda-el-color-que-nunca-pensaste-tener-en-tu-casa","status":"publish","type":"post","link":"https:\/\/depto51.cl\/blog\/2018\/03\/05\/color-lavanda-el-color-que-nunca-pensaste-tener-en-tu-casa\/","title":{"rendered":"Color lavanda: el color que nunca pensaste tener en tu casa"},"content":{"rendered":"<p>El <strong>color lavanda<\/strong> apareci\u00f3 como \u00faltima tendencia cuando <a href=\"https:\/\/www.pantone.com\/\">Pantone<\/a> dio a conocer al mundo su color 2018, el Ultra Violeta, el cual a muchos nos pareci\u00f3 atractivo, pero muy desafiante para el dise\u00f1o de interiores. Sin embargo, como la industria del dise\u00f1o es muy sabia, busc\u00f3 una opci\u00f3n m\u00e1s neutra para estar a la vanguardia: <strong>el lavanda<\/strong>. Un color rescatado de la flor del mismo nombre, primaveral y\u00a0que a su vez no es invasivo para nosotros, los consumidores&#8230;<\/p>\n<p><img loading=\"lazy\" class=\"aligncenter wp-image-38747\" src=\"https:\/\/depto51.cl\/blog\/wp-content\/uploads\/2018\/03\/542c5a6e473d734bfa28166c4933458b.jpg\" alt=\"\" width=\"678\" height=\"678\" srcset=\"https:\/\/depto51.cl\/blog\/wp-content\/uploads\/2018\/03\/542c5a6e473d734bfa28166c4933458b.jpg 564w, https:\/\/depto51.cl\/blog\/wp-content\/uploads\/2018\/03\/542c5a6e473d734bfa28166c4933458b-500x500.jpg 500w, https:\/\/depto51.cl\/blog\/wp-content\/uploads\/2018\/03\/542c5a6e473d734bfa28166c4933458b-150x150.jpg 150w, https:\/\/depto51.cl\/blog\/wp-content\/uploads\/2018\/03\/542c5a6e473d734bfa28166c4933458b-306x306.jpg 306w, https:\/\/depto51.cl\/blog\/wp-content\/uploads\/2018\/03\/542c5a6e473d734bfa28166c4933458b-225x225.jpg 225w, https:\/\/depto51.cl\/blog\/wp-content\/uploads\/2018\/03\/542c5a6e473d734bfa28166c4933458b-145x145.jpg 145w\" sizes=\"(max-width: 678px) 100vw, 678px\" \/><\/p>\n<p>Pero&#8230; \u00bfc\u00f3mo combinaremos este color?, \u00bfd\u00f3nde resaltar\u00e1 m\u00e1s? Te mostramos aqu\u00ed las ideas que amamos con color lavanda!<\/p>\n<p><strong><em>En la cocina<\/em><\/strong><\/p>\n<p><img loading=\"lazy\" class=\"aligncenter wp-image-38742\" src=\"https:\/\/depto51.cl\/blog\/wp-content\/uploads\/2018\/03\/1a.jpg\" alt=\"\" width=\"669\" height=\"773\" srcset=\"https:\/\/depto51.cl\/blog\/wp-content\/uploads\/2018\/03\/1a.jpg 564w, https:\/\/depto51.cl\/blog\/wp-content\/uploads\/2018\/03\/1a-433x500.jpg 433w\" sizes=\"(max-width: 669px) 100vw, 669px\" \/><\/p>\n<p><img loading=\"lazy\" class=\"aligncenter wp-image-38746\" src=\"https:\/\/depto51.cl\/blog\/wp-content\/uploads\/2018\/03\/le-creuset-s-new-cookware-line-captures-2018-s-hottest-color-le-creuset-provence-purple-line-5a4d1b1f604f27084a0d3e62-w1000_h1000.jpg\" alt=\"\" width=\"666\" height=\"933\" srcset=\"https:\/\/depto51.cl\/blog\/wp-content\/uploads\/2018\/03\/le-creuset-s-new-cookware-line-captures-2018-s-hottest-color-le-creuset-provence-purple-line-5a4d1b1f604f27084a0d3e62-w1000_h1000.jpg 685w, https:\/\/depto51.cl\/blog\/wp-content\/uploads\/2018\/03\/le-creuset-s-new-cookware-line-captures-2018-s-hottest-color-le-creuset-provence-purple-line-5a4d1b1f604f27084a0d3e62-w1000_h1000-357x500.jpg 357w\" sizes=\"(max-width: 666px) 100vw, 666px\" \/><\/p>\n<p><strong><em>Juega con la entrada de tu casa<\/em><\/strong><\/p>\n<p><img loading=\"lazy\" class=\"aligncenter  wp-image-38754\" src=\"https:\/\/depto51.cl\/blog\/wp-content\/uploads\/2018\/03\/456f0d4b7180c621e753da527d82fe3f.jpg\" alt=\"\" width=\"662\" height=\"1069\" srcset=\"https:\/\/depto51.cl\/blog\/wp-content\/uploads\/2018\/03\/456f0d4b7180c621e753da527d82fe3f.jpg 564w, https:\/\/depto51.cl\/blog\/wp-content\/uploads\/2018\/03\/456f0d4b7180c621e753da527d82fe3f-310x500.jpg 310w\" sizes=\"(max-width: 662px) 100vw, 662px\" \/><\/p>\n<p><strong><em>Dale un look fresco y relax a tu dormitorio<\/em><\/strong><\/p>\n<p><img loading=\"lazy\" class=\"aligncenter wp-image-38748\" src=\"https:\/\/depto51.cl\/blog\/wp-content\/uploads\/2018\/03\/8ceaaea14448151e11631d4db1d2e896.jpg\" alt=\"\" width=\"656\" height=\"819\" srcset=\"https:\/\/depto51.cl\/blog\/wp-content\/uploads\/2018\/03\/8ceaaea14448151e11631d4db1d2e896.jpg 564w, https:\/\/depto51.cl\/blog\/wp-content\/uploads\/2018\/03\/8ceaaea14448151e11631d4db1d2e896-401x500.jpg 401w\" sizes=\"(max-width: 656px) 100vw, 656px\" \/><\/p>\n<p><img loading=\"lazy\" class=\"aligncenter wp-image-38741\" src=\"https:\/\/depto51.cl\/blog\/wp-content\/uploads\/2018\/03\/1.jpg\" alt=\"\" width=\"655\" height=\"818\" srcset=\"https:\/\/depto51.cl\/blog\/wp-content\/uploads\/2018\/03\/1.jpg 564w, https:\/\/depto51.cl\/blog\/wp-content\/uploads\/2018\/03\/1-401x500.jpg 401w\" sizes=\"(max-width: 655px) 100vw, 655px\" \/><\/p>\n<p><em><strong>\u00bfTe arriesgas a usarlo en el living?<\/strong><\/em><\/p>\n<p><img loading=\"lazy\" class=\"aligncenter wp-image-38749\" src=\"https:\/\/depto51.cl\/blog\/wp-content\/uploads\/2018\/03\/1bf7f3137928ffd585db81fa9e732820.jpg\" alt=\"\" width=\"653\" height=\"809\" srcset=\"https:\/\/depto51.cl\/blog\/wp-content\/uploads\/2018\/03\/1bf7f3137928ffd585db81fa9e732820.jpg 564w, https:\/\/depto51.cl\/blog\/wp-content\/uploads\/2018\/03\/1bf7f3137928ffd585db81fa9e732820-404x500.jpg 404w\" sizes=\"(max-width: 653px) 100vw, 653px\" \/><\/p>\n<p><em><strong>O quiz\u00e1s es mejor en el ba\u00f1o&#8230;<\/strong><\/em><\/p>\n<p><img loading=\"lazy\" class=\"aligncenter  wp-image-38755\" src=\"https:\/\/depto51.cl\/blog\/wp-content\/uploads\/2018\/03\/278502914327bd9fc2ce8a21d4eb4114.jpg\" alt=\"\" width=\"648\" height=\"864\" srcset=\"https:\/\/depto51.cl\/blog\/wp-content\/uploads\/2018\/03\/278502914327bd9fc2ce8a21d4eb4114.jpg 564w, https:\/\/depto51.cl\/blog\/wp-content\/uploads\/2018\/03\/278502914327bd9fc2ce8a21d4eb4114-375x500.jpg 375w\" sizes=\"(max-width: 648px) 100vw, 648px\" \/><\/p>\n<p style=\"text-align: center;\"><strong>\u00bfAdem\u00e1s sentimos que el color lavanda nos da un poco de paz, qu\u00e9 creen ustedes?<\/strong><\/p>\n","protected":false},"excerpt":{"rendered":"<p>El color lavanda apareci\u00f3 como \u00faltima tendencia cuando Pantone dio a conocer al mundo su color 2018, el Ultra Violeta, el cual a muchos nos pareci\u00f3 atractivo, pero muy desafiante para el dise\u00f1o de interiores. Sin embargo, como la industria del dise\u00f1o es muy sabia, busc\u00f3 una opci\u00f3n m\u00e1s neutra para estar a la vanguardia:&#8230;<\/p>\n","protected":false},"author":16412,"featured_media":38856,"comment_status":"open","ping_status":"open","sticky":false,"template":"","format":"standard","meta":[],"categories":[1],"tags":[1206],"acf":[],"_links":{"self":[{"href":"https:\/\/depto51.cl\/blog\/wp-json\/wp\/v2\/posts\/38735"}],"collection":[{"href":"https:\/\/depto51.cl\/blog\/wp-json\/wp\/v2\/posts"}],"about":[{"href":"https:\/\/depto51.cl\/blog\/wp-json\/wp\/v2\/types\/post"}],"author":[{"embeddable":true,"href":"https:\/\/depto51.cl\/blog\/wp-json\/wp\/v2\/users\/16412"}],"replies":[{"embeddable":true,"href":"https:\/\/depto51.cl\/blog\/wp-json\/wp\/v2\/comments?post=38735"}],"version-history":[{"count":0,"href":"https:\/\/depto51.cl\/blog\/wp-json\/wp\/v2\/posts\/38735\/revisions"}],"wp:featuredmedia":[{"embeddable":true,"href":"https:\/\/depto51.cl\/blog\/wp-json\/wp\/v2\/media\/38856"}],"wp:attachment":[{"href":"https:\/\/depto51.cl\/blog\/wp-json\/wp\/v2\/media?parent=38735"}],"wp:term":[{"taxonomy":"category","embeddable":true,"href":"https:\/\/depto51.cl\/blog\/wp-json\/wp\/v2\/categories?post=38735"},{"taxonomy":"post_tag","embeddable":true,"href":"https:\/\/depto51.cl\/blog\/wp-json\/wp\/v2\/tags?post=38735"}],"curies":[{"name":"wp","href":"https:\/\/api.w.org\/{rel}","templated":true}]}}