

{"id":38613,"date":"2018-02-16T12:56:16","date_gmt":"2018-02-16T16:56:16","guid":{"rendered":"https:\/\/depto51.cl\/blog\/?p=38613"},"modified":"2018-04-16T16:59:34","modified_gmt":"2018-04-16T20:59:34","slug":"3-creativas-chilenas-que-revivieron-el-macrame-en-chile","status":"publish","type":"post","link":"https:\/\/depto51.cl\/blog\/2018\/02\/16\/3-creativas-chilenas-que-revivieron-el-macrame-en-chile\/","title":{"rendered":"3 Creativas chilenas que revivieron el macram\u00e9 en Chile"},"content":{"rendered":"<p>En este post queremos compartir a\u00a0<strong>3 mujeres que est\u00e1n revolucionando el arte del macram\u00e9 en Chile<\/strong> y c\u00f3mo llegaron a transformarlo en un estilo de vida. \ud83d\ude42<\/p>\n<p><em><strong>Macram\u00e9<\/strong><\/em> es una palabra de origen franc\u00e9s que significa <em>nudo<\/em>, y es la t\u00e9cnica de crear tejidos usando nudos decorativos a partir solo del uso de las manos y el material, sin que haya otro involucrado. Los materiales necesarios para crear un tejido son el hilo, puede ser algod\u00f3n, yute, lino, etc. y una objeto para ir sujetando, casi siempre es madera.<\/p>\n<p><img loading=\"lazy\" class=\"aligncenter wp-image-38646\" src=\"https:\/\/depto51.cl\/blog\/wp-content\/uploads\/2018\/02\/af15f1010cad4373a06c63d810e361fa.jpg\" alt=\"3 Creativas chilenas que revivieron el macram\u00e9 en Chile\" width=\"616\" height=\"923\" srcset=\"https:\/\/depto51.cl\/blog\/wp-content\/uploads\/2018\/02\/af15f1010cad4373a06c63d810e361fa.jpg 564w, https:\/\/depto51.cl\/blog\/wp-content\/uploads\/2018\/02\/af15f1010cad4373a06c63d810e361fa-334x500.jpg 334w\" sizes=\"(max-width: 616px) 100vw, 616px\" \/><\/p>\n<h1><strong><a href=\"https:\/\/www.instagram.com\/nudo_silvestre\/\">Nudo Silvestre, Valentina Valenzuela<\/a><\/strong><\/h1>\n<p>Valentina fue la primera en traer el macram\u00e9 moderno a Chile, y nos cuenta que su primer acercamiento con el macram\u00e9 fue cuando era chica a trav\u00e9s de un libro que te ense\u00f1aba a hacer pulsera de la amistad. A los 15 a\u00f1os comenz\u00f3 su intercambio a USA, donde deb\u00eda elegir una t\u00e9cnica a aprender y eligi\u00f3 el macram\u00e9 y se enamor\u00f3 de los nudos, ya que es un arte que no tiene ning\u00fan elemento entremedio (ni aguja ni palillo). El contacto y el control directo sobre el material es apasionante.<\/p>\n<p><em>\u00abPersonalmente lo que m\u00e1s me gusta de este arte es que es vers\u00e1til y no tiene escala. Se puede practicar con muchos tipos de colores, materiales y se puede hacer desde una l\u00e1mpara a una vitrina. No tiene l\u00edmites\u00bb<\/em><\/p>\n<p>Para Valentina el macram\u00e9 est\u00e1 ligado a un estilo de vida. Identifica a mucho, llegando a hacer matrimonios decorados con nudos, y a ra\u00edz de eso tambi\u00e9n arrienda altares de matrimonios y decoraci\u00f3n para eventos.<\/p>\n<p>La idea de <a href=\"https:\/\/www.instagram.com\/nudo_silvestre\/\">Nudo Silvestre<\/a> parti\u00f3 cuando vio que el macram\u00e9 era una tendencia mundial y se dio cuenta que en Chile solo exist\u00eda el macram\u00e9 micro, como en collares, pulseras, etc. As\u00ed que despu\u00e9s de hacer un peque\u00f1o estudio de mercado, se decidi\u00f3 a lanzar un emprendimiento. El nombre Nudo Silvestre era perfecto, no era en ingl\u00e9s, ni ten\u00eda la palabra macram\u00e9 pero as\u00ed y todo lograba entender. <em><strong>\u00abNudo Silvestre, trabajando por la reivindicaci\u00f3n del macram\u00e9\u00bb<\/strong><\/em> ese era el sue\u00f1o de esta gran creativa, y que en Chile se le diera un valor a los nudos decorativos, que las personas del macram\u00e9 se empoderaran y para los que no supieran ellas les podr\u00eda ense\u00f1ar!<\/p>\n<div><img loading=\"lazy\" class=\"aligncenter wp-image-38631\" src=\"https:\/\/depto51.cl\/blog\/wp-content\/uploads\/2018\/02\/nudo11.jpg\" alt=\"3 Creativas chilenas que revivieron el macram\u00e9 en Chile\" width=\"600\" height=\"845\" srcset=\"https:\/\/depto51.cl\/blog\/wp-content\/uploads\/2018\/02\/nudo11.jpg 2304w, https:\/\/depto51.cl\/blog\/wp-content\/uploads\/2018\/02\/nudo11-355x500.jpg 355w, https:\/\/depto51.cl\/blog\/wp-content\/uploads\/2018\/02\/nudo11-768x1082.jpg 768w, https:\/\/depto51.cl\/blog\/wp-content\/uploads\/2018\/02\/nudo11-727x1024.jpg 727w\" sizes=\"(max-width: 600px) 100vw, 600px\" \/><\/div>\n<div><\/div>\n<div><img loading=\"lazy\" class=\"aligncenter wp-image-38603\" src=\"https:\/\/depto51.cl\/blog\/wp-content\/uploads\/2018\/02\/nudo3.png\" alt=\"3 Creativas chilenas que revivieron el macram\u00e9 en Chile\" width=\"600\" height=\"537\" srcset=\"https:\/\/depto51.cl\/blog\/wp-content\/uploads\/2018\/02\/nudo3.png 665w, https:\/\/depto51.cl\/blog\/wp-content\/uploads\/2018\/02\/nudo3-500x447.png 500w\" sizes=\"(max-width: 600px) 100vw, 600px\" \/><\/div>\n<div><\/div>\n<div><img loading=\"lazy\" class=\"aligncenter wp-image-38604\" src=\"https:\/\/depto51.cl\/blog\/wp-content\/uploads\/2018\/02\/nudo4.png\" alt=\"3 Creativas chilenas que revivieron el macram\u00e9 en Chile\" width=\"600\" height=\"599\" srcset=\"https:\/\/depto51.cl\/blog\/wp-content\/uploads\/2018\/02\/nudo4.png 595w, https:\/\/depto51.cl\/blog\/wp-content\/uploads\/2018\/02\/nudo4-500x500.png 500w, https:\/\/depto51.cl\/blog\/wp-content\/uploads\/2018\/02\/nudo4-150x150.png 150w, https:\/\/depto51.cl\/blog\/wp-content\/uploads\/2018\/02\/nudo4-306x306.png 306w, https:\/\/depto51.cl\/blog\/wp-content\/uploads\/2018\/02\/nudo4-225x225.png 225w, https:\/\/depto51.cl\/blog\/wp-content\/uploads\/2018\/02\/nudo4-145x145.png 145w\" sizes=\"(max-width: 600px) 100vw, 600px\" \/><\/div>\n<p><strong>Sobre sus talleres<\/strong><\/p>\n<p>La clase de colgadores es una ma\u00f1ana y el de mural 3 tardes seguida. La idea es que se lleven los productos hechos para regalar o para colgar en sus casas. *Entrega todo el material escrito y visual del taller adem\u00e1s de la historia de los nudos.<br \/>\n<strong>Hace clases grupales y particulares.<\/strong><\/p>\n<p>https:\/\/www.instagram.com\/p\/BhXlCGlgNqv\/?taken-by=nudo_silvestre<\/p>\n<p><strong>Mail<\/strong>: <a href=\"mailto:nudosilvestre@gmail.com\">nudosilvestre@gmail.com<\/a><br \/>\n<strong>Instagram<\/strong>: <a href=\"https:\/\/www.instagram.com\/nudo_silvestre\/\">@nudo_silvestre<\/a><\/p>\n<h1><a href=\"https:\/\/www.instagram.com\/mantra.ylw\/\">Mantra YLW, Camila Perdomo<\/a><\/h1>\n<p>Camila es dise\u00f1adora de vestuario y textiles y profesora de Yoga. Aficionada desde chica por las revistas de bordado, tejidos y bisuter\u00eda, donde pasaba tardes y horas haciendo dise\u00f1os.<\/p>\n<p><em>\u00abEn el 2015 me recib\u00ed de Dise\u00f1adora de la Universidad del Pac\u00edfico y decid\u00ed irme con mi Pololo a Australia, all\u00e1 me acerqu\u00e9 mucho al estilo de vida \u00abYogui\u00bb haciendo mi Teacher training en Bali, donde aparte de conocer su cultura me acerqu\u00e9 a su estilo textil donde el te\u00f1ido, el macram\u00e9 y el arte abundaba por todos lados\u00bb<\/em><\/p>\n<p>Al llegar a Chile empez\u00f3 trabajando como profesora de Yoga, hizo un curso de macram\u00e9 y despu\u00e9s de un tiempo lanz\u00f3 su propia marca llamada <a href=\"https:\/\/www.instagram.com\/mantra.ylw\/\"><strong>Mantra<\/strong><\/a>. Ah\u00ed es donde expresa su personalidad, donde cree que cada nudo es un sentimiento que se conecta para llegar al producto final.<\/p>\n<p><em>\u00abEl tejido es un estilo de meditaci\u00f3n donde uno vive el presente, sirve de terapia y distracci\u00f3n a los problemas\u00bb. <\/em>Camila en sus\u00a0productos incluye cuarzos para las energ\u00edas, te\u00f1idos a mano y muebles reciclados. Quiero fomentar la vida saludable, el cuidado del cuerpo, la mente, casa y medio ambiente. Lo principal para mi es que le gente viva en armon\u00eda con ellas mismas, los otros y la naturaleza .<\/p>\n<p><img loading=\"lazy\" class=\"aligncenter wp-image-38608\" src=\"https:\/\/depto51.cl\/blog\/wp-content\/uploads\/2018\/02\/WhatsApp-Image-2018-02-15-at-12.15.17.jpeg\" alt=\"3 Creativas chilenas que revivieron el macram\u00e9 en Chile\" width=\"600\" height=\"450\" srcset=\"https:\/\/depto51.cl\/blog\/wp-content\/uploads\/2018\/02\/WhatsApp-Image-2018-02-15-at-12.15.17.jpeg 1280w, https:\/\/depto51.cl\/blog\/wp-content\/uploads\/2018\/02\/WhatsApp-Image-2018-02-15-at-12.15.17-500x375.jpeg 500w, https:\/\/depto51.cl\/blog\/wp-content\/uploads\/2018\/02\/WhatsApp-Image-2018-02-15-at-12.15.17-768x576.jpeg 768w, https:\/\/depto51.cl\/blog\/wp-content\/uploads\/2018\/02\/WhatsApp-Image-2018-02-15-at-12.15.17-1024x768.jpeg 1024w\" sizes=\"(max-width: 600px) 100vw, 600px\" \/><\/p>\n<p><img loading=\"lazy\" class=\"aligncenter wp-image-38606\" src=\"https:\/\/depto51.cl\/blog\/wp-content\/uploads\/2018\/02\/WhatsApp-Image-2018-02-15-at-12.15.17-1.jpeg\" alt=\"3 Creativas chilenas que revivieron el macram\u00e9 en Chile\" width=\"600\" height=\"450\" srcset=\"https:\/\/depto51.cl\/blog\/wp-content\/uploads\/2018\/02\/WhatsApp-Image-2018-02-15-at-12.15.17-1.jpeg 1280w, https:\/\/depto51.cl\/blog\/wp-content\/uploads\/2018\/02\/WhatsApp-Image-2018-02-15-at-12.15.17-1-500x375.jpeg 500w, https:\/\/depto51.cl\/blog\/wp-content\/uploads\/2018\/02\/WhatsApp-Image-2018-02-15-at-12.15.17-1-768x576.jpeg 768w, https:\/\/depto51.cl\/blog\/wp-content\/uploads\/2018\/02\/WhatsApp-Image-2018-02-15-at-12.15.17-1-1024x768.jpeg 1024w\" sizes=\"(max-width: 600px) 100vw, 600px\" \/><\/p>\n<p><img loading=\"lazy\" class=\"aligncenter wp-image-38607\" src=\"https:\/\/depto51.cl\/blog\/wp-content\/uploads\/2018\/02\/WhatsApp-Image-2018-02-15-at-12.15.17-2.jpeg\" alt=\"3 Creativas chilenas que revivieron el macram\u00e9 en Chile\" width=\"600\" height=\"627\" srcset=\"https:\/\/depto51.cl\/blog\/wp-content\/uploads\/2018\/02\/WhatsApp-Image-2018-02-15-at-12.15.17-2.jpeg 1134w, https:\/\/depto51.cl\/blog\/wp-content\/uploads\/2018\/02\/WhatsApp-Image-2018-02-15-at-12.15.17-2-478x500.jpeg 478w, https:\/\/depto51.cl\/blog\/wp-content\/uploads\/2018\/02\/WhatsApp-Image-2018-02-15-at-12.15.17-2-768x803.jpeg 768w, https:\/\/depto51.cl\/blog\/wp-content\/uploads\/2018\/02\/WhatsApp-Image-2018-02-15-at-12.15.17-2-980x1024.jpeg 980w\" sizes=\"(max-width: 600px) 100vw, 600px\" \/><\/p>\n<p><strong>Sobre sus Talleres<\/strong><br \/>\nEste a\u00f1o comenzar\u00e1 a realizar talleres grupales de Macram\u00e9 donde habr\u00e1n distintos niveles. Cada alumno podr\u00e1 llegar al nivel que desee y podr\u00e1 disfrutar de esta t\u00e9cnica que para mi es arte y meditaci\u00f3n.<\/p>\n<p>https:\/\/www.instagram.com\/p\/BhRbkZ1F9zh\/?taken-by=mantra.ylw<\/p>\n<p><strong>Whatsapp<\/strong>: +56 9 8209 5967<br \/>\n<strong>Mail<\/strong>: capudomo@hotmail.com<br \/>\n<strong>Instagram<\/strong>: <a href=\"https:\/\/www.instagram.com\/mantra.ylw\/\">@mantra.ylw<\/a><\/p>\n<h1><strong><a href=\"https:\/\/www.instagram.com\/filodendro__\/\">Filodendro, Carla Castro<\/a><\/strong><\/h1>\n<p>Aprendi\u00f3 macram\u00e9 hace 10 a\u00f1os con una amiga en su viaje al sur. Y en su viaje se fue encontrando con personas con las que fuimos compartiendo conocimientos, entre ellas, su amiga Meli, la cual le ense\u00f1\u00f3 hacer formas m\u00e1s complejas.<\/p>\n<p>Durante 10 a\u00f1os le a dado muchas vueltas al macram\u00e9, es su terapia creativa, es una t\u00e9cnica la cual domina con facilidad, la cual la hace sentir bien, al igual que el crochet. Las posibilidades de crear son infinitas, as\u00ed como las combinaciones de colores, material, etc. Tambi\u00e9n me gusta lo primitivo que es, se necesitan solo dos herramientas, tus manos y alguna fibra que puedas hacer lazos y anudarlas.<\/p>\n<p><em>\u00abEn Julio del 2016 cuando nace su hijo I\u00f1aki, y cuatro meses m\u00e1s tarde, bajo la necesidad de estar en casa con \u00e9l, criando y cre\u00e1ndose, nace tambi\u00e9n <a href=\"https:\/\/www.instagram.com\/filodendro__\/\">Filodendro<\/a>. Para ocupar el tiempo mientras amamantaba a libre demanda descubr\u00ed Instagram d\u00f3nde aparece el macram\u00e9 de forma explosiva en creatividad!, hecho en su mayor\u00eda por mujeres bacanes y que daba vuelta el mundo. Ve\u00eda al fin el macram\u00e9 en una versi\u00f3n moderna, en la decoraci\u00f3n llevada mas all\u00e1 de los colgantes de plantas de los a\u00f1os 60 y llevada a un contexto mucho m\u00e1s grande y expansivo\u00bb.<\/em><\/p>\n<p><em>\u00abEsto ha sido una buena experiencia para sentir el vinculo humano, ya sea, trueques, colaboraciones que he hecho, que me han hecho conocer personas bacanes y es lo que me hace estar ac\u00e1 cont\u00e1ndoles mi experiencia con los nudos en este blog\u00a0 y esperando seguir conociendo personas interesadas en este arte, poder transmitirlo y seguir creando\u00bb.<\/em><\/p>\n<p><img loading=\"lazy\" class=\"aligncenter wp-image-38636\" src=\"https:\/\/depto51.cl\/blog\/wp-content\/uploads\/2018\/02\/MG_8701.jpg\" alt=\"3 Creativas chilenas que revivieron el macram\u00e9 en Chile\" width=\"600\" height=\"900\" srcset=\"https:\/\/depto51.cl\/blog\/wp-content\/uploads\/2018\/02\/MG_8701.jpg 1000w, https:\/\/depto51.cl\/blog\/wp-content\/uploads\/2018\/02\/MG_8701-333x500.jpg 333w, https:\/\/depto51.cl\/blog\/wp-content\/uploads\/2018\/02\/MG_8701-768x1152.jpg 768w, https:\/\/depto51.cl\/blog\/wp-content\/uploads\/2018\/02\/MG_8701-683x1024.jpg 683w\" sizes=\"(max-width: 600px) 100vw, 600px\" \/><\/p>\n<p><img loading=\"lazy\" class=\"aligncenter wp-image-38637\" src=\"https:\/\/depto51.cl\/blog\/wp-content\/uploads\/2018\/02\/19237885_1385639891523224_7933253755261761039_o.jpg\" alt=\"3 Creativas chilenas que revivieron el macram\u00e9 en Chile\" width=\"600\" height=\"750\" srcset=\"https:\/\/depto51.cl\/blog\/wp-content\/uploads\/2018\/02\/19237885_1385639891523224_7933253755261761039_o.jpg 1080w, https:\/\/depto51.cl\/blog\/wp-content\/uploads\/2018\/02\/19237885_1385639891523224_7933253755261761039_o-400x500.jpg 400w, https:\/\/depto51.cl\/blog\/wp-content\/uploads\/2018\/02\/19237885_1385639891523224_7933253755261761039_o-768x960.jpg 768w, https:\/\/depto51.cl\/blog\/wp-content\/uploads\/2018\/02\/19237885_1385639891523224_7933253755261761039_o-819x1024.jpg 819w\" sizes=\"(max-width: 600px) 100vw, 600px\" \/><\/p>\n<p><img loading=\"lazy\" class=\"aligncenter wp-image-38638\" src=\"https:\/\/depto51.cl\/blog\/wp-content\/uploads\/2018\/02\/23783781_1530686183685260_5973390230444715839_o.jpg\" alt=\"3 Creativas chilenas que revivieron el macram\u00e9 en Chile\" width=\"599\" height=\"475\" srcset=\"https:\/\/depto51.cl\/blog\/wp-content\/uploads\/2018\/02\/23783781_1530686183685260_5973390230444715839_o.jpg 1080w, https:\/\/depto51.cl\/blog\/wp-content\/uploads\/2018\/02\/23783781_1530686183685260_5973390230444715839_o-500x397.jpg 500w, https:\/\/depto51.cl\/blog\/wp-content\/uploads\/2018\/02\/23783781_1530686183685260_5973390230444715839_o-768x609.jpg 768w, https:\/\/depto51.cl\/blog\/wp-content\/uploads\/2018\/02\/23783781_1530686183685260_5973390230444715839_o-1024x813.jpg 1024w\" sizes=\"(max-width: 599px) 100vw, 599px\" \/><\/p>\n<p><strong>Sobre sus Talleres<\/strong><\/p>\n<p>Mural 1,2 y 3, Colgantes de plantas, centro de mesa y asesor\u00eda en proyectos creativos.<br \/>\nValor por taller $40.000 \/ Incluye materiales<br \/>\nComuna de Las Condes \/ La Reina<br \/>\nTalleres personalizados, a domicilio y a grupos de amigos<br \/>\nDescuentos alumnas que hayan tomado por lo menos un taller conmigo \ud83d\ude42<br \/>\nPedidos de caminos de mesa, altares, pantalla de lamparas, murales, columpios para guaguas, etc.<\/p>\n<p>https:\/\/www.instagram.com\/p\/Bgyl76tHmur\/?taken-by=filodendro__<\/p>\n<p><strong>Mail<\/strong>: <a href=\"mailto:filodendrotejido@gmail.com\">filodendrotejido@gmail.com<\/a><br \/>\n<strong>Instagram<\/strong>: <a href=\"https:\/\/www.instagram.com\/filodendro__\/\">@filodendro_<\/a><\/p>\n","protected":false},"excerpt":{"rendered":"<p>En este post queremos compartir a\u00a03 mujeres que est\u00e1n revolucionando el arte del macram\u00e9 en Chile y c\u00f3mo llegaron a transformarlo en un estilo de vida. \ud83d\ude42 Macram\u00e9 es una palabra de origen franc\u00e9s que significa nudo, y es la t\u00e9cnica de crear tejidos usando nudos decorativos a partir solo del uso de las manos&#8230;<\/p>\n","protected":false},"author":16412,"featured_media":38631,"comment_status":"open","ping_status":"open","sticky":false,"template":"","format":"standard","meta":[],"categories":[13],"tags":[1179],"acf":[],"_links":{"self":[{"href":"https:\/\/depto51.cl\/blog\/wp-json\/wp\/v2\/posts\/38613"}],"collection":[{"href":"https:\/\/depto51.cl\/blog\/wp-json\/wp\/v2\/posts"}],"about":[{"href":"https:\/\/depto51.cl\/blog\/wp-json\/wp\/v2\/types\/post"}],"author":[{"embeddable":true,"href":"https:\/\/depto51.cl\/blog\/wp-json\/wp\/v2\/users\/16412"}],"replies":[{"embeddable":true,"href":"https:\/\/depto51.cl\/blog\/wp-json\/wp\/v2\/comments?post=38613"}],"version-history":[{"count":0,"href":"https:\/\/depto51.cl\/blog\/wp-json\/wp\/v2\/posts\/38613\/revisions"}],"wp:featuredmedia":[{"embeddable":true,"href":"https:\/\/depto51.cl\/blog\/wp-json\/wp\/v2\/media\/38631"}],"wp:attachment":[{"href":"https:\/\/depto51.cl\/blog\/wp-json\/wp\/v2\/media?parent=38613"}],"wp:term":[{"taxonomy":"category","embeddable":true,"href":"https:\/\/depto51.cl\/blog\/wp-json\/wp\/v2\/categories?post=38613"},{"taxonomy":"post_tag","embeddable":true,"href":"https:\/\/depto51.cl\/blog\/wp-json\/wp\/v2\/tags?post=38613"}],"curies":[{"name":"wp","href":"https:\/\/api.w.org\/{rel}","templated":true}]}}