

{"id":37180,"date":"2017-06-15T16:16:05","date_gmt":"2017-06-15T20:16:05","guid":{"rendered":"https:\/\/depto51.cl\/blog\/?p=37180"},"modified":"2018-05-23T17:55:52","modified_gmt":"2018-05-23T21:55:52","slug":"6-muebles-modernos-para-casas-modernas","status":"publish","type":"post","link":"https:\/\/depto51.cl\/blog\/2017\/06\/15\/6-muebles-modernos-para-casas-modernas\/","title":{"rendered":"Muebles modernos para casas modernas"},"content":{"rendered":"<p>Si est\u00e1s\u00a0leyendo este post es porque seguramente eres una persona que ama el dise\u00f1o con locura y quieres tener una casa que refleje muy bien tu gusto y tu personalidad. Pero cuando se trata de muebles, \u00bfest\u00e1s al tanto de las \u00faltimas tendencias? Si\u00a0tienes una casa moderna, lo m\u00e1s recomendable\u00a0es que te motives a\u00a0elegir\u00a0<strong>muebles modernos<\/strong> que vayan a tono con la arquitectura y decoraci\u00f3n de tu casa.<\/p>\n<p>En este post, te mostraremos nuestros 10 elegidos en <strong>muebles<\/strong>\u00a0<strong>modernos<\/strong> para que no tengas que buscar por todo Chile para encontrarlos:<\/p>\n<h2><strong><a href=\"https:\/\/depto51.com\/search?q=medular+canelo+mesa\">Mesa de Comedor Canelo<\/a><\/strong><\/h2>\n<p>La marca chilena <strong><a href=\"https:\/\/depto51.com\/collections\/medular\">Medular<\/a><\/strong> lanz\u00f3 su nueva colecci\u00f3n de mesas modernas de\u00a0comedor y la verdad es que los resultados son geniales! Mesas de madera de pino, con su textura y color caracter\u00edstico que hoy est\u00e1 siendo tendencia en los hogares modernos. Ideal para espacios m\u00e1s peque\u00f1os, pero que a\u00fan as\u00ed saben como\u00a0resaltar con estilo.<\/p>\n<p><a href=\"https:\/\/depto51.com\/pages\/search-results-page?q=mesa+comedor+canelo\" rel=\"attachment wp-att-37257\"><img loading=\"lazy\" class=\"aligncenter  wp-image-37257\" src=\"https:\/\/depto51.cl\/blog\/wp-content\/uploads\/2017\/06\/1002003000403-500x400.jpg\" alt=\"100200300040(3)\" width=\"550\" height=\"440\" srcset=\"https:\/\/depto51.cl\/blog\/wp-content\/uploads\/2017\/06\/1002003000403-500x400.jpg 500w, https:\/\/depto51.cl\/blog\/wp-content\/uploads\/2017\/06\/1002003000403-768x614.jpg 768w, https:\/\/depto51.cl\/blog\/wp-content\/uploads\/2017\/06\/1002003000403-1024x819.jpg 1024w, https:\/\/depto51.cl\/blog\/wp-content\/uploads\/2017\/06\/1002003000403.jpg 1200w\" sizes=\"(max-width: 550px) 100vw, 550px\" \/><\/a><\/p>\n<h2><strong><a href=\"https:\/\/depto51.com\/collections\/kab-mobel\">Mueble Modular Kab Mobel<\/a><\/strong><\/h2>\n<p>M\u00e1s que decorar a veces tambi\u00e9n hay que elegir el lado pr\u00e1ctico, sobre todo en casas con\u00a0ni\u00f1os o donde se acumulan muchos objetos! Lo mejor de estos muebles es lo f\u00e1cil y lo pr\u00e1cticos que son a la hora de armarlos y adaptarlo a la forma que t\u00fa le quieras dar, ya que no necesitan ni clavos ni tornillos solo echar a volar tu creatividad. 100% Lavables y reutilizables hechos de resistente pl\u00e1stico ABS. Despreoc\u00fapate de armar y desarmar, atr\u00e9vete con este mueble para tu casa!<\/p>\n<p><a href=\"https:\/\/depto51.com\/collections\/kab-mobel\" rel=\"attachment wp-att-37259\"><img loading=\"lazy\" class=\"aligncenter  wp-image-37259\" src=\"https:\/\/depto51.cl\/blog\/wp-content\/uploads\/2017\/06\/1011_6-500x500.jpg\" alt=\"1011_6\" width=\"550\" height=\"550\" srcset=\"https:\/\/depto51.cl\/blog\/wp-content\/uploads\/2017\/06\/1011_6-500x500.jpg 500w, https:\/\/depto51.cl\/blog\/wp-content\/uploads\/2017\/06\/1011_6-768x768.jpg 768w, https:\/\/depto51.cl\/blog\/wp-content\/uploads\/2017\/06\/1011_6-150x150.jpg 150w, https:\/\/depto51.cl\/blog\/wp-content\/uploads\/2017\/06\/1011_6-306x306.jpg 306w, https:\/\/depto51.cl\/blog\/wp-content\/uploads\/2017\/06\/1011_6-225x225.jpg 225w, https:\/\/depto51.cl\/blog\/wp-content\/uploads\/2017\/06\/1011_6-145x145.jpg 145w, https:\/\/depto51.cl\/blog\/wp-content\/uploads\/2017\/06\/1011_6.jpg 960w\" sizes=\"(max-width: 550px) 100vw, 550px\" \/><\/a><\/p>\n<h2><strong><a href=\"https:\/\/depto51.com\/collections\/medular\/products\/aparador-atacama\">Aparador Atacama<\/a><\/strong><\/h2>\n<p>A\u00a0muchos les\u00a0gustan los muebles cl\u00e1sicos y la marca chilena <a href=\"https:\/\/depto51.com\/collections\/medular\">Medular<\/a> logra con el <a href=\"https:\/\/depto51.com\/collections\/medular\/products\/aparador-atacama\">Aparador Atacama<\/a> encontrar ese equilibrio entre lo cl\u00e1sico y lo vanguardista para terminar con\u00a0un <strong>mueble moderno<\/strong>, lleno de estilo. Con grandes compartimientos, agujeros para los cables y altura perfecta para destacar con accesorios de decoraci\u00f3n, una tele, o lo que tu prefieras.<\/p>\n<p><a href=\"https:\/\/depto51.com\/products\/aparador-atacama\" rel=\"attachment wp-att-37255\"><img loading=\"lazy\" class=\"aligncenter  wp-image-37255\" src=\"https:\/\/depto51.cl\/blog\/wp-content\/uploads\/2017\/06\/APARADOR-ATACAMA-CHERRY-2-500x500.jpg\" alt=\"APARADOR ATACAMA CHERRY 2\" width=\"550\" height=\"550\" srcset=\"https:\/\/depto51.cl\/blog\/wp-content\/uploads\/2017\/06\/APARADOR-ATACAMA-CHERRY-2-500x500.jpg 500w, https:\/\/depto51.cl\/blog\/wp-content\/uploads\/2017\/06\/APARADOR-ATACAMA-CHERRY-2-768x768.jpg 768w, https:\/\/depto51.cl\/blog\/wp-content\/uploads\/2017\/06\/APARADOR-ATACAMA-CHERRY-2-150x150.jpg 150w, https:\/\/depto51.cl\/blog\/wp-content\/uploads\/2017\/06\/APARADOR-ATACAMA-CHERRY-2-306x306.jpg 306w, https:\/\/depto51.cl\/blog\/wp-content\/uploads\/2017\/06\/APARADOR-ATACAMA-CHERRY-2-225x225.jpg 225w, https:\/\/depto51.cl\/blog\/wp-content\/uploads\/2017\/06\/APARADOR-ATACAMA-CHERRY-2-145x145.jpg 145w, https:\/\/depto51.cl\/blog\/wp-content\/uploads\/2017\/06\/APARADOR-ATACAMA-CHERRY-2.jpg 960w\" sizes=\"(max-width: 550px) 100vw, 550px\" \/><\/a><\/p>\n<h2><strong><a href=\"https:\/\/depto51.com\/collections\/medular\/products\/rack-bajo-atacama-cherry\">Rack Atacama<\/a><\/strong><\/h2>\n<p><a href=\"https:\/\/depto51.com\/collections\/medular\">Medular<\/a> supo juntar simplicidad y estilo para\u00a0convertirlo en este rack. Este mueble es especial para quienes buscan muebles bajos, los cuales dan otro ambiente a tu hogar\u00a0y logran mostrarlo m\u00e1s\u00a0amplio y despejado. Su sistema de patas tiene una sutil evocaci\u00f3n a muebles cl\u00e1sicos\u00a0pero con toques de modernidad.<\/p>\n<p><a href=\"https:\/\/depto51.com\/products\/rack-bajo-atacama-cherry\" rel=\"attachment wp-att-37254\"><img loading=\"lazy\" class=\"aligncenter  wp-image-37254\" src=\"https:\/\/depto51.cl\/blog\/wp-content\/uploads\/2017\/06\/4-500x500.png\" alt=\"4\" width=\"550\" height=\"550\" srcset=\"https:\/\/depto51.cl\/blog\/wp-content\/uploads\/2017\/06\/4-500x500.png 500w, https:\/\/depto51.cl\/blog\/wp-content\/uploads\/2017\/06\/4-768x768.png 768w, https:\/\/depto51.cl\/blog\/wp-content\/uploads\/2017\/06\/4-150x150.png 150w, https:\/\/depto51.cl\/blog\/wp-content\/uploads\/2017\/06\/4-306x306.png 306w, https:\/\/depto51.cl\/blog\/wp-content\/uploads\/2017\/06\/4-225x225.png 225w, https:\/\/depto51.cl\/blog\/wp-content\/uploads\/2017\/06\/4-145x145.png 145w, https:\/\/depto51.cl\/blog\/wp-content\/uploads\/2017\/06\/4.png 960w\" sizes=\"(max-width: 550px) 100vw, 550px\" \/><\/a><\/p>\n<h2><strong><a href=\"https:\/\/depto51.com\/collections\/medular\/products\/rack-stop\">Rack Stop<\/a><\/strong><\/h2>\n<p>Este mueble es uno de los m\u00e1s amados y buscados por quienes aman el dise\u00f1o. El <a href=\"https:\/\/depto51.com\/collections\/medular\/products\/rack-stop\">Rack Stop <\/a>ha sido uno de los productos que ha marcado una gran tendencia en el tema de muebles para casas m\u00e1s peque\u00f1as y que buscan tener estilo y vanguardia.<\/p>\n<p><a href=\"https:\/\/depto51.com\/products\/rack-stop\" rel=\"attachment wp-att-37256\"><img loading=\"lazy\" class=\"aligncenter  wp-image-37256\" src=\"https:\/\/depto51.cl\/blog\/wp-content\/uploads\/2017\/06\/RACK-STOP-2-500x500.jpg\" alt=\"RACK STOP 2\" width=\"550\" height=\"550\" srcset=\"https:\/\/depto51.cl\/blog\/wp-content\/uploads\/2017\/06\/RACK-STOP-2-500x500.jpg 500w, https:\/\/depto51.cl\/blog\/wp-content\/uploads\/2017\/06\/RACK-STOP-2-768x768.jpg 768w, https:\/\/depto51.cl\/blog\/wp-content\/uploads\/2017\/06\/RACK-STOP-2-150x150.jpg 150w, https:\/\/depto51.cl\/blog\/wp-content\/uploads\/2017\/06\/RACK-STOP-2-306x306.jpg 306w, https:\/\/depto51.cl\/blog\/wp-content\/uploads\/2017\/06\/RACK-STOP-2-225x225.jpg 225w, https:\/\/depto51.cl\/blog\/wp-content\/uploads\/2017\/06\/RACK-STOP-2-145x145.jpg 145w, https:\/\/depto51.cl\/blog\/wp-content\/uploads\/2017\/06\/RACK-STOP-2.jpg 960w\" sizes=\"(max-width: 550px) 100vw, 550px\" \/><\/a><\/p>\n<h2><strong><a href=\"https:\/\/depto51.com\/collections\/medular\/products\/mesa-de-centro-pehuen\">Mesa de Centro Pehu\u00e9n<\/a><\/strong><\/h2>\n<p>Realmente de todas las maneras que puedas ocupar\u00a0esta mesa se ver\u00e1 espectacular, sin o con accesorios. Son tres mesas en una! Puedes dejarlas juntas o separarlas y elegir lugares en tu casa para lucir cada una de ellas.<\/p>\n<p><a href=\"https:\/\/depto51.com\/products\/mesa-de-centro-pehuen\" rel=\"attachment wp-att-37258\"><img loading=\"lazy\" class=\"aligncenter size-medium wp-image-37258\" src=\"https:\/\/depto51.cl\/blog\/wp-content\/uploads\/2017\/06\/MESA-PEHUEN-3-500x500.jpg\" alt=\"MESA PEHUEN 3\" width=\"500\" height=\"500\" srcset=\"https:\/\/depto51.cl\/blog\/wp-content\/uploads\/2017\/06\/MESA-PEHUEN-3-500x500.jpg 500w, https:\/\/depto51.cl\/blog\/wp-content\/uploads\/2017\/06\/MESA-PEHUEN-3-768x768.jpg 768w, https:\/\/depto51.cl\/blog\/wp-content\/uploads\/2017\/06\/MESA-PEHUEN-3-150x150.jpg 150w, https:\/\/depto51.cl\/blog\/wp-content\/uploads\/2017\/06\/MESA-PEHUEN-3-306x306.jpg 306w, https:\/\/depto51.cl\/blog\/wp-content\/uploads\/2017\/06\/MESA-PEHUEN-3-225x225.jpg 225w, https:\/\/depto51.cl\/blog\/wp-content\/uploads\/2017\/06\/MESA-PEHUEN-3-145x145.jpg 145w, https:\/\/depto51.cl\/blog\/wp-content\/uploads\/2017\/06\/MESA-PEHUEN-3.jpg 960w\" sizes=\"(max-width: 500px) 100vw, 500px\" \/><\/a><\/p>\n","protected":false},"excerpt":{"rendered":"<p>Si est\u00e1s\u00a0leyendo este post es porque seguramente eres una persona que ama el dise\u00f1o con locura y quieres tener una casa que refleje muy bien tu gusto y tu personalidad. Pero cuando se trata de muebles, \u00bfest\u00e1s al tanto de las \u00faltimas tendencias? Si\u00a0tienes una casa moderna, lo m\u00e1s recomendable\u00a0es que te motives a\u00a0elegir\u00a0muebles modernos&#8230;<\/p>\n","protected":false},"author":1,"featured_media":37256,"comment_status":"open","ping_status":"open","sticky":false,"template":"","format":"standard","meta":[],"categories":[1],"tags":[1153],"acf":[],"_links":{"self":[{"href":"https:\/\/depto51.cl\/blog\/wp-json\/wp\/v2\/posts\/37180"}],"collection":[{"href":"https:\/\/depto51.cl\/blog\/wp-json\/wp\/v2\/posts"}],"about":[{"href":"https:\/\/depto51.cl\/blog\/wp-json\/wp\/v2\/types\/post"}],"author":[{"embeddable":true,"href":"https:\/\/depto51.cl\/blog\/wp-json\/wp\/v2\/users\/1"}],"replies":[{"embeddable":true,"href":"https:\/\/depto51.cl\/blog\/wp-json\/wp\/v2\/comments?post=37180"}],"version-history":[{"count":0,"href":"https:\/\/depto51.cl\/blog\/wp-json\/wp\/v2\/posts\/37180\/revisions"}],"wp:featuredmedia":[{"embeddable":true,"href":"https:\/\/depto51.cl\/blog\/wp-json\/wp\/v2\/media\/37256"}],"wp:attachment":[{"href":"https:\/\/depto51.cl\/blog\/wp-json\/wp\/v2\/media?parent=37180"}],"wp:term":[{"taxonomy":"category","embeddable":true,"href":"https:\/\/depto51.cl\/blog\/wp-json\/wp\/v2\/categories?post=37180"},{"taxonomy":"post_tag","embeddable":true,"href":"https:\/\/depto51.cl\/blog\/wp-json\/wp\/v2\/tags?post=37180"}],"curies":[{"name":"wp","href":"https:\/\/api.w.org\/{rel}","templated":true}]}}