

{"id":37168,"date":"2017-06-01T10:00:33","date_gmt":"2017-06-01T14:00:33","guid":{"rendered":"https:\/\/depto51.cl\/blog\/?p=37168"},"modified":"2017-06-01T10:00:33","modified_gmt":"2017-06-01T14:00:33","slug":"la-mesa-tulip-saarinen","status":"publish","type":"post","link":"https:\/\/depto51.cl\/blog\/2017\/06\/01\/la-mesa-tulip-saarinen\/","title":{"rendered":"La mesa Tulip Saarinen"},"content":{"rendered":"<p style=\"text-align: justify;\">La <strong>mesa Tulip<\/strong> Saarinen dise\u00f1ada por el dise\u00f1ador Finland\u00e9s-Americano\u00a0<a href=\"https:\/\/en.wikipedia.org\/wiki\/Eero_Saarinen\" target=\"_blank\">Eero Saarinen<\/a>\u00a0(1910-1961)\u00a0es una mesa perfecta para espacios peque\u00f1os, presenta el elemento que <a href=\"https:\/\/en.wikipedia.org\/wiki\/Eero_Saarinen\" target=\"_blank\">Eero Saarinen <\/a>quer\u00eda lograr\u00a0de ser una mesa minimalista, por tal raz\u00f3n no tiene patas. Fue creada en el 1957 y sali\u00f3 a la venta en <a href=\"https:\/\/www.knoll.com\/shop\/by-category\/knoll-classics\/eero-saarinen-collection\" target=\"_blank\">Knoll<\/a> bajo <a href=\"https:\/\/www.knoll.com\/shop\/by-category\/knoll-classics\/eero-saarinen-collection\" target=\"_blank\">Pedestal Collection<\/a>. Por lo regular siempre vemos a la\u00a0<strong>mesa Tulip<\/strong> en color blanca, pero tambi\u00e9n viene en color negra y en varios tama\u00f1os. Es una mesa simple, hermosa e ideal.<\/p>\n<p style=\"text-align: center;\"><img loading=\"lazy\" class=\"aligncenter wp-image-37169 size-full\" src=\"https:\/\/depto51.cl\/blog\/wp-content\/uploads\/2017\/05\/foto1-4.jpg\" alt=\"foto1\" width=\"500\" height=\"364\" \/><\/p>\n<p style=\"text-align: center;\"><img loading=\"lazy\" class=\"aligncenter wp-image-37170 size-full\" src=\"https:\/\/depto51.cl\/blog\/wp-content\/uploads\/2017\/05\/foto2-3.jpg\" alt=\"foto2\" width=\"564\" height=\"846\" srcset=\"https:\/\/depto51.cl\/blog\/wp-content\/uploads\/2017\/05\/foto2-3.jpg 564w, https:\/\/depto51.cl\/blog\/wp-content\/uploads\/2017\/05\/foto2-3-333x500.jpg 333w\" sizes=\"(max-width: 564px) 100vw, 564px\" \/><\/p>\n<p style=\"text-align: center;\"><img loading=\"lazy\" class=\"aligncenter wp-image-37171 size-full\" src=\"https:\/\/depto51.cl\/blog\/wp-content\/uploads\/2017\/05\/foto3-2.jpg\" alt=\"foto3\" width=\"525\" height=\"787\" srcset=\"https:\/\/depto51.cl\/blog\/wp-content\/uploads\/2017\/05\/foto3-2.jpg 525w, https:\/\/depto51.cl\/blog\/wp-content\/uploads\/2017\/05\/foto3-2-334x500.jpg 334w\" sizes=\"(max-width: 525px) 100vw, 525px\" \/><\/p>\n<p style=\"text-align: center;\"><img loading=\"lazy\" class=\"aligncenter wp-image-37172 size-full\" src=\"https:\/\/depto51.cl\/blog\/wp-content\/uploads\/2017\/05\/foto4-3.jpg\" alt=\"foto4\" width=\"499\" height=\"750\" srcset=\"https:\/\/depto51.cl\/blog\/wp-content\/uploads\/2017\/05\/foto4-3.jpg 499w, https:\/\/depto51.cl\/blog\/wp-content\/uploads\/2017\/05\/foto4-3-333x500.jpg 333w\" sizes=\"(max-width: 499px) 100vw, 499px\" \/><\/p>\n<p style=\"text-align: center;\"><img loading=\"lazy\" class=\"aligncenter wp-image-37173 size-full\" src=\"https:\/\/depto51.cl\/blog\/wp-content\/uploads\/2017\/05\/foto5-4.jpg\" alt=\"foto5\" width=\"564\" height=\"796\" srcset=\"https:\/\/depto51.cl\/blog\/wp-content\/uploads\/2017\/05\/foto5-4.jpg 564w, https:\/\/depto51.cl\/blog\/wp-content\/uploads\/2017\/05\/foto5-4-354x500.jpg 354w\" sizes=\"(max-width: 564px) 100vw, 564px\" \/><\/p>\n<p style=\"text-align: center;\"><img loading=\"lazy\" class=\"aligncenter wp-image-37174 size-full\" src=\"https:\/\/depto51.cl\/blog\/wp-content\/uploads\/2017\/05\/foto6-4.jpg\" alt=\"foto6\" width=\"500\" height=\"750\" srcset=\"https:\/\/depto51.cl\/blog\/wp-content\/uploads\/2017\/05\/foto6-4.jpg 500w, https:\/\/depto51.cl\/blog\/wp-content\/uploads\/2017\/05\/foto6-4-333x500.jpg 333w\" sizes=\"(max-width: 500px) 100vw, 500px\" \/><\/p>\n<p style=\"text-align: center;\"><a href=\"https:\/\/vegar.wordpress.com\/2007\/01\/06\/cherner-armchair\/zm_7053_8jpg\/\" target=\"_blank\">1<\/a> <a href=\"http:\/\/seesbysanni.blogspot.fi\/search?updated-max=2013-07-26T09:57:00%2B03:00&amp;max-results=8&amp;start=112&amp;by-date=false\" target=\"_blank\">2<\/a> <a href=\"http:\/\/nordicdesign.ca\/curated-and-ethereal-apartment-by-studio-oink\/\" target=\"_blank\">3<\/a> <a href=\"http:\/\/notes.analogdialog.com\/post\/24408296406\" target=\"_blank\">4<\/a> <a href=\"http:\/\/www.mydomaine.com\/dark-interiors\/slide7\" target=\"_blank\">5<\/a> <a href=\"http:\/\/modernfindings.tumblr.com\/post\/16687847697\/lindsey-adelman\" target=\"_blank\">6<\/a><\/p>\n","protected":false},"excerpt":{"rendered":"<p>La mesa Tulip Saarinen dise\u00f1ada por el dise\u00f1ador Finland\u00e9s-Americano\u00a0Eero Saarinen\u00a0(1910-1961)\u00a0es una mesa perfecta para espacios peque\u00f1os, presenta el elemento que Eero Saarinen quer\u00eda lograr\u00a0de ser una mesa minimalista, por tal raz\u00f3n no tiene patas. Fue creada en el 1957 y sali\u00f3 a la venta en Knoll bajo Pedestal Collection. Por lo regular siempre vemos a&#8230;<\/p>\n","protected":false},"author":500,"featured_media":37169,"comment_status":"open","ping_status":"open","sticky":false,"template":"","format":"standard","meta":[],"categories":[1],"tags":[929],"acf":[],"_links":{"self":[{"href":"https:\/\/depto51.cl\/blog\/wp-json\/wp\/v2\/posts\/37168"}],"collection":[{"href":"https:\/\/depto51.cl\/blog\/wp-json\/wp\/v2\/posts"}],"about":[{"href":"https:\/\/depto51.cl\/blog\/wp-json\/wp\/v2\/types\/post"}],"author":[{"embeddable":true,"href":"https:\/\/depto51.cl\/blog\/wp-json\/wp\/v2\/users\/500"}],"replies":[{"embeddable":true,"href":"https:\/\/depto51.cl\/blog\/wp-json\/wp\/v2\/comments?post=37168"}],"version-history":[{"count":0,"href":"https:\/\/depto51.cl\/blog\/wp-json\/wp\/v2\/posts\/37168\/revisions"}],"wp:featuredmedia":[{"embeddable":true,"href":"https:\/\/depto51.cl\/blog\/wp-json\/wp\/v2\/media\/37169"}],"wp:attachment":[{"href":"https:\/\/depto51.cl\/blog\/wp-json\/wp\/v2\/media?parent=37168"}],"wp:term":[{"taxonomy":"category","embeddable":true,"href":"https:\/\/depto51.cl\/blog\/wp-json\/wp\/v2\/categories?post=37168"},{"taxonomy":"post_tag","embeddable":true,"href":"https:\/\/depto51.cl\/blog\/wp-json\/wp\/v2\/tags?post=37168"}],"curies":[{"name":"wp","href":"https:\/\/api.w.org\/{rel}","templated":true}]}}