

{"id":36160,"date":"2016-09-30T11:27:02","date_gmt":"2016-09-30T15:27:02","guid":{"rendered":"https:\/\/depto51.cl\/blog\/?p=36160"},"modified":"2018-01-10T09:55:08","modified_gmt":"2018-01-10T13:55:08","slug":"segunda-temporada-de-la-serie-manufactura","status":"publish","type":"post","link":"https:\/\/depto51.cl\/blog\/2016\/09\/30\/segunda-temporada-de-la-serie-manufactura\/","title":{"rendered":"Segunda temporada de la serie Manufactura"},"content":{"rendered":"<p style=\"text-align: justify;\">La\u00a0segunda etapa del proyecto ser\u00e1 estrenada el pr\u00f3ximo martes 4 de octubre aqu\u00ed en <strong>Depto51,<\/strong> trav\u00e9s de\u00a0<a href=\"http:\/\/www.seriemanufactura.cl\" target=\"_blank\">www.seriemanufactura.cl<\/a>\u00a0y\u00a0Canal 13C y estar\u00e1 dividida en dos tandas, 6 cap\u00edtulos\u00a0ser\u00e1n estrenados semanalmente entre octubre y noviembre del presente a\u00f1o y los 6 restantes\u00a0entre marzo y abril del 2017.<\/p>\n<p><iframe loading=\"lazy\" src=\"https:\/\/www.youtube.com\/embed\/zYy-W5L9FoQ\" width=\"560\" height=\"315\" frameborder=\"0\" allowfullscreen=\"allowfullscreen\"><\/iframe><\/p>\n<p style=\"text-align: justify;\">La serie en esta segunda temporada contar\u00e1 con la participaci\u00f3n de marcas y\u00a0personajes del dise\u00f1o local de los que somos muy fans, entre los que destacan <a href=\"http:\/\/www.maderistica.cl\/\" target=\"_blank\">Mader\u00edstica<\/a>\u200b, <a href=\"https:\/\/www.facebook.com\/12narecicla\/\" target=\"_blank\">12-na<\/a>\u200b, <a href=\"http:\/\/www.zapateriamaestra.com\" target=\"_blank\">Zapater\u00eda Maestra<\/a>\u200b,\u00a0<a href=\"http:\/\/nomade-leathergoods.cl\/\" target=\"_blank\">N\u00f3made Leather Goods<\/a> y <a href=\"http:\/\/thewoolfellas.com\/\" target=\"_blank\">The Wool Fellas<\/a> desde octubre de este a\u00f1o y <a href=\"http:\/\/bicla.cl\/\" target=\"_blank\">Bicla<\/a>\u200b, <a href=\"http:\/\/bordadorasdeislanegra.com\/en\/\" target=\"_blank\">Bordadoras de\u00a0Isla Negra<\/a>\u200b, <a href=\"http:\/\/www.estudionueve.com\/\" target=\"_blank\">Estudio Nueve<\/a> y <a href=\"http:\/\/www.theandeshouse.com\/\" target=\"_blank\">The Andes House<\/a> desde marzo del 2017, entre otros.<\/p>\n<p style=\"text-align: justify;\"><img loading=\"lazy\" class=\"aligncenter size-full wp-image-36162\" src=\"https:\/\/depto51.cl\/blog\/wp-content\/uploads\/2016\/09\/ROV8982.jpg\" alt=\"_rov8982\" width=\"2000\" height=\"2997\" srcset=\"https:\/\/depto51.cl\/blog\/wp-content\/uploads\/2016\/09\/ROV8982.jpg 2000w, https:\/\/depto51.cl\/blog\/wp-content\/uploads\/2016\/09\/ROV8982-334x500.jpg 334w, https:\/\/depto51.cl\/blog\/wp-content\/uploads\/2016\/09\/ROV8982-768x1151.jpg 768w, https:\/\/depto51.cl\/blog\/wp-content\/uploads\/2016\/09\/ROV8982-683x1024.jpg 683w\" sizes=\"(max-width: 2000px) 100vw, 2000px\" \/><\/p>\n<p style=\"text-align: justify;\">MANUFACTURA Es una iniciativa audiovisual que retrata proyectos de manufactura local.\u00a0Aborda a quienes optaron por un camino alternativo, en donde un producto es el resultado de\u00a0trabajo, dedicaci\u00f3n y honestidad.\u00a0No son antiguos artesanos, son j\u00f3venes quienes, insertos en una sociedad hipermoderna,\u00a0combinan tecnolog\u00eda, creatividad y respeto por lo hecho a mano. Estos breves retratos\u00a0estimulan la reflexi\u00f3n sobre un mundo saturado de objetos, pregunt\u00e1ndose \u00bfQui\u00e9n est\u00e1 detr\u00e1s\u00a0de aquello que consumimos?<\/p>\n<p>\u201cManufactura como proyecto integral busca poner el lente y reflexionar sobre los distintos\u00a0valores que presentan nuestros creadores, pero m\u00e1s que en relaci\u00f3n con el dise\u00f1o y los procesos\u00a0de producci\u00f3n, en relaci\u00f3n a las ideas y procesos creativos. Entendemos tambi\u00e9n que hoy los\u00a0proyectos audiovisuales tienen una responsabilidad con su p\u00fablico, en donde con una propuesta\u00a0visual poco herm\u00e9tica y de lenguaje sencillo, busca reflexionar\u201d. Agreg\u00f3 Sebasti\u00e1n Arriagada,\u00a0director de la serie.<\/p>\n<p><img loading=\"lazy\" class=\"aligncenter size-full wp-image-36163\" src=\"https:\/\/depto51.cl\/blog\/wp-content\/uploads\/2016\/09\/ROV1061.jpg\" alt=\"_rov1061\" width=\"2000\" height=\"2997\" srcset=\"https:\/\/depto51.cl\/blog\/wp-content\/uploads\/2016\/09\/ROV1061.jpg 2000w, https:\/\/depto51.cl\/blog\/wp-content\/uploads\/2016\/09\/ROV1061-334x500.jpg 334w, https:\/\/depto51.cl\/blog\/wp-content\/uploads\/2016\/09\/ROV1061-768x1151.jpg 768w, https:\/\/depto51.cl\/blog\/wp-content\/uploads\/2016\/09\/ROV1061-683x1024.jpg 683w\" sizes=\"(max-width: 2000px) 100vw, 2000px\" \/><\/p>\n<p><img loading=\"lazy\" class=\"aligncenter size-full wp-image-36164\" src=\"https:\/\/depto51.cl\/blog\/wp-content\/uploads\/2016\/09\/ROV2716.jpg\" alt=\"_rov2716\" width=\"2000\" height=\"1335\" srcset=\"https:\/\/depto51.cl\/blog\/wp-content\/uploads\/2016\/09\/ROV2716.jpg 2000w, https:\/\/depto51.cl\/blog\/wp-content\/uploads\/2016\/09\/ROV2716-500x334.jpg 500w, https:\/\/depto51.cl\/blog\/wp-content\/uploads\/2016\/09\/ROV2716-768x513.jpg 768w, https:\/\/depto51.cl\/blog\/wp-content\/uploads\/2016\/09\/ROV2716-1024x684.jpg 1024w\" sizes=\"(max-width: 2000px) 100vw, 2000px\" \/><\/p>\n<p>La realizaci\u00f3n de esta segunda temporada es posible gracias a los aportes del CNCA FONDART\u00a0Nacional y ARAUCO\u200b, que permitieron el desarrollo de estos doce nuevos cap\u00edtulos subtitulados\u00a0al ingles y que estar\u00e1n disponibles a trav\u00e9s de la web www.seriemanufactura.cl, 13C y sus\u00a0canales oficiales. No olvides seguir el proyecto a trav\u00e9s de <a href=\"https:\/\/www.facebook.com\/ManufacturaCL\/?fref=ts\" target=\"_blank\">Facebook<\/a>\u00a0e <a href=\"https:\/\/www.instagram.com\/manufacturacl\/\" target=\"_blank\">Instagram<\/a>.<\/p>\n","protected":false},"excerpt":{"rendered":"<p>La\u00a0segunda etapa del proyecto ser\u00e1 estrenada el pr\u00f3ximo martes 4 de octubre aqu\u00ed en Depto51, trav\u00e9s de\u00a0www.seriemanufactura.cl\u00a0y\u00a0Canal 13C y estar\u00e1 dividida en dos tandas, 6 cap\u00edtulos\u00a0ser\u00e1n estrenados semanalmente entre octubre y noviembre del presente a\u00f1o y los 6 restantes\u00a0entre marzo y abril del 2017. La serie en esta segunda temporada contar\u00e1 con la participaci\u00f3n de&#8230;<\/p>\n","protected":false},"author":1,"featured_media":36162,"comment_status":"open","ping_status":"open","sticky":false,"template":"","format":"standard","meta":[],"categories":[1193,13],"tags":[1147],"acf":[],"_links":{"self":[{"href":"https:\/\/depto51.cl\/blog\/wp-json\/wp\/v2\/posts\/36160"}],"collection":[{"href":"https:\/\/depto51.cl\/blog\/wp-json\/wp\/v2\/posts"}],"about":[{"href":"https:\/\/depto51.cl\/blog\/wp-json\/wp\/v2\/types\/post"}],"author":[{"embeddable":true,"href":"https:\/\/depto51.cl\/blog\/wp-json\/wp\/v2\/users\/1"}],"replies":[{"embeddable":true,"href":"https:\/\/depto51.cl\/blog\/wp-json\/wp\/v2\/comments?post=36160"}],"version-history":[{"count":0,"href":"https:\/\/depto51.cl\/blog\/wp-json\/wp\/v2\/posts\/36160\/revisions"}],"wp:featuredmedia":[{"embeddable":true,"href":"https:\/\/depto51.cl\/blog\/wp-json\/wp\/v2\/media\/36162"}],"wp:attachment":[{"href":"https:\/\/depto51.cl\/blog\/wp-json\/wp\/v2\/media?parent=36160"}],"wp:term":[{"taxonomy":"category","embeddable":true,"href":"https:\/\/depto51.cl\/blog\/wp-json\/wp\/v2\/categories?post=36160"},{"taxonomy":"post_tag","embeddable":true,"href":"https:\/\/depto51.cl\/blog\/wp-json\/wp\/v2\/tags?post=36160"}],"curies":[{"name":"wp","href":"https:\/\/api.w.org\/{rel}","templated":true}]}}