

{"id":35805,"date":"2016-08-09T14:00:54","date_gmt":"2016-08-09T18:00:54","guid":{"rendered":"https:\/\/depto51.cl\/blog\/?p=35805"},"modified":"2018-01-10T09:54:02","modified_gmt":"2018-01-10T13:54:02","slug":"studio-tour-blanco-recoleta","status":"publish","type":"post","link":"https:\/\/depto51.cl\/blog\/2016\/08\/09\/studio-tour-blanco-recoleta\/","title":{"rendered":"Studio Tour: IF Blanco Recoleta"},"content":{"rendered":"<p style=\"text-align: justify;\">En esta antigua f\u00e1brica de vidrios ubicada al costado del Cerro Blanco, en Recoleta, se respira un aire muy especial. En este lugar hay ganas de hacer cosas, de innovar, de emprender y de creer que todo es posible. <a href=\"http:\/\/www.ifblanco.cl\" target=\"_blank\">IF Blanco<\/a> es un espacio colaborativo donde un experto en caf\u00e9\u00a0y\u00a0un experto en rob\u00f3tica comparten\u00a0almuerzos y conocimientos y donde se trabaja\u00a0con pasi\u00f3n desde una perspectiva constructiva\u00a0e inspiradora. Aqu\u00ed\u00a0hay emprendimientos sociales, un <a href=\"http:\/\/www.rotatecno.com\" target=\"_blank\">laboratorio de rob\u00f3tica<\/a>, una\u00a0<a href=\"http:\/\/fabricademedios.cl\" target=\"_blank\">f\u00e1brica de medios <\/a>(co-work), <a href=\"http:\/\/www.elestudio.cl\/\" target=\"_blank\">un estudio de foto\/publicidad<\/a>, una <a href=\"http:\/\/www.cafealtura.cl\" target=\"_blank\">tostadur\u00eda de caf\u00e9<\/a> y se viene un Taller de Orfebrer\u00eda, un Laboratorio de Internet de las cosas\u00a0y la Fundaci\u00f3n Mustakis.<\/p>\n<p style=\"text-align: justify;\"><strong>Mat\u00edas Silva (pen\u00faltimo de izquierda a derecha) nos acompa\u00f1\u00f3 en este Studio Tour y nos contest\u00f3 este cuestionario<\/strong>.<\/p>\n<p><img loading=\"lazy\" class=\"aligncenter size-full wp-image-35830\" src=\"https:\/\/depto51.cl\/blog\/wp-content\/uploads\/2016\/08\/IF-Blanco-Recoleta_64-copy.jpg\" alt=\"IF Blanco Recoleta_64 copy\" width=\"1000\" height=\"668\" srcset=\"https:\/\/depto51.cl\/blog\/wp-content\/uploads\/2016\/08\/IF-Blanco-Recoleta_64-copy.jpg 1000w, https:\/\/depto51.cl\/blog\/wp-content\/uploads\/2016\/08\/IF-Blanco-Recoleta_64-copy-500x334.jpg 500w, https:\/\/depto51.cl\/blog\/wp-content\/uploads\/2016\/08\/IF-Blanco-Recoleta_64-copy-768x513.jpg 768w\" sizes=\"(max-width: 1000px) 100vw, 1000px\" \/><\/p>\n<p style=\"text-align: justify;\"><strong>\u00bfC\u00f3mo naci\u00f3 la idea de IF Blanco?<\/strong><br \/>\nEste lugar fue originalmente una f\u00e1brica de vidrios, luego pas\u00f3 a ser una f\u00e1brica de muebles muy finos y cuando dej\u00f3 de funcionar hubieron distintos arrendatarios que lo usaron como centro de eventos y bodegas hasta que lo compraron los actuales due\u00f1os, Nicol\u00e1s Vargas y Luis Fernandez. Ellos apostaron por este espacio y pasaron por varias ideas, desde\u00a0transformarlo en talleres de confecci\u00f3n textil hasta vender a un supermercado o alg\u00fan proyecto inmobiliario residencial. Por suerte nada de eso los convenci\u00f3 mucho y se empezaron a encari\u00f1ar con el lugar, el barrio y la energ\u00eda que tiene esta f\u00e1brica. En esto\u00a0Nico viaj\u00f3 a Espa\u00f1a y conoci\u00f3 lo que estaba pasando en Barcelona con las f\u00e1bricas de creaci\u00f3n, que al igual que este lugar, son edificios antiguos en desuso ubicados en el coraz\u00f3n de la ciudad y que dejaron de funcionar para lo que fueron proyectados y el \u00e1rea cultural del Ayuntamiento de BCN los transform\u00f3 en espacios donde se desarrollan proyectos culturales y de innovaci\u00f3n. Al volver\u00a0a Chile, Nico ya sab\u00eda lo que quer\u00eda hacer con la f\u00e1brica se lo cont\u00f3 a Lucho y empezaron a convocar gente para llenar el espacio. Pero no fue\u00a0tan f\u00e1cil&#8230; agotaron todos los contactos pero no hab\u00eda mucho inter\u00e9s en venirse a Recoleta, adem\u00e1s tampoco\u00a0ten\u00edan el know-how del negocio,. Entre medio, un socio de Nico le mostr\u00f3 un art\u00edculo del IF Italia donde entrevistaban a la Alejandra Mustakis sobre\u00a0su f\u00e1brica de ideas. Fue una se\u00f1al divina de que hab\u00eda que unir fuerzas!!! EL IF ya ten\u00eda un camino recorrido y en Recoleta eso pod\u00eda funcionar, fueron s\u00faper visionarios y siguieron un sue\u00f1o que hoy es una realidad. Estamos con la f\u00e1brica\u00a0casi llena, repleta de emprendedores, laboratorios y organizaciones que creyeron en el proyecto.<\/p>\n<p style=\"text-align: justify;\"><strong>\u00bfC\u00f3mo es el ambiente de trabajo?<\/strong><br \/>\nEs un ambiente muy buena onda, con mucha energ\u00eda y pasi\u00f3n, nada de relajado, todos est\u00e1n full comprometidos con sus emprendimientos \/proyectos y se siente el ritmo. Eso no implica que siempre paramos y nos reunimos a la hora de almuerzo o a compartir un caf\u00e9.<\/p>\n<p style=\"text-align: justify;\"><span style=\"line-height: 1.5;\"><strong>Una pregunta m\u00e1s personal, en cuanto a tu trabajo, sientes que \u00abla hiciste\u00bb? <\/strong><br \/>\nPara m\u00ed el trabajo es como una carrera de cross country llena de obst\u00e1culos y con muchas etapas algunas muy dif\u00edciles, agotadoras y otras m\u00e1s f\u00e1ciles y donde uno disfruta m\u00e1s. El \u00e9xito lo medir\u00e1 el entorno cercano y en el largo plazo, yo estoy convencido de que estoy en el lugar donde quiero estar en este momento, aprendiendo y compartiendo con gente muy entretenida y tod@s secos en sus rubros lo cual me motiva y desaf\u00eda bastante. Antes de llegar al iF, Nicol\u00e1s Vargas \u00a0me pregunt\u00f3 si ya estaba listo para cambiar el mundo, qued\u00e9 marcando ocupado&#8230;\u00c9l se ri\u00f3 y me dijo \u00abeso es lo que hacemos todos los d\u00edas en el iF, quieres ser parte?\u00bb Suena medio clich\u00e9 pero es importante darse cuenta cu\u00e1les son las motivaciones personales, qu\u00e9 nos gusta hacer y para qu\u00e9 lo hacemo. Cuando me desmotivo, me acuerdo de esa invitaci\u00f3n y se me pasa la tontera rapidito! Es fascinante darse cuenta que uno est\u00e1 poniendo un granito de arena en generar esta gran comunidad que no es s\u00f3lo en Recoleta sino adem\u00e1s en Av. Italia, Valpara\u00edso y qui\u00e9n sabe hasta donde llegar\u00e1&#8230; muy lejos de todas maneras!<\/span><\/p>\n<p style=\"text-align: justify;\"><a href=\"http:\/\/www.elisaghv.com\/\" target=\"_blank\">Fotos por: Elisa Garc\u00eda Huidobro<\/a><\/p>\n<p><img loading=\"lazy\" class=\"aligncenter size-full wp-image-35829\" src=\"https:\/\/depto51.cl\/blog\/wp-content\/uploads\/2016\/08\/IF-Blanco-Recoleta_61-copy.jpg\" alt=\"IF Blanco Recoleta_61 copy\" width=\"1000\" height=\"1498\" srcset=\"https:\/\/depto51.cl\/blog\/wp-content\/uploads\/2016\/08\/IF-Blanco-Recoleta_61-copy.jpg 1000w, https:\/\/depto51.cl\/blog\/wp-content\/uploads\/2016\/08\/IF-Blanco-Recoleta_61-copy-334x500.jpg 334w, https:\/\/depto51.cl\/blog\/wp-content\/uploads\/2016\/08\/IF-Blanco-Recoleta_61-copy-768x1150.jpg 768w, https:\/\/depto51.cl\/blog\/wp-content\/uploads\/2016\/08\/IF-Blanco-Recoleta_61-copy-684x1024.jpg 684w\" sizes=\"(max-width: 1000px) 100vw, 1000px\" \/><\/p>\n<p><img loading=\"lazy\" class=\"aligncenter size-full wp-image-35828\" src=\"https:\/\/depto51.cl\/blog\/wp-content\/uploads\/2016\/08\/IF-Blanco-Recoleta_60-copy.jpg\" alt=\"IF Blanco Recoleta_60 copy\" width=\"1000\" height=\"668\" srcset=\"https:\/\/depto51.cl\/blog\/wp-content\/uploads\/2016\/08\/IF-Blanco-Recoleta_60-copy.jpg 1000w, https:\/\/depto51.cl\/blog\/wp-content\/uploads\/2016\/08\/IF-Blanco-Recoleta_60-copy-500x334.jpg 500w, https:\/\/depto51.cl\/blog\/wp-content\/uploads\/2016\/08\/IF-Blanco-Recoleta_60-copy-768x513.jpg 768w\" sizes=\"(max-width: 1000px) 100vw, 1000px\" \/><\/p>\n<p><img loading=\"lazy\" class=\"aligncenter size-full wp-image-35826\" src=\"https:\/\/depto51.cl\/blog\/wp-content\/uploads\/2016\/08\/IF-Blanco-Recoleta_55-copy.jpg\" alt=\"IF Blanco Recoleta_55 copy\" width=\"1000\" height=\"668\" srcset=\"https:\/\/depto51.cl\/blog\/wp-content\/uploads\/2016\/08\/IF-Blanco-Recoleta_55-copy.jpg 1000w, https:\/\/depto51.cl\/blog\/wp-content\/uploads\/2016\/08\/IF-Blanco-Recoleta_55-copy-500x334.jpg 500w, https:\/\/depto51.cl\/blog\/wp-content\/uploads\/2016\/08\/IF-Blanco-Recoleta_55-copy-768x513.jpg 768w\" sizes=\"(max-width: 1000px) 100vw, 1000px\" \/><\/p>\n<p><img loading=\"lazy\" class=\"aligncenter size-full wp-image-35825\" src=\"https:\/\/depto51.cl\/blog\/wp-content\/uploads\/2016\/08\/IF-Blanco-Recoleta_49-copy.jpg\" alt=\"IF Blanco Recoleta_49 copy\" width=\"1000\" height=\"667\" srcset=\"https:\/\/depto51.cl\/blog\/wp-content\/uploads\/2016\/08\/IF-Blanco-Recoleta_49-copy.jpg 1000w, https:\/\/depto51.cl\/blog\/wp-content\/uploads\/2016\/08\/IF-Blanco-Recoleta_49-copy-500x334.jpg 500w, https:\/\/depto51.cl\/blog\/wp-content\/uploads\/2016\/08\/IF-Blanco-Recoleta_49-copy-768x512.jpg 768w\" sizes=\"(max-width: 1000px) 100vw, 1000px\" \/><\/p>\n<p><img loading=\"lazy\" class=\"aligncenter size-full wp-image-35824\" src=\"https:\/\/depto51.cl\/blog\/wp-content\/uploads\/2016\/08\/IF-Blanco-Recoleta_47-copy.jpg\" alt=\"IF Blanco Recoleta_47 copy\" width=\"1000\" height=\"668\" srcset=\"https:\/\/depto51.cl\/blog\/wp-content\/uploads\/2016\/08\/IF-Blanco-Recoleta_47-copy.jpg 1000w, https:\/\/depto51.cl\/blog\/wp-content\/uploads\/2016\/08\/IF-Blanco-Recoleta_47-copy-500x334.jpg 500w, https:\/\/depto51.cl\/blog\/wp-content\/uploads\/2016\/08\/IF-Blanco-Recoleta_47-copy-768x513.jpg 768w\" sizes=\"(max-width: 1000px) 100vw, 1000px\" \/><\/p>\n<p><img loading=\"lazy\" class=\"aligncenter size-full wp-image-35821\" src=\"https:\/\/depto51.cl\/blog\/wp-content\/uploads\/2016\/08\/IF-Blanco-Recoleta_42-copy.jpg\" alt=\"IF Blanco Recoleta_42 copy\" width=\"1000\" height=\"668\" srcset=\"https:\/\/depto51.cl\/blog\/wp-content\/uploads\/2016\/08\/IF-Blanco-Recoleta_42-copy.jpg 1000w, https:\/\/depto51.cl\/blog\/wp-content\/uploads\/2016\/08\/IF-Blanco-Recoleta_42-copy-500x334.jpg 500w, https:\/\/depto51.cl\/blog\/wp-content\/uploads\/2016\/08\/IF-Blanco-Recoleta_42-copy-768x513.jpg 768w\" sizes=\"(max-width: 1000px) 100vw, 1000px\" \/><\/p>\n<p><img loading=\"lazy\" class=\"aligncenter size-full wp-image-35822\" src=\"https:\/\/depto51.cl\/blog\/wp-content\/uploads\/2016\/08\/IF-Blanco-Recoleta_45-copy.jpg\" alt=\"IF Blanco Recoleta_45 copy\" width=\"1000\" height=\"668\" srcset=\"https:\/\/depto51.cl\/blog\/wp-content\/uploads\/2016\/08\/IF-Blanco-Recoleta_45-copy.jpg 1000w, https:\/\/depto51.cl\/blog\/wp-content\/uploads\/2016\/08\/IF-Blanco-Recoleta_45-copy-500x334.jpg 500w, https:\/\/depto51.cl\/blog\/wp-content\/uploads\/2016\/08\/IF-Blanco-Recoleta_45-copy-768x513.jpg 768w\" sizes=\"(max-width: 1000px) 100vw, 1000px\" \/><\/p>\n<p><img loading=\"lazy\" class=\"aligncenter size-full wp-image-35823\" src=\"https:\/\/depto51.cl\/blog\/wp-content\/uploads\/2016\/08\/IF-Blanco-Recoleta_46-copy.jpg\" alt=\"IF Blanco Recoleta_46 copy\" width=\"1000\" height=\"668\" srcset=\"https:\/\/depto51.cl\/blog\/wp-content\/uploads\/2016\/08\/IF-Blanco-Recoleta_46-copy.jpg 1000w, https:\/\/depto51.cl\/blog\/wp-content\/uploads\/2016\/08\/IF-Blanco-Recoleta_46-copy-500x334.jpg 500w, https:\/\/depto51.cl\/blog\/wp-content\/uploads\/2016\/08\/IF-Blanco-Recoleta_46-copy-768x513.jpg 768w\" sizes=\"(max-width: 1000px) 100vw, 1000px\" \/><\/p>\n<p><img loading=\"lazy\" class=\"aligncenter size-full wp-image-35806\" src=\"https:\/\/depto51.cl\/blog\/wp-content\/uploads\/2016\/08\/IF-Blanco-Recoleta_4-copy.jpg\" alt=\"IF Blanco Recoleta_4 copy\" width=\"1000\" height=\"668\" srcset=\"https:\/\/depto51.cl\/blog\/wp-content\/uploads\/2016\/08\/IF-Blanco-Recoleta_4-copy.jpg 1000w, https:\/\/depto51.cl\/blog\/wp-content\/uploads\/2016\/08\/IF-Blanco-Recoleta_4-copy-500x334.jpg 500w, https:\/\/depto51.cl\/blog\/wp-content\/uploads\/2016\/08\/IF-Blanco-Recoleta_4-copy-768x513.jpg 768w\" sizes=\"(max-width: 1000px) 100vw, 1000px\" \/><\/p>\n<p><img loading=\"lazy\" class=\"aligncenter size-full wp-image-35808\" src=\"https:\/\/depto51.cl\/blog\/wp-content\/uploads\/2016\/08\/IF-Blanco-Recoleta_19-copy.jpg\" alt=\"IF Blanco Recoleta_19 copy\" width=\"1000\" height=\"668\" srcset=\"https:\/\/depto51.cl\/blog\/wp-content\/uploads\/2016\/08\/IF-Blanco-Recoleta_19-copy.jpg 1000w, https:\/\/depto51.cl\/blog\/wp-content\/uploads\/2016\/08\/IF-Blanco-Recoleta_19-copy-500x334.jpg 500w, https:\/\/depto51.cl\/blog\/wp-content\/uploads\/2016\/08\/IF-Blanco-Recoleta_19-copy-768x513.jpg 768w\" sizes=\"(max-width: 1000px) 100vw, 1000px\" \/><\/p>\n<p><img loading=\"lazy\" class=\"aligncenter size-full wp-image-35807\" src=\"https:\/\/depto51.cl\/blog\/wp-content\/uploads\/2016\/08\/IF-Blanco-Recoleta_6-copy.jpg\" alt=\"IF Blanco Recoleta_6 copy\" width=\"1000\" height=\"668\" srcset=\"https:\/\/depto51.cl\/blog\/wp-content\/uploads\/2016\/08\/IF-Blanco-Recoleta_6-copy.jpg 1000w, https:\/\/depto51.cl\/blog\/wp-content\/uploads\/2016\/08\/IF-Blanco-Recoleta_6-copy-500x334.jpg 500w, https:\/\/depto51.cl\/blog\/wp-content\/uploads\/2016\/08\/IF-Blanco-Recoleta_6-copy-768x513.jpg 768w\" sizes=\"(max-width: 1000px) 100vw, 1000px\" \/><\/p>\n<p><img loading=\"lazy\" class=\"aligncenter size-full wp-image-35809\" src=\"https:\/\/depto51.cl\/blog\/wp-content\/uploads\/2016\/08\/IF-Blanco-Recoleta_20-copy.jpg\" alt=\"IF Blanco Recoleta_20 copy\" width=\"1000\" height=\"668\" srcset=\"https:\/\/depto51.cl\/blog\/wp-content\/uploads\/2016\/08\/IF-Blanco-Recoleta_20-copy.jpg 1000w, https:\/\/depto51.cl\/blog\/wp-content\/uploads\/2016\/08\/IF-Blanco-Recoleta_20-copy-500x334.jpg 500w, https:\/\/depto51.cl\/blog\/wp-content\/uploads\/2016\/08\/IF-Blanco-Recoleta_20-copy-768x513.jpg 768w\" sizes=\"(max-width: 1000px) 100vw, 1000px\" \/><\/p>\n<p><img loading=\"lazy\" class=\"aligncenter size-full wp-image-35810\" src=\"https:\/\/depto51.cl\/blog\/wp-content\/uploads\/2016\/08\/IF-Blanco-Recoleta_21-copy.jpg\" alt=\"IF Blanco Recoleta_21 copy\" width=\"1000\" height=\"668\" srcset=\"https:\/\/depto51.cl\/blog\/wp-content\/uploads\/2016\/08\/IF-Blanco-Recoleta_21-copy.jpg 1000w, https:\/\/depto51.cl\/blog\/wp-content\/uploads\/2016\/08\/IF-Blanco-Recoleta_21-copy-500x334.jpg 500w, https:\/\/depto51.cl\/blog\/wp-content\/uploads\/2016\/08\/IF-Blanco-Recoleta_21-copy-768x513.jpg 768w\" sizes=\"(max-width: 1000px) 100vw, 1000px\" \/><\/p>\n<p><img loading=\"lazy\" class=\"aligncenter size-full wp-image-35813\" src=\"https:\/\/depto51.cl\/blog\/wp-content\/uploads\/2016\/08\/IF-Blanco-Recoleta_28-copy.jpg\" alt=\"IF Blanco Recoleta_28 copy\" width=\"1000\" height=\"668\" srcset=\"https:\/\/depto51.cl\/blog\/wp-content\/uploads\/2016\/08\/IF-Blanco-Recoleta_28-copy.jpg 1000w, https:\/\/depto51.cl\/blog\/wp-content\/uploads\/2016\/08\/IF-Blanco-Recoleta_28-copy-500x334.jpg 500w, https:\/\/depto51.cl\/blog\/wp-content\/uploads\/2016\/08\/IF-Blanco-Recoleta_28-copy-768x513.jpg 768w\" sizes=\"(max-width: 1000px) 100vw, 1000px\" \/><\/p>\n<p><img loading=\"lazy\" class=\"aligncenter size-full wp-image-35816\" src=\"https:\/\/depto51.cl\/blog\/wp-content\/uploads\/2016\/08\/IF-Blanco-Recoleta_32-copy.jpg\" alt=\"IF Blanco Recoleta_32 copy\" width=\"1000\" height=\"1498\" srcset=\"https:\/\/depto51.cl\/blog\/wp-content\/uploads\/2016\/08\/IF-Blanco-Recoleta_32-copy.jpg 1000w, https:\/\/depto51.cl\/blog\/wp-content\/uploads\/2016\/08\/IF-Blanco-Recoleta_32-copy-334x500.jpg 334w, https:\/\/depto51.cl\/blog\/wp-content\/uploads\/2016\/08\/IF-Blanco-Recoleta_32-copy-768x1150.jpg 768w, https:\/\/depto51.cl\/blog\/wp-content\/uploads\/2016\/08\/IF-Blanco-Recoleta_32-copy-684x1024.jpg 684w\" sizes=\"(max-width: 1000px) 100vw, 1000px\" \/><\/p>\n<p><img loading=\"lazy\" class=\"aligncenter size-full wp-image-35812\" src=\"https:\/\/depto51.cl\/blog\/wp-content\/uploads\/2016\/08\/IF-Blanco-Recoleta_25-copy.jpg\" alt=\"IF Blanco Recoleta_25 copy\" width=\"1000\" height=\"668\" srcset=\"https:\/\/depto51.cl\/blog\/wp-content\/uploads\/2016\/08\/IF-Blanco-Recoleta_25-copy.jpg 1000w, https:\/\/depto51.cl\/blog\/wp-content\/uploads\/2016\/08\/IF-Blanco-Recoleta_25-copy-500x334.jpg 500w, https:\/\/depto51.cl\/blog\/wp-content\/uploads\/2016\/08\/IF-Blanco-Recoleta_25-copy-768x513.jpg 768w\" sizes=\"(max-width: 1000px) 100vw, 1000px\" \/><\/p>\n<p><img loading=\"lazy\" class=\"aligncenter size-full wp-image-35814\" src=\"https:\/\/depto51.cl\/blog\/wp-content\/uploads\/2016\/08\/IF-Blanco-Recoleta_30-copy.jpg\" alt=\"IF Blanco Recoleta_30 copy\" width=\"1000\" height=\"1498\" srcset=\"https:\/\/depto51.cl\/blog\/wp-content\/uploads\/2016\/08\/IF-Blanco-Recoleta_30-copy.jpg 1000w, https:\/\/depto51.cl\/blog\/wp-content\/uploads\/2016\/08\/IF-Blanco-Recoleta_30-copy-334x500.jpg 334w, https:\/\/depto51.cl\/blog\/wp-content\/uploads\/2016\/08\/IF-Blanco-Recoleta_30-copy-768x1150.jpg 768w, https:\/\/depto51.cl\/blog\/wp-content\/uploads\/2016\/08\/IF-Blanco-Recoleta_30-copy-684x1024.jpg 684w\" sizes=\"(max-width: 1000px) 100vw, 1000px\" \/><\/p>\n<p><img loading=\"lazy\" class=\"aligncenter size-full wp-image-35815\" src=\"https:\/\/depto51.cl\/blog\/wp-content\/uploads\/2016\/08\/IF-Blanco-Recoleta_31-copy.jpg\" alt=\"IF Blanco Recoleta_31 copy\" width=\"1000\" height=\"1498\" srcset=\"https:\/\/depto51.cl\/blog\/wp-content\/uploads\/2016\/08\/IF-Blanco-Recoleta_31-copy.jpg 1000w, https:\/\/depto51.cl\/blog\/wp-content\/uploads\/2016\/08\/IF-Blanco-Recoleta_31-copy-334x500.jpg 334w, https:\/\/depto51.cl\/blog\/wp-content\/uploads\/2016\/08\/IF-Blanco-Recoleta_31-copy-768x1150.jpg 768w, https:\/\/depto51.cl\/blog\/wp-content\/uploads\/2016\/08\/IF-Blanco-Recoleta_31-copy-684x1024.jpg 684w\" sizes=\"(max-width: 1000px) 100vw, 1000px\" \/><\/p>\n<p><img loading=\"lazy\" class=\"aligncenter size-full wp-image-35827\" src=\"https:\/\/depto51.cl\/blog\/wp-content\/uploads\/2016\/08\/IF-Blanco-Recoleta_59-copy.jpg\" alt=\"IF Blanco Recoleta_59 copy\" width=\"1000\" height=\"1498\" srcset=\"https:\/\/depto51.cl\/blog\/wp-content\/uploads\/2016\/08\/IF-Blanco-Recoleta_59-copy.jpg 1000w, https:\/\/depto51.cl\/blog\/wp-content\/uploads\/2016\/08\/IF-Blanco-Recoleta_59-copy-334x500.jpg 334w, https:\/\/depto51.cl\/blog\/wp-content\/uploads\/2016\/08\/IF-Blanco-Recoleta_59-copy-768x1150.jpg 768w, https:\/\/depto51.cl\/blog\/wp-content\/uploads\/2016\/08\/IF-Blanco-Recoleta_59-copy-684x1024.jpg 684w\" sizes=\"(max-width: 1000px) 100vw, 1000px\" \/><\/p>\n<p><img loading=\"lazy\" class=\"aligncenter size-full wp-image-35817\" src=\"https:\/\/depto51.cl\/blog\/wp-content\/uploads\/2016\/08\/IF-Blanco-Recoleta_33-copy.jpg\" alt=\"IF Blanco Recoleta_33 copy\" width=\"1000\" height=\"668\" srcset=\"https:\/\/depto51.cl\/blog\/wp-content\/uploads\/2016\/08\/IF-Blanco-Recoleta_33-copy.jpg 1000w, https:\/\/depto51.cl\/blog\/wp-content\/uploads\/2016\/08\/IF-Blanco-Recoleta_33-copy-500x334.jpg 500w, https:\/\/depto51.cl\/blog\/wp-content\/uploads\/2016\/08\/IF-Blanco-Recoleta_33-copy-768x513.jpg 768w\" sizes=\"(max-width: 1000px) 100vw, 1000px\" \/><\/p>\n<p><img loading=\"lazy\" class=\"aligncenter size-full wp-image-35818\" src=\"https:\/\/depto51.cl\/blog\/wp-content\/uploads\/2016\/08\/IF-Blanco-Recoleta_34-copy.jpg\" alt=\"IF Blanco Recoleta_34 copy\" width=\"1000\" height=\"668\" srcset=\"https:\/\/depto51.cl\/blog\/wp-content\/uploads\/2016\/08\/IF-Blanco-Recoleta_34-copy.jpg 1000w, https:\/\/depto51.cl\/blog\/wp-content\/uploads\/2016\/08\/IF-Blanco-Recoleta_34-copy-500x334.jpg 500w, https:\/\/depto51.cl\/blog\/wp-content\/uploads\/2016\/08\/IF-Blanco-Recoleta_34-copy-768x513.jpg 768w\" sizes=\"(max-width: 1000px) 100vw, 1000px\" \/><\/p>\n<p><img loading=\"lazy\" class=\"aligncenter size-full wp-image-35819\" src=\"https:\/\/depto51.cl\/blog\/wp-content\/uploads\/2016\/08\/IF-Blanco-Recoleta_35-copy.jpg\" alt=\"IF Blanco Recoleta_35 copy\" width=\"1000\" height=\"668\" srcset=\"https:\/\/depto51.cl\/blog\/wp-content\/uploads\/2016\/08\/IF-Blanco-Recoleta_35-copy.jpg 1000w, https:\/\/depto51.cl\/blog\/wp-content\/uploads\/2016\/08\/IF-Blanco-Recoleta_35-copy-500x334.jpg 500w, https:\/\/depto51.cl\/blog\/wp-content\/uploads\/2016\/08\/IF-Blanco-Recoleta_35-copy-768x513.jpg 768w\" sizes=\"(max-width: 1000px) 100vw, 1000px\" \/><\/p>\n<p><img loading=\"lazy\" class=\"aligncenter size-full wp-image-35820\" src=\"https:\/\/depto51.cl\/blog\/wp-content\/uploads\/2016\/08\/IF-Blanco-Recoleta_41-copy.jpg\" alt=\"IF Blanco Recoleta_41 copy\" width=\"1000\" height=\"668\" srcset=\"https:\/\/depto51.cl\/blog\/wp-content\/uploads\/2016\/08\/IF-Blanco-Recoleta_41-copy.jpg 1000w, https:\/\/depto51.cl\/blog\/wp-content\/uploads\/2016\/08\/IF-Blanco-Recoleta_41-copy-500x334.jpg 500w, https:\/\/depto51.cl\/blog\/wp-content\/uploads\/2016\/08\/IF-Blanco-Recoleta_41-copy-768x513.jpg 768w\" sizes=\"(max-width: 1000px) 100vw, 1000px\" \/><\/p>\n<p><span style=\"line-height: normal; color: #70706e; font-family: 'Proxima Nova Alt Rg', sans-serif; font-size: 13px; text-align: justify; background-color: #fcfcf9;\">\u00a0<\/span><\/p>\n","protected":false},"excerpt":{"rendered":"<p>En esta antigua f\u00e1brica de vidrios ubicada al costado del Cerro Blanco, en Recoleta, se respira un aire muy especial. En este lugar hay ganas de hacer cosas, de innovar, de emprender y de creer que todo es posible. IF Blanco es un espacio colaborativo donde un experto en caf\u00e9\u00a0y\u00a0un experto en rob\u00f3tica comparten\u00a0almuerzos y&#8230;<\/p>\n","protected":false},"author":1,"featured_media":35820,"comment_status":"open","ping_status":"open","sticky":false,"template":"","format":"standard","meta":[],"categories":[11],"tags":[1139],"acf":[],"_links":{"self":[{"href":"https:\/\/depto51.cl\/blog\/wp-json\/wp\/v2\/posts\/35805"}],"collection":[{"href":"https:\/\/depto51.cl\/blog\/wp-json\/wp\/v2\/posts"}],"about":[{"href":"https:\/\/depto51.cl\/blog\/wp-json\/wp\/v2\/types\/post"}],"author":[{"embeddable":true,"href":"https:\/\/depto51.cl\/blog\/wp-json\/wp\/v2\/users\/1"}],"replies":[{"embeddable":true,"href":"https:\/\/depto51.cl\/blog\/wp-json\/wp\/v2\/comments?post=35805"}],"version-history":[{"count":0,"href":"https:\/\/depto51.cl\/blog\/wp-json\/wp\/v2\/posts\/35805\/revisions"}],"wp:featuredmedia":[{"embeddable":true,"href":"https:\/\/depto51.cl\/blog\/wp-json\/wp\/v2\/media\/35820"}],"wp:attachment":[{"href":"https:\/\/depto51.cl\/blog\/wp-json\/wp\/v2\/media?parent=35805"}],"wp:term":[{"taxonomy":"category","embeddable":true,"href":"https:\/\/depto51.cl\/blog\/wp-json\/wp\/v2\/categories?post=35805"},{"taxonomy":"post_tag","embeddable":true,"href":"https:\/\/depto51.cl\/blog\/wp-json\/wp\/v2\/tags?post=35805"}],"curies":[{"name":"wp","href":"https:\/\/api.w.org\/{rel}","templated":true}]}}