

{"id":35742,"date":"2016-07-26T15:55:54","date_gmt":"2016-07-26T19:55:54","guid":{"rendered":"https:\/\/depto51.cl\/blog\/?p=35742"},"modified":"2018-01-10T11:31:12","modified_gmt":"2018-01-10T15:31:12","slug":"studio-tour-pura-vida-flores","status":"publish","type":"post","link":"https:\/\/depto51.cl\/blog\/2016\/07\/26\/studio-tour-pura-vida-flores\/","title":{"rendered":"Studio Tour: Pura Vida Flores"},"content":{"rendered":"<p style=\"text-align: justify;\">Si tambi\u00e9n te da curiosidad (y envidia) ver c\u00f3mo\u00a0es\u00a0trabajar rodeada de flores, follajes y ramas, te invitamos a conocer el taller de Iris Aragon y Gracia Vial, <a href=\"http:\/\/www.puravidaflores.cl\/\" target=\"_blank\">Pura Vida Flores<\/a>. En este lugar arman ramos\u00a0y\u00a0arreglos para todo tipo de\u00a0eventos e\u00a0imparten distintos workshops a personas que quieran aprender sobre el mundo de las flores. Nosotros participamos en uno de arreglos\u00a0florales de invierno y quedamos felices!<br \/>\n<a href=\"http:\/\/www.elisaghv.com\/\" target=\"_blank\"><br \/>\n<\/a><a href=\"http:\/\/www.elisaghv.com\/\" target=\"_blank\">Fotos por: Elisa Garc\u00eda Huidobro<\/a><\/p>\n<p style=\"text-align: justify;\"><strong><img loading=\"lazy\" class=\"aligncenter size-full wp-image-35758\" src=\"https:\/\/depto51.cl\/blog\/wp-content\/uploads\/2016\/07\/Taller-Pura-Vida_54.jpg\" alt=\"Taller Pura Vida_54\" width=\"1100\" height=\"1648\" srcset=\"https:\/\/depto51.cl\/blog\/wp-content\/uploads\/2016\/07\/Taller-Pura-Vida_54.jpg 1100w, https:\/\/depto51.cl\/blog\/wp-content\/uploads\/2016\/07\/Taller-Pura-Vida_54-334x500.jpg 334w, https:\/\/depto51.cl\/blog\/wp-content\/uploads\/2016\/07\/Taller-Pura-Vida_54-768x1151.jpg 768w, https:\/\/depto51.cl\/blog\/wp-content\/uploads\/2016\/07\/Taller-Pura-Vida_54-683x1024.jpg 683w\" sizes=\"(max-width: 1100px) 100vw, 1100px\" \/><br \/>\nDesde cuando que est\u00e1s aqu\u00ed?<br \/>\n<\/strong>Estamos en nuestro nuevo taller en \u00d1u\u00f1oa hace un poco m\u00e1s de 1 mes.<\/p>\n<p style=\"text-align: justify;\"><strong>C\u00f3mo naci\u00f3 la idea de instalarse aqu\u00ed?<\/strong><br \/>\nHasta hace poco, como fundadora de Pura Vida Flores, estaba sola, por lo que trabajaba desde mi casa.\u00a0Hace unos 2 meses se incorpor\u00f3 Gracia y ah\u00ed decidimos evaluar la posibilidad de estar en un ambiente\u00a0m\u00e1s grande y c\u00f3modo para las dos.\u00a0Justo hab\u00eda un espacio en la casa de un familiar de las dos (nuestros maridos son Primos) y nos\u00a0prestaron un espacio en la casa.\u00a0Usamos el taller principalmente para hacer arreglos de mayor escala, producciones grandes y workshops. Los pedidos m\u00e1s peque\u00f1os y diarios; como ramos, coronas y tocados los hacemos desde la\u00a0casa.<\/p>\n<p style=\"text-align: justify;\"><strong>C\u00f3mo te organizas, d\u00f3nde anotas tus ideas, qu\u00e9 comes\/tomas etc?<br \/>\n<\/strong>Todos los domingos revisamos nuestra agenda y cada una organiza su semana. Ambas tenemos\u00a0proyectos en paralelo, por lo que nuestros d\u00edas son muy movidos e intensos.\u00a0Los lunes principalmente son d\u00edas administrativos y de cotizaciones, correos, nuevas propuestas y\u00a0reuniones.\u00a0En lo personal, siempre busco explorar nuevas ideas de negocio, este \u201cbichito\u201d lo tengo gracias a mis\u00a0estudios de Derecho y mi afinidad con el mundo empresarial.\u00a0Todas las idea las anoto en una libreta que tengo con un lindo pattern floral de RIFLE PAPER Co. Si ando\u00a0sin este anoto mis apuntes en mis notas del celular.<\/p>\n<p style=\"text-align: justify;\"><strong>\u00bfC\u00f3mo es tu rutina de trabajo?<\/strong><br \/>\nNuestra semana laboral es de lunes a s\u00e1bado, hay semanas pesadas en que incluso el domingo es\u00a0laboral.\u00a0Tampoco existen los feriados, por lo que he aprendido a tener mayor conciencia y escuchar mi cuerpo\u00a0para saber cu\u00e1ndo necesito tomarme un peque\u00f1o descanso.\u00a0Lunes a Martes consiste principalmente de trabajo de oficina, correos, organizaci\u00f3n, reuniones,\u00a0cotizaciones, mucho Excel, cuadraturas y bastante manejo de redes sociales.\u00a0Mi\u00e9rcoles a Jueves es un mix de trabajo de oficina y florister\u00eda. En la semana tenemos bastantes\u00a0entregas, ya sea para nacimientos de guaguas, mantenciones en restaurantes, caf\u00e9s y oficinas y uno que\u00a0otro pedido de \u00faltimo minuto.\u00a0Jueves a S\u00e1bado es m\u00e1s trabajo de taller y Workshops de Florister\u00eda (unos 2 a 3 mensuales)\u00a0Lo bueno es que manejamos nuestros propios tiempos y trabajamos en equipo. Si una no puede un d\u00eda o\u00a0est\u00e1 muy sobrepasada, la otra \u201capa\u00f1a\u201d y as\u00ed vamos malabareando nuestras responsabilidades.<\/p>\n<p style=\"text-align: justify;\"><strong>\u00bfC\u00f3mo es el ambiente de trabajo?<\/strong><br \/>\nEl ambiente de trabajo es muy rico.\u00a0Con Gracia lo pasamos s\u00faper bien, nos encanta crear. Generalmente va acompa\u00f1ada de rica m\u00fasica,\u00a0harto caf\u00e9 y cosas dulces.\u00a0Este es un trabajo que requiere de mucha paciencia y facilidad social, ya que d\u00eda a d\u00eda tratamos con\u00a0clientes, proveedores, novias, alumnos, etc. A veces pasamos a ser psic\u00f3logo personal.\u00a0Es un trabajo muy enriquecedor, constantemente somos parte de momentos importantes de la vida de\u00a0nuestros clientes, es realmente gratificante sentir el agradecimiento por parte de ellos luego de cada\u00a0trabajo que realizamos.<\/p>\n<p style=\"text-align: justify;\"><strong>\u00bfQu\u00e9 musica escuchas?<br \/>\n<\/strong>Principalmente m\u00fasica cl\u00e1sica y mucha m\u00fasica entre los a\u00f1os 20 y 50, principalmente anglosajona.<\/p>\n<p style=\"text-align: justify;\"><strong>\u00bfTienes plantas\/mascotas?<br \/>\n<\/strong>S\u00ed, tenemos muchas plantas, especialmente suculentas en maceteros y muchos Philodendros,\u00a0enredaderas y plantas arbustivas en el jard\u00edn.<\/p>\n<p style=\"text-align: justify;\"><strong>\u00bfEn cuanto a tu trabajo, sientes que la hiciste? Si s\u00ed, qu\u00e9 logros te hacen sentir exitoso y si no, \u00bfcu\u00e1l es\u00a0el camino que est\u00e1s tomando para llegar a eso?<br \/>\n<\/strong>S\u00ed, me siento realizada. Especialmente cuando d\u00eda a d\u00eda logro dominar nuevas aptitudes que no sab\u00eda\u00a0que ten\u00eda. Hay veces que siento \u201cque la hice\u201d, pero eso no me satisface del todo, siento que queda\u00a0mucho por hacer y dar.\u00a0No me conformo f\u00e1cilmente, por lo que siento que estoy reci\u00e9n al inicio de \u00e9sta carrera y quedan un\u00a0sinf\u00edn de proyectos por realizar. A\u00fan estoy definiendo los caminos que voy a tomar, algunos\u00a0estrechamente relacionados con la decoraci\u00f3n y otros m\u00e1s con el \u00e1rea comercial.\u00a0Ambas estamos en un proceso de autodefinici\u00f3n y descubrimiento. La Gracia con sus proyectos de\u00a0ilustraci\u00f3n y Restauraci\u00f3n de Museos y yo con otras marcas que he ido creando en el camino.\u00a0Pero definitivamente la \u201cguagua\u201d de ambas es Pura Vida Flores.<\/p>\n<p style=\"text-align: justify;\"><strong>Danos tus consejos para trabajar mejor y seguir siendo creativo<br \/>\n<\/strong>Para inspirarse, creo que es muy importante estar actualiz\u00e1ndose constantemente con las tendencias\u00a0mundiales. Pero tambi\u00e9n no hay que perder de vista el pasado, ver de donde provienen las cosas y los\u00a0patrones que se han repetido a trav\u00e9s de la historia.\u00a0Adem\u00e1s hay que ser capaz de reinventarse constantemente y tender a tener una personalidad maleable,\u00a0que sea arma y desarma una y otra vez.\u00a0Es primordial ser curioso, de ah\u00ed surgen las ganas constantes de saber m\u00e1s, querer estudiar cosas nuevas\u00a0e investigarlas.\u00a0Tambi\u00e9n para mantener la creatividad creemos que se debe buscar siempre la inspiraci\u00f3n en la\u00a0naturaleza, especialmente en el rubro de la Florister\u00eda.\u00a0Asimismo cuidar la mente y cuerpo, ya sea con alg\u00fan hobby o actividad f\u00edsica y darse unos minutos para\u00a0contemplar y ver en que momento de nuestras vidas estamos, para as\u00ed no dejar de apreciar.<br \/>\n<img loading=\"lazy\" class=\"aligncenter size-full wp-image-35743\" src=\"https:\/\/depto51.cl\/blog\/wp-content\/uploads\/2016\/07\/Taller-Pura-Vida_1.jpg\" alt=\"Taller Pura Vida_1\" width=\"1000\" height=\"668\" srcset=\"https:\/\/depto51.cl\/blog\/wp-content\/uploads\/2016\/07\/Taller-Pura-Vida_1.jpg 1000w, https:\/\/depto51.cl\/blog\/wp-content\/uploads\/2016\/07\/Taller-Pura-Vida_1-500x334.jpg 500w, https:\/\/depto51.cl\/blog\/wp-content\/uploads\/2016\/07\/Taller-Pura-Vida_1-768x513.jpg 768w\" sizes=\"(max-width: 1000px) 100vw, 1000px\" \/><\/p>\n<p style=\"text-align: justify;\"><img loading=\"lazy\" class=\"aligncenter size-full wp-image-35744\" src=\"https:\/\/depto51.cl\/blog\/wp-content\/uploads\/2016\/07\/Taller-Pura-Vida_4.jpg\" alt=\"Taller Pura Vida_4\" width=\"1000\" height=\"1498\" srcset=\"https:\/\/depto51.cl\/blog\/wp-content\/uploads\/2016\/07\/Taller-Pura-Vida_4.jpg 1000w, https:\/\/depto51.cl\/blog\/wp-content\/uploads\/2016\/07\/Taller-Pura-Vida_4-334x500.jpg 334w, https:\/\/depto51.cl\/blog\/wp-content\/uploads\/2016\/07\/Taller-Pura-Vida_4-768x1150.jpg 768w, https:\/\/depto51.cl\/blog\/wp-content\/uploads\/2016\/07\/Taller-Pura-Vida_4-684x1024.jpg 684w\" sizes=\"(max-width: 1000px) 100vw, 1000px\" \/><\/p>\n<p style=\"text-align: justify;\"><img loading=\"lazy\" class=\"aligncenter size-full wp-image-35745\" src=\"https:\/\/depto51.cl\/blog\/wp-content\/uploads\/2016\/07\/Taller-Pura-Vida_6.jpg\" alt=\"Taller Pura Vida_6\" width=\"1000\" height=\"1498\" srcset=\"https:\/\/depto51.cl\/blog\/wp-content\/uploads\/2016\/07\/Taller-Pura-Vida_6.jpg 1000w, https:\/\/depto51.cl\/blog\/wp-content\/uploads\/2016\/07\/Taller-Pura-Vida_6-334x500.jpg 334w, https:\/\/depto51.cl\/blog\/wp-content\/uploads\/2016\/07\/Taller-Pura-Vida_6-768x1150.jpg 768w, https:\/\/depto51.cl\/blog\/wp-content\/uploads\/2016\/07\/Taller-Pura-Vida_6-684x1024.jpg 684w\" sizes=\"(max-width: 1000px) 100vw, 1000px\" \/><\/p>\n<p style=\"text-align: justify;\"><img loading=\"lazy\" class=\"aligncenter size-full wp-image-35747\" src=\"https:\/\/depto51.cl\/blog\/wp-content\/uploads\/2016\/07\/Taller-Pura-Vida_13.jpg\" alt=\"Taller Pura Vida_13\" width=\"1000\" height=\"668\" srcset=\"https:\/\/depto51.cl\/blog\/wp-content\/uploads\/2016\/07\/Taller-Pura-Vida_13.jpg 1000w, https:\/\/depto51.cl\/blog\/wp-content\/uploads\/2016\/07\/Taller-Pura-Vida_13-500x334.jpg 500w, https:\/\/depto51.cl\/blog\/wp-content\/uploads\/2016\/07\/Taller-Pura-Vida_13-768x513.jpg 768w\" sizes=\"(max-width: 1000px) 100vw, 1000px\" \/><\/p>\n<p style=\"text-align: justify;\"><img loading=\"lazy\" class=\"aligncenter size-full wp-image-35748\" src=\"https:\/\/depto51.cl\/blog\/wp-content\/uploads\/2016\/07\/Taller-Pura-Vida_16.jpg\" alt=\"Taller Pura Vida_16\" width=\"1000\" height=\"1498\" srcset=\"https:\/\/depto51.cl\/blog\/wp-content\/uploads\/2016\/07\/Taller-Pura-Vida_16.jpg 1000w, https:\/\/depto51.cl\/blog\/wp-content\/uploads\/2016\/07\/Taller-Pura-Vida_16-334x500.jpg 334w, https:\/\/depto51.cl\/blog\/wp-content\/uploads\/2016\/07\/Taller-Pura-Vida_16-768x1150.jpg 768w, https:\/\/depto51.cl\/blog\/wp-content\/uploads\/2016\/07\/Taller-Pura-Vida_16-684x1024.jpg 684w\" sizes=\"(max-width: 1000px) 100vw, 1000px\" \/><\/p>\n<p style=\"text-align: justify;\"><img loading=\"lazy\" class=\"aligncenter size-full wp-image-35749\" src=\"https:\/\/depto51.cl\/blog\/wp-content\/uploads\/2016\/07\/Taller-Pura-Vida_18.jpg\" alt=\"Taller Pura Vida_18\" width=\"1000\" height=\"1498\" srcset=\"https:\/\/depto51.cl\/blog\/wp-content\/uploads\/2016\/07\/Taller-Pura-Vida_18.jpg 1000w, https:\/\/depto51.cl\/blog\/wp-content\/uploads\/2016\/07\/Taller-Pura-Vida_18-334x500.jpg 334w, https:\/\/depto51.cl\/blog\/wp-content\/uploads\/2016\/07\/Taller-Pura-Vida_18-768x1150.jpg 768w, https:\/\/depto51.cl\/blog\/wp-content\/uploads\/2016\/07\/Taller-Pura-Vida_18-684x1024.jpg 684w\" sizes=\"(max-width: 1000px) 100vw, 1000px\" \/><\/p>\n<p style=\"text-align: justify;\"><img loading=\"lazy\" class=\"aligncenter size-full wp-image-35751\" src=\"https:\/\/depto51.cl\/blog\/wp-content\/uploads\/2016\/07\/Taller-Pura-Vida_24.jpg\" alt=\"Taller Pura Vida_24\" width=\"1000\" height=\"668\" srcset=\"https:\/\/depto51.cl\/blog\/wp-content\/uploads\/2016\/07\/Taller-Pura-Vida_24.jpg 1000w, https:\/\/depto51.cl\/blog\/wp-content\/uploads\/2016\/07\/Taller-Pura-Vida_24-500x334.jpg 500w, https:\/\/depto51.cl\/blog\/wp-content\/uploads\/2016\/07\/Taller-Pura-Vida_24-768x513.jpg 768w\" sizes=\"(max-width: 1000px) 100vw, 1000px\" \/><\/p>\n<p style=\"text-align: justify;\"><img loading=\"lazy\" class=\"aligncenter size-full wp-image-35752\" src=\"https:\/\/depto51.cl\/blog\/wp-content\/uploads\/2016\/07\/Taller-Pura-Vida_23-1.jpg\" alt=\"Taller Pura Vida_23\" width=\"1000\" height=\"668\" srcset=\"https:\/\/depto51.cl\/blog\/wp-content\/uploads\/2016\/07\/Taller-Pura-Vida_23-1.jpg 1000w, https:\/\/depto51.cl\/blog\/wp-content\/uploads\/2016\/07\/Taller-Pura-Vida_23-1-500x334.jpg 500w, https:\/\/depto51.cl\/blog\/wp-content\/uploads\/2016\/07\/Taller-Pura-Vida_23-1-768x513.jpg 768w\" sizes=\"(max-width: 1000px) 100vw, 1000px\" \/><\/p>\n<p style=\"text-align: justify;\"><img loading=\"lazy\" class=\"aligncenter size-full wp-image-35753\" src=\"https:\/\/depto51.cl\/blog\/wp-content\/uploads\/2016\/07\/Taller-Pura-Vida_26.jpg\" alt=\"Taller Pura Vida_26\" width=\"1000\" height=\"668\" srcset=\"https:\/\/depto51.cl\/blog\/wp-content\/uploads\/2016\/07\/Taller-Pura-Vida_26.jpg 1000w, https:\/\/depto51.cl\/blog\/wp-content\/uploads\/2016\/07\/Taller-Pura-Vida_26-500x334.jpg 500w, https:\/\/depto51.cl\/blog\/wp-content\/uploads\/2016\/07\/Taller-Pura-Vida_26-768x513.jpg 768w\" sizes=\"(max-width: 1000px) 100vw, 1000px\" \/><\/p>\n<p style=\"text-align: justify;\"><img loading=\"lazy\" class=\"aligncenter size-full wp-image-35754\" src=\"https:\/\/depto51.cl\/blog\/wp-content\/uploads\/2016\/07\/Taller-Pura-Vida_28.jpg\" alt=\"Taller Pura Vida_28\" width=\"1000\" height=\"661\" srcset=\"https:\/\/depto51.cl\/blog\/wp-content\/uploads\/2016\/07\/Taller-Pura-Vida_28.jpg 1000w, https:\/\/depto51.cl\/blog\/wp-content\/uploads\/2016\/07\/Taller-Pura-Vida_28-500x331.jpg 500w, https:\/\/depto51.cl\/blog\/wp-content\/uploads\/2016\/07\/Taller-Pura-Vida_28-768x508.jpg 768w\" sizes=\"(max-width: 1000px) 100vw, 1000px\" \/><\/p>\n<p style=\"text-align: justify;\"><img loading=\"lazy\" class=\"aligncenter size-full wp-image-35755\" src=\"https:\/\/depto51.cl\/blog\/wp-content\/uploads\/2016\/07\/Taller-Pura-Vida_29.jpg\" alt=\"Taller Pura Vida_29\" width=\"1000\" height=\"668\" srcset=\"https:\/\/depto51.cl\/blog\/wp-content\/uploads\/2016\/07\/Taller-Pura-Vida_29.jpg 1000w, https:\/\/depto51.cl\/blog\/wp-content\/uploads\/2016\/07\/Taller-Pura-Vida_29-500x334.jpg 500w, https:\/\/depto51.cl\/blog\/wp-content\/uploads\/2016\/07\/Taller-Pura-Vida_29-768x513.jpg 768w\" sizes=\"(max-width: 1000px) 100vw, 1000px\" \/><\/p>\n<p style=\"text-align: justify;\"><img loading=\"lazy\" class=\"aligncenter size-full wp-image-35756\" src=\"https:\/\/depto51.cl\/blog\/wp-content\/uploads\/2016\/07\/Taller-Pura-Vida_30.jpg\" alt=\"Taller Pura Vida_30\" width=\"1000\" height=\"1498\" srcset=\"https:\/\/depto51.cl\/blog\/wp-content\/uploads\/2016\/07\/Taller-Pura-Vida_30.jpg 1000w, https:\/\/depto51.cl\/blog\/wp-content\/uploads\/2016\/07\/Taller-Pura-Vida_30-334x500.jpg 334w, https:\/\/depto51.cl\/blog\/wp-content\/uploads\/2016\/07\/Taller-Pura-Vida_30-768x1150.jpg 768w, https:\/\/depto51.cl\/blog\/wp-content\/uploads\/2016\/07\/Taller-Pura-Vida_30-684x1024.jpg 684w\" sizes=\"(max-width: 1000px) 100vw, 1000px\" \/><\/p>\n<p style=\"text-align: justify;\"><img loading=\"lazy\" class=\"aligncenter size-full wp-image-35757\" src=\"https:\/\/depto51.cl\/blog\/wp-content\/uploads\/2016\/07\/Taller-Pura-Vida_52.jpg\" alt=\"Taller Pura Vida_52\" width=\"1100\" height=\"734\" srcset=\"https:\/\/depto51.cl\/blog\/wp-content\/uploads\/2016\/07\/Taller-Pura-Vida_52.jpg 1100w, https:\/\/depto51.cl\/blog\/wp-content\/uploads\/2016\/07\/Taller-Pura-Vida_52-500x334.jpg 500w, https:\/\/depto51.cl\/blog\/wp-content\/uploads\/2016\/07\/Taller-Pura-Vida_52-768x512.jpg 768w, https:\/\/depto51.cl\/blog\/wp-content\/uploads\/2016\/07\/Taller-Pura-Vida_52-1024x683.jpg 1024w\" sizes=\"(max-width: 1100px) 100vw, 1100px\" \/><\/p>\n","protected":false},"excerpt":{"rendered":"<p>Si tambi\u00e9n te da curiosidad (y envidia) ver c\u00f3mo\u00a0es\u00a0trabajar rodeada de flores, follajes y ramas, te invitamos a conocer el taller de Iris Aragon y Gracia Vial, Pura Vida Flores. En este lugar arman ramos\u00a0y\u00a0arreglos para todo tipo de\u00a0eventos e\u00a0imparten distintos workshops a personas que quieran aprender sobre el mundo de las flores. Nosotros participamos&#8230;<\/p>\n","protected":false},"author":1,"featured_media":35754,"comment_status":"open","ping_status":"open","sticky":false,"template":"","format":"standard","meta":[],"categories":[11,1194],"tags":[1139],"acf":[],"_links":{"self":[{"href":"https:\/\/depto51.cl\/blog\/wp-json\/wp\/v2\/posts\/35742"}],"collection":[{"href":"https:\/\/depto51.cl\/blog\/wp-json\/wp\/v2\/posts"}],"about":[{"href":"https:\/\/depto51.cl\/blog\/wp-json\/wp\/v2\/types\/post"}],"author":[{"embeddable":true,"href":"https:\/\/depto51.cl\/blog\/wp-json\/wp\/v2\/users\/1"}],"replies":[{"embeddable":true,"href":"https:\/\/depto51.cl\/blog\/wp-json\/wp\/v2\/comments?post=35742"}],"version-history":[{"count":0,"href":"https:\/\/depto51.cl\/blog\/wp-json\/wp\/v2\/posts\/35742\/revisions"}],"wp:featuredmedia":[{"embeddable":true,"href":"https:\/\/depto51.cl\/blog\/wp-json\/wp\/v2\/media\/35754"}],"wp:attachment":[{"href":"https:\/\/depto51.cl\/blog\/wp-json\/wp\/v2\/media?parent=35742"}],"wp:term":[{"taxonomy":"category","embeddable":true,"href":"https:\/\/depto51.cl\/blog\/wp-json\/wp\/v2\/categories?post=35742"},{"taxonomy":"post_tag","embeddable":true,"href":"https:\/\/depto51.cl\/blog\/wp-json\/wp\/v2\/tags?post=35742"}],"curies":[{"name":"wp","href":"https:\/\/api.w.org\/{rel}","templated":true}]}}