

{"id":35694,"date":"2016-07-15T09:30:32","date_gmt":"2016-07-15T13:30:32","guid":{"rendered":"https:\/\/depto51.cl\/blog\/?p=35694"},"modified":"2016-07-20T10:02:28","modified_gmt":"2016-07-20T14:02:28","slug":"ideas-para-terrazas-pequenas","status":"publish","type":"post","link":"https:\/\/depto51.cl\/blog\/2016\/07\/15\/ideas-para-terrazas-pequenas\/","title":{"rendered":"Ideas para terrazas peque\u00f1as"},"content":{"rendered":"<p style=\"text-align: justify;\">Muchas veces nos enfocamos en lo que hay dentro de nuestro hogar: tener la sala que te gusta, la cocina perfecta, el comedor con espacio, el ba\u00f1o ideal, etc&#8230;. Nos concentramos tanto en estas \u00e1reas que se nos olvida el exterior, en este caso les hablo de las terrazas. Muchas personas a la hora de alquilar o comprar un apartamento se fijan en la vista que tienen y que tenga una terraza que les deje sentarse un ratito para tomar aire mientras se toman un buen caf\u00e9. Aqu\u00ed les dejo unas ideas para terrazas en especial las peque\u00f1as. Espero les guste. Lindo d\u00eda!<\/p>\n<p style=\"text-align: center;\"><img loading=\"lazy\" class=\"alignnone size-full wp-image-35695\" src=\"https:\/\/depto51.cl\/blog\/wp-content\/uploads\/2016\/07\/foto1-1.jpg\" alt=\"foto1\" width=\"525\" height=\"700\" srcset=\"https:\/\/depto51.cl\/blog\/wp-content\/uploads\/2016\/07\/foto1-1.jpg 525w, https:\/\/depto51.cl\/blog\/wp-content\/uploads\/2016\/07\/foto1-1-375x500.jpg 375w\" sizes=\"(max-width: 525px) 100vw, 525px\" \/><\/p>\n<p style=\"text-align: center;\"><img loading=\"lazy\" class=\"alignnone size-full wp-image-35696\" src=\"https:\/\/depto51.cl\/blog\/wp-content\/uploads\/2016\/07\/foto2-1.jpg\" alt=\"foto2\" width=\"564\" height=\"800\" srcset=\"https:\/\/depto51.cl\/blog\/wp-content\/uploads\/2016\/07\/foto2-1.jpg 564w, https:\/\/depto51.cl\/blog\/wp-content\/uploads\/2016\/07\/foto2-1-353x500.jpg 353w\" sizes=\"(max-width: 564px) 100vw, 564px\" \/><\/p>\n<p style=\"text-align: center;\"><img loading=\"lazy\" class=\"alignnone size-full wp-image-35697\" src=\"https:\/\/depto51.cl\/blog\/wp-content\/uploads\/2016\/07\/foto3.gif\" alt=\"foto3\" width=\"680\" height=\"982\" \/><\/p>\n<p style=\"text-align: center;\"><img loading=\"lazy\" class=\"alignnone size-full wp-image-35698\" src=\"https:\/\/depto51.cl\/blog\/wp-content\/uploads\/2016\/07\/foto4-1.jpg\" alt=\"foto4\" width=\"564\" height=\"847\" srcset=\"https:\/\/depto51.cl\/blog\/wp-content\/uploads\/2016\/07\/foto4-1.jpg 564w, https:\/\/depto51.cl\/blog\/wp-content\/uploads\/2016\/07\/foto4-1-333x500.jpg 333w\" sizes=\"(max-width: 564px) 100vw, 564px\" \/><\/p>\n<p>&nbsp;<\/p>\n<div id=\"attachment_35699\" style=\"width: 574px\" class=\"wp-caption aligncenter\"><img aria-describedby=\"caption-attachment-35699\" loading=\"lazy\" class=\"size-full wp-image-35699\" src=\"https:\/\/depto51.cl\/blog\/wp-content\/uploads\/2016\/07\/foto5.jpg\" alt=\"KONICA MINOLTA DIGITAL CAMERA\" width=\"564\" height=\"752\" srcset=\"https:\/\/depto51.cl\/blog\/wp-content\/uploads\/2016\/07\/foto5.jpg 564w, https:\/\/depto51.cl\/blog\/wp-content\/uploads\/2016\/07\/foto5-375x500.jpg 375w\" sizes=\"(max-width: 564px) 100vw, 564px\" \/><p id=\"caption-attachment-35699\" class=\"wp-caption-text\"><a href=\"https:\/\/www.inmyroom.ru\/posts\/11621-proekt-nedeli-dvushka-v-skandinavskom-stile-v-minske\">1<\/a>\u00a0<a href=\"https:\/\/www.bloglovin.com\/blogs\/chapter-friday-12088409\/inspiration-for-your-own-magical-mini-garden-4292605110\">2<\/a>\u00a0<a href=\"https:\/\/www.bloglovin.com\/blogs\/stilinspiration-14143917\">3<\/a><a href=\"http:\/\/onekindesign.com\/2015\/07\/17\/55-super-cool-and-breezy-small-balcony-design-ideas\/\">\u00a04<\/a>\u00a0<a href=\"http:\/\/forodecoracion.facilisimo.com\/foros\/decoracion\/decoracion-de-exteriores\/decorar-patio-interior_410429_6.html\">5<\/a><\/p><\/div>\n<p>&nbsp;<\/p>\n<p>&nbsp;<\/p>\n","protected":false},"excerpt":{"rendered":"<p>Muchas veces nos enfocamos en lo que hay dentro de nuestro hogar: tener la sala que te gusta, la cocina perfecta, el comedor con espacio, el ba\u00f1o ideal, etc&#8230;. Nos concentramos tanto en estas \u00e1reas que se nos olvida el exterior, en este caso les hablo de las terrazas. Muchas personas a la hora de&#8230;<\/p>\n","protected":false},"author":500,"featured_media":35697,"comment_status":"open","ping_status":"open","sticky":false,"template":"","format":"standard","meta":[],"categories":[1],"tags":[],"acf":[],"_links":{"self":[{"href":"https:\/\/depto51.cl\/blog\/wp-json\/wp\/v2\/posts\/35694"}],"collection":[{"href":"https:\/\/depto51.cl\/blog\/wp-json\/wp\/v2\/posts"}],"about":[{"href":"https:\/\/depto51.cl\/blog\/wp-json\/wp\/v2\/types\/post"}],"author":[{"embeddable":true,"href":"https:\/\/depto51.cl\/blog\/wp-json\/wp\/v2\/users\/500"}],"replies":[{"embeddable":true,"href":"https:\/\/depto51.cl\/blog\/wp-json\/wp\/v2\/comments?post=35694"}],"version-history":[{"count":0,"href":"https:\/\/depto51.cl\/blog\/wp-json\/wp\/v2\/posts\/35694\/revisions"}],"wp:featuredmedia":[{"embeddable":true,"href":"https:\/\/depto51.cl\/blog\/wp-json\/wp\/v2\/media\/35697"}],"wp:attachment":[{"href":"https:\/\/depto51.cl\/blog\/wp-json\/wp\/v2\/media?parent=35694"}],"wp:term":[{"taxonomy":"category","embeddable":true,"href":"https:\/\/depto51.cl\/blog\/wp-json\/wp\/v2\/categories?post=35694"},{"taxonomy":"post_tag","embeddable":true,"href":"https:\/\/depto51.cl\/blog\/wp-json\/wp\/v2\/tags?post=35694"}],"curies":[{"name":"wp","href":"https:\/\/api.w.org\/{rel}","templated":true}]}}