

{"id":34990,"date":"2016-05-19T15:54:06","date_gmt":"2016-05-19T19:54:06","guid":{"rendered":"https:\/\/depto51.cl\/blog\/?p=34990"},"modified":"2016-06-07T12:09:49","modified_gmt":"2016-06-07T16:09:49","slug":"hazlo-tu-mismo-frasco-de-la-calma-para-ninos","status":"publish","type":"post","link":"https:\/\/depto51.cl\/blog\/2016\/05\/19\/hazlo-tu-mismo-frasco-de-la-calma-para-ninos\/","title":{"rendered":"Hazlo t\u00fa mismo: Frasco de la calma para ni\u00f1os"},"content":{"rendered":"<p style=\"text-align: justify;\">Una vez m\u00e1s, nos unimos con nuestra causa ciudadana favorita\u00a0<a href=\"https:\/\/www.facebook.com\/eligevidrio\" target=\"_blank\">Elige Vidrio<\/a>, para traerles un proyecto muy f\u00e1cil y que es de mucha ayuda con las rabietas, pataletas y frustraciones de los ni\u00f1os. La idea original no es de nosotros sino que de Mar\u00eda Montessori, la creadora del famoso m\u00e9todo educativo. Consiste en un frasco de vidrio que en su interior contiene brillantina de colores y que con su movimiento casi hipn\u00f3tico\u00a0ayuda a los ni\u00f1os enojados\u00a0a\u00a0conocer sus emociones y calmarse.\u00a0El frasco de la calma siempre debe usarse con un adulto que acompa\u00f1e al ni\u00f1o para poder guiarlo en el proceso de relajaci\u00f3n, diciendo cosas como:<em> \u201cAhora vamos a sentarnos con el frasco de la calma para relajarnos todos. Respiraremos hondo y nos fijaremos en silencio en c\u00f3mo la brillantina se mueve y se desliza por el frasco hasta que se pare del todo. Despu\u00e9s, hablaremos sobre lo ocurrido y buscaremos soluciones\u201d<\/em>.<\/p>\n<p style=\"text-align: justify;\"><strong>Para hacer el frasco de la calma vas a necesitar:<\/strong><\/p>\n<p>1 frasco de vidrio KILNER con sello al vac\u00edo (<a href=\"http:\/\/depto51.cl\/producto\/3906\/set-3-frascos-para-conservas-1-litro\" target=\"_blank\">COMPRALO AQU\u00cd<\/a>)<\/p>\n<p>Agua tibia<\/p>\n<p>Brillantina de colores<\/p>\n<p>Pegamento transparente<\/p>\n<p>Colorante para comida (de alguno de los colores de la brillantina)<\/p>\n<p><strong>Y en este video puedes ver el paso a paso, \u00bfqu\u00e9 te pareci\u00f3 esta idea?<\/strong><\/p>\n<p><iframe loading=\"lazy\" width=\"500\" height=\"375\" src=\"https:\/\/www.youtube.com\/embed\/ayxlpfZMOYw?feature=oembed\" frameborder=\"0\" allowfullscreen><\/iframe><\/p>\n<p>&nbsp;<\/p>\n","protected":false},"excerpt":{"rendered":"<p>Una vez m\u00e1s, nos unimos con nuestra causa ciudadana favorita\u00a0Elige Vidrio, para traerles un proyecto muy f\u00e1cil y que es de mucha ayuda con las rabietas, pataletas y frustraciones de los ni\u00f1os. La idea original no es de nosotros sino que de Mar\u00eda Montessori, la creadora del famoso m\u00e9todo educativo. Consiste en un frasco de&#8230;<\/p>\n","protected":false},"author":12996,"featured_media":34991,"comment_status":"open","ping_status":"open","sticky":false,"template":"","format":"standard","meta":[],"categories":[10],"tags":[38,1134],"acf":[],"_links":{"self":[{"href":"https:\/\/depto51.cl\/blog\/wp-json\/wp\/v2\/posts\/34990"}],"collection":[{"href":"https:\/\/depto51.cl\/blog\/wp-json\/wp\/v2\/posts"}],"about":[{"href":"https:\/\/depto51.cl\/blog\/wp-json\/wp\/v2\/types\/post"}],"author":[{"embeddable":true,"href":"https:\/\/depto51.cl\/blog\/wp-json\/wp\/v2\/users\/12996"}],"replies":[{"embeddable":true,"href":"https:\/\/depto51.cl\/blog\/wp-json\/wp\/v2\/comments?post=34990"}],"version-history":[{"count":0,"href":"https:\/\/depto51.cl\/blog\/wp-json\/wp\/v2\/posts\/34990\/revisions"}],"wp:featuredmedia":[{"embeddable":true,"href":"https:\/\/depto51.cl\/blog\/wp-json\/wp\/v2\/media\/34991"}],"wp:attachment":[{"href":"https:\/\/depto51.cl\/blog\/wp-json\/wp\/v2\/media?parent=34990"}],"wp:term":[{"taxonomy":"category","embeddable":true,"href":"https:\/\/depto51.cl\/blog\/wp-json\/wp\/v2\/categories?post=34990"},{"taxonomy":"post_tag","embeddable":true,"href":"https:\/\/depto51.cl\/blog\/wp-json\/wp\/v2\/tags?post=34990"}],"curies":[{"name":"wp","href":"https:\/\/api.w.org\/{rel}","templated":true}]}}