

{"id":34786,"date":"2016-05-04T15:10:40","date_gmt":"2016-05-04T19:10:40","guid":{"rendered":"https:\/\/depto51.cl\/blog\/?p=34786"},"modified":"2018-03-09T09:02:33","modified_gmt":"2018-03-09T13:02:33","slug":"prepara-este-desayuno-para-el-dia-de-la-madre-con-imprimible","status":"publish","type":"post","link":"https:\/\/depto51.cl\/blog\/2016\/05\/04\/prepara-este-desayuno-para-el-dia-de-la-madre-con-imprimible\/","title":{"rendered":"Imprimible: Prepara este desayuno para el D\u00eda de la Madre"},"content":{"rendered":"<p style=\"text-align: justify;\">\u00bfQui\u00e9n no le ha hecho\u00a0un desayuno a su mam\u00e1 para el D\u00eda de la Madre? Este a\u00f1o, junto a <a href=\"https:\/\/www.facebook.com\/eligevidrio\" target=\"_blank\">ELIGE VIDRIO<\/a>, quisimos llevar el desayuno m\u00e1s importante del a\u00f1o al siguiente nivel y\u00a0ayudarte a ti (y a tus hijos) a prepararlo reutilizando frascos de vidrio. Adem\u00e1s dise\u00f1amos\u00a0<a href=\"https:\/\/depto51.cl\/blog\/wp-content\/uploads\/2016\/05\/Etiquetas-imprimibles.pdf\" target=\"_blank\">unas\u00a0lindas etiquetas imprimibles <\/a>para que cada frasco tenga su propia funci\u00f3n. \u00bfQu\u00e9 les parece? Es una buen\u00edsima idea para dejar preparada con nuestros\u00a0hijos el d\u00eda anterior y que ellos se encarguen de rellenar todo para nuestro d\u00eda. Adem\u00e1s el vidrio tiene\u00a0la capacidad de no alterar el sabor de su contenido\u00a0conservando los sabores y olores intactos desde su origen hasta su destino final.<\/p>\n<p style=\"text-align: justify;\"><img loading=\"lazy\" class=\"aligncenter size-large wp-image-34837\" src=\"https:\/\/depto51.cl\/blog\/wp-content\/uploads\/2016\/05\/final-1024x682.jpg\" alt=\"final\" width=\"1024\" height=\"682\" srcset=\"https:\/\/depto51.cl\/blog\/wp-content\/uploads\/2016\/05\/final-1024x682.jpg 1024w, https:\/\/depto51.cl\/blog\/wp-content\/uploads\/2016\/05\/final-500x333.jpg 500w, https:\/\/depto51.cl\/blog\/wp-content\/uploads\/2016\/05\/final-768x512.jpg 768w\" sizes=\"(max-width: 1024px) 100vw, 1024px\" \/><\/p>\n<p><strong>Materiales<\/strong>:<br \/>\n\u2022 Frascos de vidrio<br \/>\n\u2022 Etiquetas para desayuno: <a href=\"https:\/\/depto51.cl\/blog\/wp-content\/uploads\/2016\/05\/Etiquetas-imprimibles.pdf\" target=\"_blank\">desc\u00e1rgalas ac\u00e1<\/a><br \/>\n\u2022 Tijeras<br \/>\n\u2022Papel autoadhesivo o pegamento<\/p>\n<p><img loading=\"lazy\" class=\"aligncenter size-large wp-image-34793\" src=\"https:\/\/depto51.cl\/blog\/wp-content\/uploads\/2016\/05\/materiales-1024x682.jpg\" alt=\"materiales\" width=\"1024\" height=\"682\" \/><\/p>\n<p>Imprime las etiquetas en papel autoadhesivo (o en papel com\u00fan y despu\u00e9s usas\u00a0pegamento) y c\u00f3rtalas por el contorno<\/p>\n<p><img loading=\"lazy\" class=\"aligncenter size-large wp-image-34794\" src=\"https:\/\/depto51.cl\/blog\/wp-content\/uploads\/2016\/05\/paso-1-1024x682.jpg\" alt=\"paso 1\" width=\"1024\" height=\"682\" \/><\/p>\n<p>Pega las etiquetas en los frascos. Considera los tama\u00f1os dependiendo de lo que vayas a poner dentro. Usa botellas para la leche o jugo, y recipientes m\u00e1s peque\u00f1os para la mermelada o fruta.<\/p>\n<p><img loading=\"lazy\" class=\"aligncenter size-large wp-image-34795\" src=\"https:\/\/depto51.cl\/blog\/wp-content\/uploads\/2016\/05\/paso-2-1024x682.jpg\" alt=\"paso 2\" width=\"1024\" height=\"682\" \/><\/p>\n<p><img loading=\"lazy\" class=\"aligncenter size-large wp-image-34796\" src=\"https:\/\/depto51.cl\/blog\/wp-content\/uploads\/2016\/05\/paso-3-683x1024.jpg\" alt=\"paso 3\" width=\"683\" height=\"1024\" \/><\/p>\n<p>Llena los frascos<\/p>\n<p><img loading=\"lazy\" class=\"aligncenter size-large wp-image-34797\" src=\"https:\/\/depto51.cl\/blog\/wp-content\/uploads\/2016\/05\/paso-4-1024x682.jpg\" alt=\"paso 4\" width=\"1024\" height=\"682\" \/><\/p>\n<p>Prepara la bandeja para el desayuno. Usa un frasco para poner flores, y complementa con alguna servilleta de color.<\/p>\n<p><img loading=\"lazy\" class=\"aligncenter size-large wp-image-34843\" src=\"https:\/\/depto51.cl\/blog\/wp-content\/uploads\/2016\/05\/paso-5-683x1024.jpg\" alt=\"paso 5\" width=\"683\" height=\"1024\" srcset=\"https:\/\/depto51.cl\/blog\/wp-content\/uploads\/2016\/05\/paso-5-683x1024.jpg 683w, https:\/\/depto51.cl\/blog\/wp-content\/uploads\/2016\/05\/paso-5-333x500.jpg 333w, https:\/\/depto51.cl\/blog\/wp-content\/uploads\/2016\/05\/paso-5-768x1152.jpg 768w, https:\/\/depto51.cl\/blog\/wp-content\/uploads\/2016\/05\/paso-5.jpg 1500w\" sizes=\"(max-width: 683px) 100vw, 683px\" \/><\/p>\n<p>\u00a1Y ya est\u00e1! Sorprende a tu mam\u00e1 con este rico desayuno en la cama. Y lo mejor de todo es que el vidrio no interfiere con el sabor de los alimentos, ni tampoco altera su color y aroma.<\/p>\n<p><img loading=\"lazy\" class=\"aligncenter size-large wp-image-34790\" src=\"https:\/\/depto51.cl\/blog\/wp-content\/uploads\/2016\/05\/final-4-1024x682.jpg\" alt=\"final 4\" width=\"1024\" height=\"682\" \/><\/p>\n<p><img loading=\"lazy\" class=\"aligncenter size-large wp-image-34788\" src=\"https:\/\/depto51.cl\/blog\/wp-content\/uploads\/2016\/05\/final-2-683x1024.jpg\" alt=\"final 2\" width=\"683\" height=\"1024\" \/><\/p>\n<p><img loading=\"lazy\" class=\"aligncenter size-large wp-image-34787\" src=\"https:\/\/depto51.cl\/blog\/wp-content\/uploads\/2016\/05\/final-1-1024x682.jpg\" alt=\"final 1\" width=\"1024\" height=\"682\" \/><\/p>\n<p>Recuerda adem\u00e1s que, tras usarlos, puedes lavarlos y volver a reutilizarlos. \u00bfQu\u00e9 mejor? \u00a1Elige vidrio!<\/p>\n<p><em>*Este post fue creado gracias al apoyo de <a href=\"https:\/\/www.facebook.com\/eligevidrio\" target=\"_blank\">Elige Vidrio<\/a> pero todos los textos, fotos y comentarios son de Depto51 \ud83d\ude42<\/em><\/p>\n","protected":false},"excerpt":{"rendered":"<p>\u00bfQui\u00e9n no le ha hecho\u00a0un desayuno a su mam\u00e1 para el D\u00eda de la Madre? Este a\u00f1o, junto a ELIGE VIDRIO, quisimos llevar el desayuno m\u00e1s importante del a\u00f1o al siguiente nivel y\u00a0ayudarte a ti (y a tus hijos) a prepararlo reutilizando frascos de vidrio. Adem\u00e1s dise\u00f1amos\u00a0unas\u00a0lindas etiquetas imprimibles para que cada frasco tenga su&#8230;<\/p>\n","protected":false},"author":12996,"featured_media":34835,"comment_status":"open","ping_status":"open","sticky":false,"template":"","format":"standard","meta":[],"categories":[1126,10],"tags":[1131,982,38,1129],"acf":[],"_links":{"self":[{"href":"https:\/\/depto51.cl\/blog\/wp-json\/wp\/v2\/posts\/34786"}],"collection":[{"href":"https:\/\/depto51.cl\/blog\/wp-json\/wp\/v2\/posts"}],"about":[{"href":"https:\/\/depto51.cl\/blog\/wp-json\/wp\/v2\/types\/post"}],"author":[{"embeddable":true,"href":"https:\/\/depto51.cl\/blog\/wp-json\/wp\/v2\/users\/12996"}],"replies":[{"embeddable":true,"href":"https:\/\/depto51.cl\/blog\/wp-json\/wp\/v2\/comments?post=34786"}],"version-history":[{"count":0,"href":"https:\/\/depto51.cl\/blog\/wp-json\/wp\/v2\/posts\/34786\/revisions"}],"wp:featuredmedia":[{"embeddable":true,"href":"https:\/\/depto51.cl\/blog\/wp-json\/wp\/v2\/media\/34835"}],"wp:attachment":[{"href":"https:\/\/depto51.cl\/blog\/wp-json\/wp\/v2\/media?parent=34786"}],"wp:term":[{"taxonomy":"category","embeddable":true,"href":"https:\/\/depto51.cl\/blog\/wp-json\/wp\/v2\/categories?post=34786"},{"taxonomy":"post_tag","embeddable":true,"href":"https:\/\/depto51.cl\/blog\/wp-json\/wp\/v2\/tags?post=34786"}],"curies":[{"name":"wp","href":"https:\/\/api.w.org\/{rel}","templated":true}]}}