

{"id":34496,"date":"2016-04-05T11:27:03","date_gmt":"2016-04-05T15:27:03","guid":{"rendered":"https:\/\/depto51.cl\/blog\/?p=34496"},"modified":"2018-01-10T09:34:45","modified_gmt":"2018-01-10T13:34:45","slug":"barrio-vaticano-las-condes","status":"publish","type":"post","link":"https:\/\/depto51.cl\/blog\/2016\/04\/05\/barrio-vaticano-las-condes\/","title":{"rendered":"Barrio Vaticano, Las Condes"},"content":{"rendered":"<p><img loading=\"lazy\" class=\"aligncenter size-full wp-image-34515\" src=\"https:\/\/depto51.cl\/blog\/wp-content\/uploads\/2016\/03\/0b209b_7d1611fa9378497ba2ba098427ca0996.jpg\" alt=\"0b209b_7d1611fa9378497ba2ba098427ca0996\" width=\"637\" height=\"427\" srcset=\"https:\/\/depto51.cl\/blog\/wp-content\/uploads\/2016\/03\/0b209b_7d1611fa9378497ba2ba098427ca0996.jpg 637w, https:\/\/depto51.cl\/blog\/wp-content\/uploads\/2016\/03\/0b209b_7d1611fa9378497ba2ba098427ca0996-500x335.jpg 500w\" sizes=\"(max-width: 637px) 100vw, 637px\" \/><\/p>\n<p>Ubicado al interior del cuadrante conformado por las avenidas Francisco Bilbao (l\u00edmite sur), Mart\u00edn de Zamora (norte), Tobalaba (oeste) y Am\u00e9rico Vespucio (este) este sector ha sido por d\u00e9cadas uno de los barrios m\u00e1s tradicionales de la comuna de Las Condes, dividi\u00e9ndose en la actualidad en dos mitades. La primera, entre los ejes Bilbao y Vaticano, est\u00e1 conformada principalmente por viviendas de uno o dos pisos, algunas con patio anterior, posterior y gran antejard\u00edn; algunas de ellas han sido transformadas en oficinas o locales de comercio, principalmente alrededor de las principales arterias. En la segunda mitad del sector, entre calles Vaticano y Mart\u00edn de Zamora, predominan los edificios de departamentos, la mayor\u00eda con una altura mayor a siete pisos.<\/p>\n<p>Lo anterior se debe a lo establecido en el Plan Regulador de la comuna, el cual, como criterio gen\u00e9rico, determina que los sectores entre los ejes principales de la comuna de Las Condes -que alcanzan al 70% del territorio- sean protegidos, manteni\u00e9ndose en baja altura y densidad. El 30% restante, en tanto, se asocia a los ejes principales (como las avenidas Apoquindo, Col\u00f3n, Kennedy) y son calificados como sectores de alta densidad, altura y uso comercial (1).<\/p>\n<p>Del campo al \u201cNuevo Urbanismo\u201d de comienzos del Siglo XX<\/p>\n<p>El 26 de agosto de 1901, se decret\u00f3 la creaci\u00f3n de la nueva comuna de Las Condes (aunque la independencia de su municipio respecto de la comuna de Providencia ser\u00eda m\u00e1s tarde, en 1932).<\/p>\n<p>Sin embargo, reci\u00e9n en la d\u00e9cada del 20\u2019 se iniciar\u00edan los trabajos de urbanizaci\u00f3n, que incluyen la nivelaci\u00f3n de los terrenos, creaci\u00f3n de amplias avenidas e instalaci\u00f3n de l\u00edneas de agua potable, luz p\u00fablica y privada, y gas. A ello, se sum\u00f3 la construcci\u00f3n de elegantes casas por destacados arquitectos, como Alberto Cruz Eyzaguirre.<\/p>\n<p>De esta forma, durante las primeras d\u00e9cadas del siglo XX, los matrimonios m\u00e1s j\u00f3venes de altos ingresos encontraron en los nuevos terrenos loteados una oportunidad para fundar suburbios m\u00e1s modernos. Los centros urbanos se concentraron alrededor de los clubes deportivos, como Club de Golf, Stade Fran\u00e7ais, Estadio Espa\u00f1ol, Estadio Palestino, los cuales, con sus parques p\u00fablicos y privados, generaron una red de pulmones verdes en la comuna. (2).<\/p>\n<p>De estos centros urbanos surgir\u00edan diversos barrios, generalmente formados como una unidad vecinal urbanizada en la d\u00e9cada del 50 al 60 en torno a una plaza-rotonda, siguiendo las l\u00edneas de dise\u00f1o urban\u00edstico de \u201cCiudad Jard\u00edn\u201d (muy en boga en aquel entonces), y de suburbio americano en la corriente del \u201cNuevo Urbanismo\u201d (3).<br \/>\nEntre la tranquilidad residencial y el bullicio capitalino<\/p>\n<p><img loading=\"lazy\" class=\"aligncenter size-full wp-image-34516\" src=\"https:\/\/depto51.cl\/blog\/wp-content\/uploads\/2016\/03\/2-2.jpg\" alt=\"2\" width=\"637\" height=\"425\" srcset=\"https:\/\/depto51.cl\/blog\/wp-content\/uploads\/2016\/03\/2-2.jpg 637w, https:\/\/depto51.cl\/blog\/wp-content\/uploads\/2016\/03\/2-2-500x334.jpg 500w\" sizes=\"(max-width: 637px) 100vw, 637px\" \/><\/p>\n<p>En el Barrio Vaticano, la vida residencial fluct\u00faa entre la tradici\u00f3n del comercio a baja escala y el retail (como el cl\u00e1sico Jumbo entre Latad\u00eda y Flandes), y la tranquilidad de calles como Alc\u00e1ntara, Fernando de Arag\u00f3n, versus el frenes\u00ed vehicular de arterias fundamentales para el flujo capitalino como las avenidas Crist\u00f3bal Col\u00f3n y Am\u00e9rico Vespucio.<\/p>\n<p><img loading=\"lazy\" class=\"aligncenter size-full wp-image-34517\" src=\"https:\/\/depto51.cl\/blog\/wp-content\/uploads\/2016\/03\/3-2.jpg\" alt=\"3\" width=\"637\" height=\"425\" srcset=\"https:\/\/depto51.cl\/blog\/wp-content\/uploads\/2016\/03\/3-2.jpg 637w, https:\/\/depto51.cl\/blog\/wp-content\/uploads\/2016\/03\/3-2-500x334.jpg 500w\" sizes=\"(max-width: 637px) 100vw, 637px\" \/><\/p>\n<p><img loading=\"lazy\" class=\"aligncenter size-full wp-image-34518\" src=\"https:\/\/depto51.cl\/blog\/wp-content\/uploads\/2016\/03\/4-2.jpg\" alt=\"4\" width=\"637\" height=\"425\" srcset=\"https:\/\/depto51.cl\/blog\/wp-content\/uploads\/2016\/03\/4-2.jpg 637w, https:\/\/depto51.cl\/blog\/wp-content\/uploads\/2016\/03\/4-2-500x334.jpg 500w\" sizes=\"(max-width: 637px) 100vw, 637px\" \/><\/p>\n<p><img loading=\"lazy\" class=\"aligncenter size-full wp-image-34519\" src=\"https:\/\/depto51.cl\/blog\/wp-content\/uploads\/2016\/03\/5-2.jpg\" alt=\"5\" width=\"637\" height=\"427\" srcset=\"https:\/\/depto51.cl\/blog\/wp-content\/uploads\/2016\/03\/5-2.jpg 637w, https:\/\/depto51.cl\/blog\/wp-content\/uploads\/2016\/03\/5-2-500x335.jpg 500w\" sizes=\"(max-width: 637px) 100vw, 637px\" \/><br \/>\nEn materia de \u00e1reas verdes, tres parques rodean al barrio en sus l\u00edmites: el primero, ubicado entre calles Las Petunias y Av. Pocuro, es el Parque Augusto Err\u00e1zuriz (o m\u00e1s conocido como Plaza Pocuro), un lugar ideal para el descanso y el deporte, gracias a sus ciclov\u00edas y circuitos de senderos cubiertos de maicillo, sus juegos infantiles y una estaci\u00f3n de Bici Las Condes.<\/p>\n<p><img loading=\"lazy\" class=\"aligncenter size-full wp-image-34520\" src=\"https:\/\/depto51.cl\/blog\/wp-content\/uploads\/2016\/03\/6-1.jpg\" alt=\"Felipe Diaz Contardo\" width=\"637\" height=\"425\" srcset=\"https:\/\/depto51.cl\/blog\/wp-content\/uploads\/2016\/03\/6-1.jpg 637w, https:\/\/depto51.cl\/blog\/wp-content\/uploads\/2016\/03\/6-1-500x334.jpg 500w\" sizes=\"(max-width: 637px) 100vw, 637px\" \/><br \/>\nAl interior, destaca un monumento al escritor ecuatoriano Juan Montalvo. Frente a Pocuro, en tanto, aparece el Parque Tobalaba, que ocupa el bandej\u00f3n central de dicha avenida. Y en tercer lugar, hacia el este, est\u00e1 el Parque Vespucio Oriente: \u00e9ste tambi\u00e9n ocupa el bandej\u00f3n central de la popular arteria, (entre las comunas de Las Condes y Vitacura), y es desde hace a\u00f1os un reconocido circuito para ciclistas y runners del sector oriente de la capital.<\/p>\n<p><img loading=\"lazy\" class=\"aligncenter size-full wp-image-34521\" src=\"https:\/\/depto51.cl\/blog\/wp-content\/uploads\/2016\/03\/7.jpg\" alt=\"Felipe Diaz Contardo\" width=\"636\" height=\"422\" srcset=\"https:\/\/depto51.cl\/blog\/wp-content\/uploads\/2016\/03\/7.jpg 636w, https:\/\/depto51.cl\/blog\/wp-content\/uploads\/2016\/03\/7-500x332.jpg 500w\" sizes=\"(max-width: 636px) 100vw, 636px\" \/><\/p>\n<p><img loading=\"lazy\" class=\"aligncenter size-full wp-image-34522\" src=\"https:\/\/depto51.cl\/blog\/wp-content\/uploads\/2016\/03\/8.jpg\" alt=\"8\" width=\"637\" height=\"425\" srcset=\"https:\/\/depto51.cl\/blog\/wp-content\/uploads\/2016\/03\/8.jpg 637w, https:\/\/depto51.cl\/blog\/wp-content\/uploads\/2016\/03\/8-500x334.jpg 500w\" sizes=\"(max-width: 637px) 100vw, 637px\" \/><\/p>\n<p>A continuaci\u00f3n, subiendo por Av. Isabel Cat\u00f3lica (la cual continua la ciclov\u00eda que viene desde Pocuro), a la altura de Carlos V aparece la Plaza Juan Pablo II, un sector muy apacible, ideal para familias y paseo de mascotas, con juegos y puntos de reciclaje. Por el lado poniente, en calle Santa Adriana, la rodea la Parroquia San Pedro, junto a una nueva estaci\u00f3n de Bici Las Condes.<br \/>\n<img loading=\"lazy\" class=\"aligncenter size-full wp-image-34524\" src=\"https:\/\/depto51.cl\/blog\/wp-content\/uploads\/2016\/03\/10.jpg\" alt=\"10\" width=\"637\" height=\"426\" srcset=\"https:\/\/depto51.cl\/blog\/wp-content\/uploads\/2016\/03\/10.jpg 637w, https:\/\/depto51.cl\/blog\/wp-content\/uploads\/2016\/03\/10-500x334.jpg 500w\" sizes=\"(max-width: 637px) 100vw, 637px\" \/><\/p>\n<p><img loading=\"lazy\" class=\"aligncenter size-full wp-image-34525\" src=\"https:\/\/depto51.cl\/blog\/wp-content\/uploads\/2016\/03\/11.jpg\" alt=\"11\" width=\"637\" height=\"425\" srcset=\"https:\/\/depto51.cl\/blog\/wp-content\/uploads\/2016\/03\/11.jpg 637w, https:\/\/depto51.cl\/blog\/wp-content\/uploads\/2016\/03\/11-500x334.jpg 500w\" sizes=\"(max-width: 637px) 100vw, 637px\" \/><br \/>\n<strong>El esp\u00edritu de un barrio sintetizado en un caf\u00e9<br \/>\n<\/strong>Marcela Angulo \u00c1vila ha sido residente del barrio durante m\u00e1s de 20 a\u00f1os y a\u00fan se siente a gusto. \u201cMe encanta, es tranquilo. Ahora \u00faltimo est\u00e1 un poco m\u00e1s complicado, hay algunos robos, bueno, en todos lados est\u00e1 dif\u00edcil. Antes esto era a\u00fan m\u00e1s tranquilo, con mucha vegetaci\u00f3n\u201d, recuerda. Junto a Cristian, su hijo, administra desde hace dos a\u00f1os el local \u201cCafe-Ter\u00eda Literaria Gustito de Barrio\u201d, ubicada en Vaticano 4391.<\/p>\n<p><img loading=\"lazy\" class=\"aligncenter size-full wp-image-34526\" src=\"https:\/\/depto51.cl\/blog\/wp-content\/uploads\/2016\/03\/12.jpg\" alt=\"12\" width=\"637\" height=\"425\" srcset=\"https:\/\/depto51.cl\/blog\/wp-content\/uploads\/2016\/03\/12.jpg 637w, https:\/\/depto51.cl\/blog\/wp-content\/uploads\/2016\/03\/12-500x334.jpg 500w\" sizes=\"(max-width: 637px) 100vw, 637px\" \/><\/p>\n<p>La oferta incluye diferentes opciones caseras para desayunos y almuerzos. A la hora del t\u00e9 hay una promoci\u00f3n muy buena, sin embargo, el gancho ha sido dar una identidad sustentable al lugar (con una huerta vertical donde se cultivan diversos insumos como hierbas, albahaca, ciboulette, stevia, tomates cherry, or\u00e9gano) e iniciativas como funciones gratuitas de pel\u00edculas los fines de semana, recitales de cantantes folk, o arriendo de salas para diversos talleres de canto, teatro, pilates, danza entretenida, etc.<\/p>\n<p>\u201cHa sido un trabajo de boca en boca y as\u00ed ha ido llegando la gente, pas\u00e1ndose el dato. Tratamos de ser un lugar de encuentro, donde puedan conectarse y escuchar m\u00fasica, leer, comerse algo rico\u201d, cuenta do\u00f1a Marcela. Los clientes, en su 90% vecinos, reflejan el tipo de habitante del barrio: una mixtura entre los antiguos matrimonios, muchos ya en la tercera edad, y matrimonios j\u00f3venes con guaguas. Un tercer segmento son oficinistas j\u00f3venes. Por ello, la especialidad es la atenci\u00f3n personalizada.<\/p>\n<p>\u201cHubo un cliente que era muy viejito, viv\u00eda en un hogar de ancianos. No le gustaba la comida que le daban all\u00e1, nos llamaba por tel\u00e9fono y le envi\u00e1bamos por delivery. De repente, un d\u00eda pidi\u00f3 un taxi para venir a tomarse cafecito, su comida. Comenz\u00f3 a venir y eso que apenas caminaba, era como su salida, digamos\u201d, cuenta Marcela.<\/p>\n<p><img loading=\"lazy\" class=\"aligncenter size-full wp-image-34527\" src=\"https:\/\/depto51.cl\/blog\/wp-content\/uploads\/2016\/03\/13.jpg\" alt=\"13\" width=\"637\" height=\"425\" srcset=\"https:\/\/depto51.cl\/blog\/wp-content\/uploads\/2016\/03\/13.jpg 637w, https:\/\/depto51.cl\/blog\/wp-content\/uploads\/2016\/03\/13-500x334.jpg 500w\" sizes=\"(max-width: 637px) 100vw, 637px\" \/><br \/>\nA su alrededor, la decoraci\u00f3n incluye estantes llenos de libros, muchos dirigidos a los hijos adolescentes; tambi\u00e9n hay vitrinas con diferentes dulces, y m\u00e1quinas de caf\u00e9.<\/p>\n<p>\u201cTambi\u00e9n nos hemos posicionado como una cafeter\u00eda doglover, la gente viene con sus perritos. Los atendemos, le damos su ag\u00fcita. Con la veterinaria de al lado nos apoyamos: nos regalan galletitas de perro, y a la gente que espera aqu\u00ed la consulta de su perro les ofrecemos un cafecito\u201d, asegura la sra. Marcela.<\/p>\n<p><img loading=\"lazy\" class=\"aligncenter size-full wp-image-34528\" src=\"https:\/\/depto51.cl\/blog\/wp-content\/uploads\/2016\/03\/14.jpg\" alt=\"14\" width=\"637\" height=\"425\" srcset=\"https:\/\/depto51.cl\/blog\/wp-content\/uploads\/2016\/03\/14.jpg 637w, https:\/\/depto51.cl\/blog\/wp-content\/uploads\/2016\/03\/14-500x334.jpg 500w\" sizes=\"(max-width: 637px) 100vw, 637px\" \/><\/p>\n<p>FUENTES<\/p>\n<p>(1) Basado en entrevista realizada en 2015 a Pablo de la Llera, asesor urbano de la Municipalidad de Las Condes.<br \/>\n(2)Basado en rese\u00f1a publicada en el sitio de la Municipalidad de las Condes,<br \/>\nhttps:\/\/www.lascondes.cl\/informacion_comunal\/historia.html<br \/>\n(3) Basado en entrevista realizada en 2015 a Pablo de la Llera, asesor urbano de la Municipalidad de Las Condes.<\/p>\n<p><strong>DATOS<\/strong><\/p>\n<p><strong>Colegios<\/strong><\/p>\n<p>&#8211; Colegio del Verbo Divino<br \/>\n&#8211; Colegio Internacional San Juan de Las Condes: Isabel la Cat\u00f3lica 3890.<br \/>\n&#8211; John Dewey College: Col\u00f3n 3250<br \/>\n&#8211; Saint Paul\u2019s School: Col\u00f3n 3949<\/p>\n<p><strong>Salud<\/strong><\/p>\n<p>&#8211; Meds, Cl\u00ednica de Medicina Deportiva: Entre Tobalaba, Las Limas e Isabel la Cat\u00f3lica.<br \/>\n&#8211; Clinical Service: Isabel la Cat\u00f3lica 4139<br \/>\n&#8211; Consulta dental, doctor Juan Pablo Vergara Vice, Isabel la Cat\u00f3lica 4185.<br \/>\n&#8211; Hogar espa\u00f1ol (asistencia y protecci\u00f3n de adultos mayores): Alc\u00e1ntara 1320<\/p>\n<p><strong>Bici Las Condes<\/strong><\/p>\n<p>&#8211; El barrio incluye las estaciones n\u00b018 (S\u00e1nchez Fontecilla), n\u00b0 19 (Vaticano con Alc\u00e1ntara), n\u00b0 20 (Isabel la Cat\u00f3lica con Tobalaba) y 21 (Plaza Juan Pablo II).<\/p>\n<p><strong>Jardines infantiles<\/strong><\/p>\n<p>&#8211; A Learning Montessori Biling\u00fce: Isabel la Cat\u00f3lica 3921<br \/>\n&#8211; Bauhaus: Vaticano 3701<br \/>\n&#8211; Marco Polo: Alc\u00e1ntara 980<br \/>\n&#8211; Antilen: Col\u00f3n 4191<\/p>\n<p><strong>Comercio<\/strong><\/p>\n<p>&#8211; Rotiser\u00eda Los Ciervos: Tobalaba 2113.<br \/>\n&#8211; S Y P Supermercados: Col\u00f3n 3707<\/p>\n<p><strong>Otros<\/strong><\/p>\n<p>&#8211; Peluquer\u00eda ecol\u00f3gica TQV (Te Quiero Verde): Isabel la Cat\u00f3lica 4339<br \/>\n&#8211; Helados y productos gourmet, Tantano: Tobalaba 2055<br \/>\n&#8211; Zmart Games: Isabel la Cat\u00f3lica 4371<br \/>\n&#8211; Peluquer\u00eda Zule: M\u00e1laga 984<\/p>\n<p><strong>Cafeter\u00edas, restaurantes<\/strong><\/p>\n<p>Cafe-Ter\u00eda Literaria Gustito de Barrio: Vaticano 4391<\/p>\n","protected":false},"excerpt":{"rendered":"<p>Ubicado al interior del cuadrante conformado por las avenidas Francisco Bilbao (l\u00edmite sur), Mart\u00edn de Zamora (norte), Tobalaba (oeste) y Am\u00e9rico Vespucio (este) este sector ha sido por d\u00e9cadas uno de los barrios m\u00e1s tradicionales de la comuna de Las Condes, dividi\u00e9ndose en la actualidad en dos mitades. La primera, entre los ejes Bilbao y&#8230;<\/p>\n","protected":false},"author":12704,"featured_media":34518,"comment_status":"open","ping_status":"open","sticky":false,"template":"","format":"standard","meta":[],"categories":[1193],"tags":[],"acf":[],"_links":{"self":[{"href":"https:\/\/depto51.cl\/blog\/wp-json\/wp\/v2\/posts\/34496"}],"collection":[{"href":"https:\/\/depto51.cl\/blog\/wp-json\/wp\/v2\/posts"}],"about":[{"href":"https:\/\/depto51.cl\/blog\/wp-json\/wp\/v2\/types\/post"}],"author":[{"embeddable":true,"href":"https:\/\/depto51.cl\/blog\/wp-json\/wp\/v2\/users\/12704"}],"replies":[{"embeddable":true,"href":"https:\/\/depto51.cl\/blog\/wp-json\/wp\/v2\/comments?post=34496"}],"version-history":[{"count":0,"href":"https:\/\/depto51.cl\/blog\/wp-json\/wp\/v2\/posts\/34496\/revisions"}],"wp:featuredmedia":[{"embeddable":true,"href":"https:\/\/depto51.cl\/blog\/wp-json\/wp\/v2\/media\/34518"}],"wp:attachment":[{"href":"https:\/\/depto51.cl\/blog\/wp-json\/wp\/v2\/media?parent=34496"}],"wp:term":[{"taxonomy":"category","embeddable":true,"href":"https:\/\/depto51.cl\/blog\/wp-json\/wp\/v2\/categories?post=34496"},{"taxonomy":"post_tag","embeddable":true,"href":"https:\/\/depto51.cl\/blog\/wp-json\/wp\/v2\/tags?post=34496"}],"curies":[{"name":"wp","href":"https:\/\/api.w.org\/{rel}","templated":true}]}}