

{"id":34284,"date":"2016-03-10T09:00:45","date_gmt":"2016-03-10T13:00:45","guid":{"rendered":"https:\/\/depto51.cl\/blog\/?p=34284"},"modified":"2018-04-16T16:24:42","modified_gmt":"2018-04-16T20:24:42","slug":"barrio-parque-bustamante-un-espacio-verde-escala-humana","status":"publish","type":"post","link":"https:\/\/depto51.cl\/blog\/2016\/03\/10\/barrio-parque-bustamante-un-espacio-verde-escala-humana\/","title":{"rendered":"Barrio Parque Bustamante: un espacio verde a escala humana"},"content":{"rendered":"<div id=\"innerContainer_txtMedia1lwi\">\n<div id=\"innercomp_txtMedia1lwi\" class=\"s67\" title=\"\" data-exact-height=\"420.41999999999996\" data-content-padding-horizontal=\"0\" data-content-padding-vertical=\"0\" data-reactid=\".n\" data-react-checksum=\"1748060581\">\n<div id=\"innercomp_txtMedia1lwilink\" class=\"s67link\" data-reactid=\".n.0\">\n<div id=\"innercomp_txtMedia1lwiimg\" class=\"s67img\" data-reactid=\".n.0.0\"><img src=\"https:\/\/static.wixstatic.com\/media\/0b209b_4619bba8408b460184b23298855afe58.jpg\/v1\/fill\/w_630,h_420,al_c,q_80,usm_0.66_1.00_0.01\/0b209b_4619bba8408b460184b23298855afe58.jpg\" alt=\"\" data-reactid=\".n.0.0.$image\" \/><\/div>\n<div class=\"s67img\" data-reactid=\".n.0.0\">Entre Providencia, Vicu\u00f1a Mackenna, Mar\u00edn y Seminario, se conforma un espacio verde lleno de vida, en la comuna de Providencia. En el centro de todo, un parque que de norte a sur que va ofreciendo belleza al admirar sus edificaciones, y tambi\u00e9n lugares p\u00fablicos para apropiarse, disfrutar y perderse. El Barrio <strong>Parque Bustamante<\/strong> est\u00e1 justo en medio de los Barrios San Borja y Vaticano Chico.<\/div>\n<div class=\"s67img\" data-reactid=\".n.0.0\"><\/div>\n<\/div>\n<\/div>\n<\/div>\n<div id=\"innerContainer_txtMedia17tg\">\n<div id=\"innercomp_txtMedia17tg\" class=\"s67\" title=\"\" data-exact-height=\"431.0526315789474\" data-content-padding-horizontal=\"0\" data-content-padding-vertical=\"0\" data-reactid=\".o\" data-react-checksum=\"163465965\">\n<div id=\"innercomp_txtMedia17tglink\" class=\"s67link\" data-reactid=\".o.0\">\n<div id=\"innercomp_txtMedia17tgimg\" class=\"s67img\" data-reactid=\".o.0.0\"><img src=\"https:\/\/static.wixstatic.com\/media\/0b209b_6aeee9941dad4143ac6c74a0fdc15a93.jpg\/v1\/fill\/w_630,h_431,al_c,q_80,usm_0.66_1.00_0.01\/0b209b_6aeee9941dad4143ac6c74a0fdc15a93.jpg\" alt=\"\" data-reactid=\".o.0.0.$image\" \/><\/div>\n<\/div>\n<\/div>\n<\/div>\n<p class=\"font_9\">El nombre del parque, inaugurado en 1945, se debe al militar Jos\u00e9 Antonio Bustamante Donoso que tras la derrota en Rancagua en 1814 se fue a Mendoza y regres\u00f3 con el Ej\u00e9rcito de los Andes para combatir en Chacabuco y Maip\u00fa. En 1822 fue ascendido a General por Bernardo O\u2019Higgins y luego nombrado Intendente de Coquimbo.<\/p>\n<p class=\"font_9\">Justo por el trazado del parque, en el siglo XIX pasaba una avenida que en 1894 se transform\u00f3 en la l\u00ednea f\u00e9rrea para unir el sur de Santiago (Puente Alto) con el centro. As\u00ed, entre 1905 y 1911 se construy\u00f3 la Estaci\u00f3n de Providencia o Estaci\u00f3n Pirque, en el marco de los diversos trabajos de remodelaci\u00f3n con motivo del Centenario de nuestra rep\u00fablica, encargada al arquitecto \u00c9mile Jeqcuier, el mismo de la Estaci\u00f3n Mapocho, el Museo Nacional de Bellas Artes, Edificio La Bolsa y Palacio Universitario de la Universidad Cat\u00f3lica de Chile.<\/p>\n<div id=\"innerContainer_txtMediapot\">\n<div id=\"innercomp_txtMediapot\" class=\"s67\" title=\"\" data-exact-height=\"403.9272271016311\" data-content-padding-horizontal=\"0\" data-content-padding-vertical=\"0\" data-reactid=\".p\" data-react-checksum=\"2060667228\">\n<div id=\"innercomp_txtMediapotlink\" class=\"s67link\" data-reactid=\".p.0\">\n<div id=\"innercomp_txtMediapotimg\" class=\"s67img\" data-reactid=\".p.0.0\">\n<div style=\"width: 640px\" class=\"wp-caption alignnone\"><img loading=\"lazy\" src=\"https:\/\/static.wixstatic.com\/media\/0b209b_7f3c9c82947c43a2aae295e379a07263.jpg\/v1\/fill\/w_630,h_404,al_c,q_80,usm_0.66_1.00_0.01\/0b209b_7f3c9c82947c43a2aae295e379a07263.jpg\" alt=\"\" width=\"630\" height=\"404\" data-reactid=\".p.0.0.$image\" \/><p class=\"wp-caption-text\">Imagen: Flickr<\/p><\/div>\n<\/div>\n<\/div>\n<\/div>\n<\/div>\n<p class=\"font_9\">Sin embargo, entre 1942 y 1943 se demuele, argument\u00e1ndose que la estaci\u00f3n de trenes divid\u00eda demasiado los barrios antiguos de los nuevos en Santiago. Parad\u00f3jicamente, la Plaza Baquedano y la Plaza Italia constituyen hoy un punto de encuentro ciudadano, de reuni\u00f3n, de celebraciones de triunfos deportivos nacionales, pero seguimos escuchando que es un l\u00edmite social: \u201cde plaza Italia para arriba o de Plaza Italia para abajo\u201d.<\/p>\n<p class=\"font_9\">Caminando de norte a sur, y zigzagueando por las calles y pasajes laterales hacia Vicu\u00f1a Mackenna y Seminario, podemos deslumbrarnos con sus casas, edificios de habitaci\u00f3n, esculturas, patin\u00f3dromo, arboledas, jardines, restaurantes, bares, museos, teatro, biblioteca, espacios de arte, parroquia y gente de todas las edades y nacionalidades distintas, disfrutando cada rinc\u00f3n amable que ofrece este hermoso barrio.<\/p>\n<div id=\"innerContainer_txtMedia1ag1\">\n<div id=\"innercomp_txtMedia1ag1\" class=\"s67\" title=\"\" data-exact-height=\"463.6898920510304\" data-content-padding-horizontal=\"0\" data-content-padding-vertical=\"0\" data-reactid=\".q\" data-react-checksum=\"1523009808\">\n<div id=\"innercomp_txtMedia1ag1link\" class=\"s67link\" data-reactid=\".q.0\">\n<div id=\"innercomp_txtMedia1ag1img\" class=\"s67img\" data-reactid=\".q.0.0\"><img src=\"https:\/\/static.wixstatic.com\/media\/0b209b_6632d0e564104257b27aaa1fb3b3cc39.jpg\/v1\/fill\/w_630,h_464,al_c,q_80,usm_0.66_1.00_0.01\/0b209b_6632d0e564104257b27aaa1fb3b3cc39.jpg\" alt=\"\" data-reactid=\".q.0.0.$image\" \/><\/div>\n<\/div>\n<\/div>\n<\/div>\n<p class=\"font_9\"><span class=\"inherit-font-size\">\u00a0<\/span>A continuaci\u00f3n, algunos de los lugares m\u00e1s destacados por su belleza, historia, tradici\u00f3n y que caracterizan al barrio:<\/p>\n<p class=\"font_9\"><strong>Torre Telef\u00f3nica y espacio de arte de la Fundaci\u00f3n Telef\u00f3nica,<\/strong> Providencia 127.<\/p>\n<p class=\"font_9\">Desde 1996 esta torre con forma de tel\u00e9fono y 34 metros de altura, era uno de los m\u00e1s altos de la ciudad, y hoy en el espacio de la Fundaci\u00f3n, hay una exposici\u00f3n permanente dedicada a las telecomunicaciones, pero tambi\u00e9n una gran sala que permite acercarse al arte y la cultura. En este momento, se puede conocer hasta el 3 de enero de 2016, de lunes a domingo, de qu\u00e9 se trata \u201cALMA\u201d, el \u00a0Atacama Large Millimeter\/submillimeter Array, o el observatorio terrestre m\u00e1s potente de la historia para conocer el espacio exterior\u00a0<a href=\"http:\/\/espacio.fundaciontelefonica.cl\/\" target=\"_blank\" rel=\"noopener\">http:\/\/espacio.fundaciontelefonica.cl\/<\/a><\/p>\n<div id=\"innerContainer_txtMedia1vy4\">\n<div id=\"innercomp_txtMedia1vy4\" class=\"s67\" title=\"\" data-exact-height=\"382.2815533980583\" data-content-padding-horizontal=\"0\" data-content-padding-vertical=\"0\" data-reactid=\".r\" data-react-checksum=\"-1705555955\">\n<div id=\"innercomp_txtMedia1vy4link\" class=\"s67link\" data-reactid=\".r.0\">\n<div id=\"innercomp_txtMedia1vy4img\" class=\"s67img\" data-reactid=\".r.0.0\"><img src=\"https:\/\/static.wixstatic.com\/media\/0b209b_69282306e32241a994f1513c68c74d40.jpg\/v1\/fill\/w_630,h_382,al_c,q_80,usm_0.66_1.00_0.01\/0b209b_69282306e32241a994f1513c68c74d40.jpg\" alt=\"\" data-reactid=\".r.0.0.$image\" \/><\/div>\n<\/div>\n<\/div>\n<\/div>\n<p class=\"font_9\"><strong>Conjunto de edificios Turri, Providencia 05, 021, 039, 057, 073 y 091.<\/strong><\/p>\n<p class=\"font_9\">El empresario Enrique Turri mand\u00f3 a construir en 1929, a Guillermo Schneider Vergara este conjunto estilo art dec\u00f3, a un costado de la estaci\u00f3n Pirque, el que hoy constituye un inmueble de conservaci\u00f3n hist\u00f3rica y es parte fundamental del colectivo santiaguino y nacional, pues cada vez que se realizan manifestaciones o celebraciones en la Plaza Baquedano, se puede apreciar este conjunto como una escenograf\u00eda del clamor popular.<\/p>\n<div id=\"innerContainer_txtMedia1v7y\">\n<div id=\"innercomp_txtMedia1v7y\" class=\"s67\" title=\"\" data-exact-height=\"420.41999999999996\" data-content-padding-horizontal=\"0\" data-content-padding-vertical=\"0\" data-reactid=\".s\" data-react-checksum=\"-1729869090\">\n<div id=\"innercomp_txtMedia1v7ylink\" class=\"s67link\" data-reactid=\".s.0\">\n<div id=\"innercomp_txtMedia1v7yimg\" class=\"s67img\" data-reactid=\".s.0.0\"><img src=\"https:\/\/static.wixstatic.com\/media\/0b209b_5eaa4a6cb7a945de924511410d7ae0d8.jpg\/v1\/fill\/w_630,h_420,al_c,q_80,usm_0.66_1.00_0.01\/0b209b_5eaa4a6cb7a945de924511410d7ae0d8.jpg\" alt=\"\" data-reactid=\".s.0.0.$image\" \/><\/div>\n<div class=\"s67img\" data-reactid=\".s.0.0\"><\/div>\n<\/div>\n<\/div>\n<\/div>\n<div id=\"innerContainer_yn2j1nhj\">\n<div id=\"innercomp_yn2j1nhj\" class=\"s67\" title=\"\" data-exact-height=\"393.6180904522613\" data-content-padding-horizontal=\"0\" data-content-padding-vertical=\"0\" data-reactid=\".t\" data-react-checksum=\"-1864416503\">\n<div id=\"innercomp_yn2j1nhjlink\" class=\"s67link\" data-reactid=\".t.0\">\n<div id=\"innercomp_yn2j1nhjimg\" class=\"s67img\" data-reactid=\".t.0.0\">\n<div style=\"width: 640px\" class=\"wp-caption alignnone\"><img loading=\"lazy\" src=\"https:\/\/static.wixstatic.com\/media\/0b209b_f3b0611b446e481bb1d461e85c7537b6.jpg\/v1\/fill\/w_630,h_394,al_c,q_80,usm_0.66_1.00_0.01\/0b209b_f3b0611b446e481bb1d461e85c7537b6.jpg\" alt=\"\" width=\"630\" height=\"394\" data-reactid=\".t.0.0.$image\" \/><p class=\"wp-caption-text\">Imagen:\u00a0http:\/\/santiagodeayer.blogspot.cl<\/p><\/div>\n<\/div>\n<\/div>\n<\/div>\n<\/div>\n<p class=\"font_9\"><strong>Teatro Universidad de Chile (ex teatro Baquedano).<\/strong><\/p>\n<p class=\"font_9\">A fines de los a\u00f1os 30\u2019 con la fundaci\u00f3n de la Escuela de Bellas Artes de la Universidad de Chile y la llegada de los m\u00fasicos Armando Carvajal y Domingo Santa Cruz, se dio un ambiente proclive a la m\u00fasica y la danza. Por ello en 1940 se crea un Instituto Musical que permiti\u00f3 el nacimiento de la Orquesta Sinf\u00f3nica de Chile (1941) Cuarteto de Cuerdas Chile (1941), Escuela de Ballet (1941), Ballet Nacional Chileno (1945), Coro de la Universidad de Chile (1945), Revista Musical Chilena (1945), entre otros, pero en 1973 se fren\u00f3 toda esta efervescencia.<\/p>\n<p class=\"font_9\">En 1987 se cre\u00f3 el Centro de Extensi\u00f3n Art\u00edstica y Cultural de la Universidad de Chile y en 1989 se arrend\u00f3 el ex teatro Baquedano para cobijar uno de los centros de m\u00fasica, canto y danza m\u00e1s importantes del pa\u00eds<\/p>\n<p class=\"font_9\">\n<blockquote class=\"wp-embedded-content\" data-secret=\"iZNstCtN3B\"><p><a href=\"http:\/\/www.ceacuchile.com\/\">Inicio<\/a><\/p><\/blockquote>\n<p><iframe class=\"wp-embedded-content\" sandbox=\"allow-scripts\" security=\"restricted\" style=\"position: absolute; clip: rect(1px, 1px, 1px, 1px);\" src=\"http:\/\/www.ceacuchile.com\/embed\/#?secret=iZNstCtN3B\" data-secret=\"iZNstCtN3B\" width=\"500\" height=\"282\" title=\"&#8220;Inicio&#8221; &#8212; CEAC UChile - Centro de Extensi\u00f3n Art\u00edstica y Cultural de la Universidad de Chile\" frameborder=\"0\" marginwidth=\"0\" marginheight=\"0\" scrolling=\"no\"><\/iframe><\/p>\n<div id=\"innerContainer_txtMedia1s78\">\n<div id=\"innercomp_txtMedia1s78\" class=\"s67\" title=\"\" data-exact-height=\"418.95000000000005\" data-content-padding-horizontal=\"0\" data-content-padding-vertical=\"0\" data-reactid=\".u\" data-react-checksum=\"1794459912\">\n<div id=\"innercomp_txtMedia1s78link\" class=\"s67link\" data-reactid=\".u.0\">\n<div id=\"innercomp_txtMedia1s78img\" class=\"s67img\" data-reactid=\".u.0.0\">\n<div style=\"width: 640px\" class=\"wp-caption alignnone\"><img loading=\"lazy\" src=\"https:\/\/static.wixstatic.com\/media\/0b209b_2d07d0ba9e3d4049927f18b828f01c9e.jpg\/v1\/fill\/w_630,h_419,al_c,q_80,usm_0.66_1.00_0.01\/0b209b_2d07d0ba9e3d4049927f18b828f01c9e.jpg\" alt=\"\" width=\"630\" height=\"419\" data-reactid=\".u.0.0.$image\" \/><p class=\"wp-caption-text\">Imagen: http:\/\/www.ceacuchile.com<\/p><\/div>\n<\/div>\n<\/div>\n<\/div>\n<\/div>\n<p class=\"font_9\"><strong>Monumento a Manuel Rodr\u00edguez.<\/strong><\/p>\n<p class=\"font_9\">Muy caracter\u00edstico y en notable movimiento es el caballo que lleva al H\u00fasar de la Muerte don Manuel Rodr\u00edguez Erdo\u00edza con una antorcha en la mano derecha, representando la libertad. La primera piedra de este monumento data de abril de 1945. Su escultora fue Blanca Merino y fundida por R\u00f3mulo Tonti, inaugur\u00e1ndose en 1947.<\/p>\n<div id=\"innerContainer_5fk61sb0\">\n<div id=\"innercomp_5fk61sb0\" class=\"s67\" title=\"\" data-exact-height=\"420.41999999999996\" data-content-padding-horizontal=\"0\" data-content-padding-vertical=\"0\" data-reactid=\".v\" data-react-checksum=\"-1795407279\">\n<div id=\"innercomp_5fk61sb0link\" class=\"s67link\" data-reactid=\".v.0\">\n<div id=\"innercomp_5fk61sb0img\" class=\"s67img\" data-reactid=\".v.0.0\">\n<div id=\"innercomp_5fk61sb0imgpreloader\" class=\"s67imgpreloader\" data-reactid=\".v.0.0.0\">\n<p class=\"font_9\">En este monumento p\u00fablico se puede leer una frase que pertenece al patriota que habr\u00eda dicho en la batalla de Cancha Rayada en 1817: \u201cA\u00fan tenemos patria, ciudadanos\u201d<\/p>\n<\/div>\n<p><img src=\"https:\/\/static.wixstatic.com\/media\/0b209b_e0f97b5fe11d45268978d955cc7ef76c.jpg\/v1\/fill\/w_630,h_420,al_c,q_80,usm_0.66_1.00_0.01\/0b209b_e0f97b5fe11d45268978d955cc7ef76c.jpg\" alt=\"\" data-reactid=\".v.0.0.$image\" \/><\/p>\n<\/div>\n<\/div>\n<\/div>\n<\/div>\n<div id=\"innerContainer_txtMediam10\">\n<div id=\"innercomp_txtMediam10\" class=\"s67\" title=\"\" data-exact-height=\"420.41999999999996\" data-content-padding-horizontal=\"0\" data-content-padding-vertical=\"0\" data-reactid=\".w\" data-react-checksum=\"931743694\">\n<div id=\"innercomp_txtMediam10link\" class=\"s67link\" data-reactid=\".w.0\">\n<div id=\"innercomp_txtMediam10img\" class=\"s67img\" data-reactid=\".w.0.0\">\n<p><img src=\"https:\/\/static.wixstatic.com\/media\/0b209b_391e4f70704a445ebfd3655e6b144c59.jpg\/v1\/fill\/w_630,h_420,al_c,q_80,usm_0.66_1.00_0.01\/0b209b_391e4f70704a445ebfd3655e6b144c59.jpg\" alt=\"\" data-reactid=\".w.0.0.$image\" \/><\/p>\n<\/div>\n<\/div>\n<\/div>\n<\/div>\n<p class=\"font_9\"><strong>Ex facultad de Ciencias Qu\u00edmicas de la U. de Chile, Vicu\u00f1a Mackenna #20.\u00a0<\/strong><\/p>\n<p class=\"font_9\">Antes de albergar la facultad de Ciencias, a fines del siglo XIX funcionaba aqu\u00ed una destiler\u00eda de licores finos y que en 1910 pas\u00f3 a ser la sede de la Sociedad de Vinos de Chile. En ese mismo a\u00f1o se modific\u00f3 con una fachada neocl\u00e1sica que se mantiene hasta el d\u00eda de hoy, obra del arquitecto Eugenio Joannon Crozier, el mismo de la antigua catedral de Concepci\u00f3n, de la fachada de la Iglesia San Ignacio y los cimientos y capilla pedestal que sostiene a la Virgen del Cerro San Crist\u00f3bal.<\/p>\n<p class=\"font_9\">Hoy se conserva la fachada de Joannon, para remodelar y dar paso a un espacio que cobije a otras dependencias de la Universidad, como por ejemplo la Orquesta Sinf\u00f3nica y el Instituto de Asuntos P\u00fablicos.<\/p>\n<div id=\"innerContainer_txtMedia1ywo\">\n<div id=\"innercomp_txtMedia1ywo\" class=\"s67\" title=\"\" data-exact-height=\"420\" data-content-padding-horizontal=\"0\" data-content-padding-vertical=\"0\" data-reactid=\".x\" data-react-checksum=\"-412923531\">\n<div id=\"innercomp_txtMedia1ywolink\" class=\"s67link\" data-reactid=\".x.0\">\n<div id=\"innercomp_txtMedia1ywoimg\" class=\"s67img\" data-reactid=\".x.0.0\">\n<div style=\"width: 640px\" class=\"wp-caption alignnone\"><img loading=\"lazy\" src=\"https:\/\/static.wixstatic.com\/media\/0b209b_7cabcdcc3e5f4048b64957bd88008dca.jpg\/v1\/fill\/w_630,h_420,al_c,q_80,usm_0.66_1.00_0.01\/0b209b_7cabcdcc3e5f4048b64957bd88008dca.jpg\" alt=\"\" width=\"630\" height=\"420\" data-reactid=\".x.0.0.$image\" \/><p class=\"wp-caption-text\">Imagen: El Mercurio<\/p><\/div>\n<\/div>\n<\/div>\n<\/div>\n<\/div>\n<p class=\"font_9\"><strong>Calle Almirante Simpson<\/strong><\/p>\n<p class=\"font_9\">Una calle adoquinada que nos lleva a la ciudad de comienzo del siglo xx y en donde podemos apreciar una arquitectura que ha permitido clasificar a varias de sus casas como monumentos hist\u00f3ricos.<\/p>\n<p class=\"font_9\">Existen residencias proyectadas y construidas con balcones, terrazas, cocheras y de fachada continua, utilizando casi en un 90% el suelo y configurando lo que en dicha \u00e9poca se llamaba vivienda moderna. Su materialidad de ladrillo reforzado ha hecho que se conserven muy bien hasta hoy.<\/p>\n<p class=\"font_9\">Entre ellas destacan la Casa del Escritor, del\u00a0arquitecto Julio Machicao Fuentes, el restaurant\u00a0Casa de Cena, en donde se puede comer a cualquier hora del d\u00eda y la noche, el\u00a0Sindicato de Trabajadores N\u00b01 de Bata, el\u00a0\u00a0Instituto Projazz, casa de los arquitectos Julio Machicao y Navarro Bravo.<\/p>\n<p class=\"font_9\">Como parte del sello de la calle Simpson se ubica esta edificaci\u00f3n en la esquina con Bustamante de la obra plasmada por Machicao y que representa un estilo moderno de los a\u00f1os 20\u2019.<\/p>\n<div id=\"innerContainer_txtMedia1w4i\">\n<div id=\"innercomp_txtMedia1w4i\" class=\"s67\" title=\"\" data-exact-height=\"465.0590551181102\" data-content-padding-horizontal=\"0\" data-content-padding-vertical=\"0\" data-reactid=\".y\" data-react-checksum=\"-603567514\">\n<div id=\"innercomp_txtMedia1w4ilink\" class=\"s67link\" data-reactid=\".y.0\">\n<div id=\"innercomp_txtMedia1w4iimg\" class=\"s67img\" data-reactid=\".y.0.0\"><img src=\"https:\/\/static.wixstatic.com\/media\/0b209b_0d05a71a0bd046fd902fb33dd3f645c8.jpg\/v1\/fill\/w_630,h_465,al_c,q_80,usm_0.66_1.00_0.01\/0b209b_0d05a71a0bd046fd902fb33dd3f645c8.jpg\" alt=\"\" data-reactid=\".y.0.0.$image\" \/><\/div>\n<\/div>\n<\/div>\n<\/div>\n<p class=\"font_9\"><strong>Caf\u00e9 Parque Bustamante<\/strong><\/p>\n<p class=\"font_9\">Inaugurado en el a\u00f1o 2008 como parte de una remodelaci\u00f3n del parque y a trav\u00e9s de modernas instalaciones, realiza actividades al aire libre que promueven la lectura entre los ni\u00f1os, as\u00ed como tambi\u00e9n talleres de pintura, y ajedrez.\u00a0Hay una colecci\u00f3n de libros para pedir en pr\u00e9stamo o leer en el lugar, y se puede acompa\u00f1ar de un caf\u00e9 y algunos dulces. Frente a la edificaci\u00f3n hay un espejo de agua que da frescura en los d\u00edas calurosos.<\/p>\n<div id=\"innerContainer_txtMedia1xx6\">\n<div id=\"innercomp_txtMedia1xx6\" class=\"s67\" title=\"\" data-exact-height=\"420.41999999999996\" data-content-padding-horizontal=\"0\" data-content-padding-vertical=\"0\" data-reactid=\".z\" data-react-checksum=\"940133677\">\n<div id=\"innercomp_txtMedia1xx6link\" class=\"s67link\" data-reactid=\".z.0\">\n<div id=\"innercomp_txtMedia1xx6img\" class=\"s67img\" data-reactid=\".z.0.0\"><img src=\"https:\/\/static.wixstatic.com\/media\/0b209b_df05af19bcb64abaac285baacd72b1e9.jpg\/v1\/fill\/w_630,h_420,al_c,q_80,usm_0.66_1.00_0.01\/0b209b_df05af19bcb64abaac285baacd72b1e9.jpg\" alt=\"\" data-reactid=\".z.0.0.$image\" \/><\/div>\n<\/div>\n<\/div>\n<\/div>\n<p class=\"font_9\"><strong>Calle Vi\u00f1a del Mar, esquina Vicu\u00f1a Mackenna la casa de Las G\u00e1rgolas.\u00a0<\/strong><\/p>\n<div id=\"innerContainer_txtMediarmk\">\n<div id=\"innercomp_txtMediarmk\" class=\"s67\" title=\"\" data-exact-height=\"472.5\" data-content-padding-horizontal=\"0\" data-content-padding-vertical=\"0\" data-reactid=\".10\" data-react-checksum=\"-1016576176\">\n<div id=\"innercomp_txtMediarmklink\" class=\"s67link\" data-reactid=\".10.0\">\n<div id=\"innercomp_txtMediarmkimg\" class=\"s67img\" data-reactid=\".10.0.0\">\n<div id=\"innercomp_txtMediarmkimgpreloader\" class=\"s67imgpreloader\" data-reactid=\".10.0.0.0\">\n<p class=\"font_9\">Esta casa de arquitectura neog\u00f3tica, proyectada por el arquitecto Eduardo Costabal Zegers en el a\u00f1o 1929, est\u00e1 en Vicu\u00f1a Mackenna 84 esquina calle Vi\u00f1a del Mar. Costabal es quien erigi\u00f3 tambi\u00e9n la Bas\u00edlica de Lourdes en Quinta Normal. En 2001 la Casa de Las G\u00e1rgolas fue declarada monumento hist\u00f3rico. Esta casa m\u00e1s las que est\u00e1n por la calle Vi\u00f1a del Mar n\u00fameros 16, 20 y 24 son utilizadas por el Consejo de Monumentos Nacionales.<\/p>\n<p class=\"font_9\">Su particularidad radica en mantener una armon\u00eda de volumen mezclando con elementos decorativos, grifos, g\u00e1rgolas, chimeneas, balc\u00f3n y bajadas de aguas lluvia.<\/p>\n<p class=\"font_9\">La calle Vi\u00f1a del Mar es parte de la idea de ciudad jard\u00edn tra\u00edda desde Inglaterra y se ha constituido en una zona t\u00edpica de la comuna. Hay 18 viviendas individuales de 2 pisos, con un frente de nueve metros y todas poseen un antejard\u00edn y bow-windows, todas con reja de fierro forjado.<\/p>\n<\/div>\n<div style=\"width: 640px\" class=\"wp-caption alignnone\"><img loading=\"lazy\" src=\"https:\/\/static.wixstatic.com\/media\/0b209b_a38139b2f8c2428a80928ce0e50bfe1d.jpg\/v1\/fill\/w_630,h_473,al_c,q_80,usm_0.66_1.00_0.01\/0b209b_a38139b2f8c2428a80928ce0e50bfe1d.jpg\" alt=\"\" width=\"630\" height=\"473\" data-reactid=\".10.0.0.$image\" \/><p class=\"wp-caption-text\">Imagen: Wikipedia<\/p><\/div>\n<\/div>\n<\/div>\n<\/div>\n<\/div>\n<p class=\"font_9\"><strong>Pasaje Jos\u00e9 Arrieta<\/strong><\/p>\n<p class=\"font_9\">Arrieta fue un uruguayo que lleg\u00f3 a Chile a mitad del siglo XIX a estudiar y nombrado por el presidente Balmaceda en su testamento, pidi\u00e9ndole que se encargara de su sepultura.<\/p>\n<p class=\"font_9\">Este pasaje es un imperdible del barrio, pues aparece de repente cortando a la calle Vi\u00f1a del Mar a trav\u00e9s de una salida que lleva hacia un conjunto de casas de fachada continua, colores, mosaicos y faroles, que desembocan hacia la Avenida Rancagua, transport\u00e1ndose a otra \u00e9poca de Chile o incluso a otros lugares como Valpara\u00edso o Caminito en Buenos Aires. Conforma tambi\u00e9n una de las zonas de conservaci\u00f3n hist\u00f3rica de Providencia.<\/p>\n<div id=\"innerContainer_txtMediaq4w\">\n<div id=\"innercomp_txtMediaq4w\" class=\"s67\" title=\"\" data-exact-height=\"420.41999999999996\" data-content-padding-horizontal=\"0\" data-content-padding-vertical=\"0\" data-reactid=\".11\" data-react-checksum=\"453200039\">\n<div id=\"innercomp_txtMediaq4wlink\" class=\"s67link\" data-reactid=\".11.0\">\n<div id=\"innercomp_txtMediaq4wimg\" class=\"s67img\" data-reactid=\".11.0.0\"><img src=\"https:\/\/static.wixstatic.com\/media\/0b209b_ba22df1291b544ff8750318b7d7d3996.jpg\/v1\/fill\/w_630,h_420,al_c,q_80,usm_0.66_1.00_0.01\/0b209b_ba22df1291b544ff8750318b7d7d3996.jpg\" alt=\"\" data-reactid=\".11.0.0.$image\" \/><\/div>\n<\/div>\n<\/div>\n<\/div>\n<div id=\"innerContainer_txtMediagvu\">\n<div id=\"innercomp_txtMediagvu\" class=\"s67\" title=\"\" data-exact-height=\"420.41999999999996\" data-content-padding-horizontal=\"0\" data-content-padding-vertical=\"0\" data-reactid=\".12\" data-react-checksum=\"2009811618\">\n<div id=\"innercomp_txtMediagvulink\" class=\"s67link\" data-reactid=\".12.0\">\n<div id=\"innercomp_txtMediagvuimg\" class=\"s67img\" data-reactid=\".12.0.0\">\n<p><img src=\"https:\/\/static.wixstatic.com\/media\/0b209b_b276dd2c5e35453a83fe64db17dc928f.jpg\/v1\/fill\/w_630,h_420,al_c,q_80,usm_0.66_1.00_0.01\/0b209b_b276dd2c5e35453a83fe64db17dc928f.jpg\" alt=\"\" data-reactid=\".12.0.0.$image\" \/><\/p>\n<\/div>\n<\/div>\n<\/div>\n<\/div>\n<p class=\"font_9\"><span class=\"inherit-font-size\">\u00a0<\/span><strong>Letrero luminoso \u201cMonarch\u201d y el Letrero luminoso Champa\u00f1a \u201cValdivieso\u201d Calle Rancagua #051 y Calle General Bustamante #93<\/strong><\/p>\n<p class=\"font_9\">\u00a0Ambos avisos publicitarios de ne\u00f3n de colores instalados en las azoteas de los edificios en el a\u00f1o 1954, fueron declarados monumentos hist\u00f3ricos en mayo de 2010. Son parte del paisaje urbano del barrio desde hace 61 a\u00f1os. La empresa de letreros luminosos \u201cParragu\u00e9\u201d utiliz\u00f3 un sistema mec\u00e1nico electromagn\u00e9tico para ambos avisos, a trav\u00e9s de tubos de ne\u00f3n que encienden sus luces cada d\u00eda a las 21:00 horas en verano, y a las 18:00 horas en invierno. Ambos se apagan a las 3 de la ma\u00f1ana.<\/p>\n<p class=\"font_9\">La empresa publicitaria se\u00f1al\u00f3 en un reportaje que en esa \u00e9poca una concejala de Providencia se opon\u00eda a que se mostraran estas 16 piernas provocativas y reclam\u00f3 a trav\u00e9s de los diarios. Pero la Alcaldesa de ese entonces respondi\u00f3 que en los kioscos se ve\u00edan todos los d\u00edas a ni\u00f1as en traje de ba\u00f1o de manera m\u00e1s escandalosa, y ah\u00ed se cerr\u00f3 la discusi\u00f3n.<\/p>\n<div id=\"innerContainer_txtMedia1ek6\">\n<div id=\"innercomp_txtMedia1ek6\" class=\"s67\" title=\"\" data-exact-height=\"385.875\" data-content-padding-horizontal=\"0\" data-content-padding-vertical=\"0\" data-reactid=\".13\" data-react-checksum=\"-1024112840\">\n<div id=\"innercomp_txtMedia1ek6link\" class=\"s67link\" data-reactid=\".13.0\">\n<div id=\"innercomp_txtMedia1ek6img\" class=\"s67img\" data-reactid=\".13.0.0\">\n<div style=\"width: 640px\" class=\"wp-caption alignnone\"><img loading=\"lazy\" src=\"https:\/\/static.wixstatic.com\/media\/0b209b_8fb1401e8dc94bd2959c041c5a3278e0.jpg\/v1\/fill\/w_630,h_386,al_c,q_80,usm_0.66_1.00_0.01\/0b209b_8fb1401e8dc94bd2959c041c5a3278e0.jpg\" alt=\"\" width=\"630\" height=\"386\" data-reactid=\".13.0.0.$image\" \/><p class=\"wp-caption-text\">Imagen: Diario La Tercera<\/p><\/div>\n<\/div>\n<\/div>\n<\/div>\n<\/div>\n<p class=\"font_9\"><strong>Conjunto de Viviendas en calle Tom\u00e1s Andrews del n\u00famero 9 al 85<\/strong><\/p>\n<p class=\"font_9\">El escoc\u00e9s Andrews lleg\u00f3 a Chile, donando su embarcaci\u00f3n a la escuadra nacional y O\u2019Higgins lo nombr\u00f3 coronel y le regal\u00f3 la Isla Quiriquina.<\/p>\n<p class=\"font_9\">En esta calle peculiar, en su vereda sur, se emplaza un conjunto de 10 casas representativas del grupo socioecon\u00f3mico medio, que le da un estilo \u00fanico en la zona, transform\u00e1ndose tambi\u00e9n en lugar de conservaci\u00f3n hist\u00f3rica de la comuna.<\/p>\n<div id=\"innerContainer_txtMedia63m\">\n<div id=\"innercomp_txtMedia63m\" class=\"s67\" title=\"\" data-exact-height=\"420.41999999999996\" data-content-padding-horizontal=\"0\" data-content-padding-vertical=\"0\" data-reactid=\".14\" data-react-checksum=\"-984856760\">\n<div id=\"innercomp_txtMedia63mlink\" class=\"s67link\" data-reactid=\".14.0\">\n<div id=\"innercomp_txtMedia63mimg\" class=\"s67img\" data-reactid=\".14.0.0\"><img src=\"https:\/\/static.wixstatic.com\/media\/0b209b_688797e79d4a4232b81916b4f32e35aa.jpg\/v1\/fill\/w_630,h_420,al_c,q_80,usm_0.66_1.00_0.01\/0b209b_688797e79d4a4232b81916b4f32e35aa.jpg\" alt=\"\" data-reactid=\".14.0.0.$image\" \/><\/div>\n<\/div>\n<\/div>\n<\/div>\n<p class=\"font_9\"><strong>Museo Benjam\u00edn Vicu\u00f1a Mackenna, calle Ernesto Prado Tagle esquina Vicu\u00f1a Mackenna.<\/strong><\/p>\n<p class=\"font_9\">\u00a0Uno de los nietos de Benjam\u00edn Vicu\u00f1a Mackenna, Eugenio Orrego Vicu\u00f1a organiza y crea en 1947 este museo, que se inaugur\u00f3 en noviembre de 1957 y pertenece a la DIBAM. Se emplaza en donde existi\u00f3 la casa quinta de Benjam\u00edn Vicu\u00f1a, y el \u00fanico lugar que se conserva de esa edificaci\u00f3n original es el espacio de trabajo personal y su biblioteca, que fue declarado monumento hist\u00f3rico en 1992.<\/p>\n<p class=\"font_9\">\u00a0El Museo repasa los principales hitos de la vida de este historiador, pol\u00edtico y l\u00edder transformador urbano de Santiago.<\/p>\n<div id=\"innerContainer_txtMediaoz\">\n<div id=\"innercomp_txtMediaoz\" class=\"s67\" title=\"\" data-exact-height=\"408.45000000000005\" data-content-padding-horizontal=\"0\" data-content-padding-vertical=\"0\" data-reactid=\".15\" data-react-checksum=\"45565829\">\n<div id=\"innercomp_txtMediaozlink\" class=\"s67link\" data-reactid=\".15.0\">\n<div id=\"innercomp_txtMediaozimg\" class=\"s67img\" data-reactid=\".15.0.0\">\n<div style=\"width: 640px\" class=\"wp-caption alignnone\"><img loading=\"lazy\" src=\"https:\/\/static.wixstatic.com\/media\/0b209b_3c2294dc090047abb567a901e708ec41.jpg\/v1\/fill\/w_630,h_408,al_c,q_80,usm_0.66_1.00_0.01\/0b209b_3c2294dc090047abb567a901e708ec41.jpg\" alt=\"\" width=\"630\" height=\"408\" data-reactid=\".15.0.0.$image\" \/><p class=\"wp-caption-text\">Imagen: www.museoschile.cl<\/p><\/div>\n<\/div>\n<\/div>\n<\/div>\n<\/div>\n<p class=\"font_9\"><strong>Edificio Caja de Previsi\u00f3n de Empleados Particulares EMPART, arquitectos Mauricio Despouy y Guillermo Lederman, Vicu\u00f1a Mackenna n\u00famero 019.<\/strong><\/p>\n<p class=\"font_9\">\u00a0Es un cl\u00e1sico ejemplo de la construcci\u00f3n de vivienda colectiva en base a la arquitectura moderna, en que se unen dise\u00f1o simple y estructura s\u00f3lida para densificar y permitir a las familias la comodidad de espacios privados y \u00e1reas comunes de esparcimiento, contando con el gran eje del barrio que es el Parque Bustamante. Mauricio Despouy es un representante de esta arquitectura, que tambi\u00e9n dej\u00f3 su huella en otros edificios de vivienda colectiva y comerciales en la ciudad de Concepci\u00f3n, en las calles Colo-Colo y Barros Arana, respectivamente.<\/p>\n<p class=\"font_9\"><strong>Patin\u00f3dromo parque Bustamante, Parque Bustamante, Av. Ram\u00f3n Carnicer N\u00ba 151<\/strong><\/p>\n<p class=\"font_9\">Lugar p\u00fablico dedicado a patinadores y skaters de la ciudad, gratuito con iluminaci\u00f3n y \u00e1reas verdes, en donde pueden practicar acrobacias de lunes a domingo, de 10:00 a 22:00 horas.<\/p>\n<div id=\"innerContainer_txtMedia125k\">\n<div id=\"innercomp_txtMedia125k\" class=\"s67\" title=\"\" data-exact-height=\"420.41999999999996\" data-content-padding-horizontal=\"0\" data-content-padding-vertical=\"0\" data-reactid=\".16\" data-react-checksum=\"-2059581202\">\n<div id=\"innercomp_txtMedia125klink\" class=\"s67link\" data-reactid=\".16.0\">\n<div id=\"innercomp_txtMedia125kimg\" class=\"s67img\" data-reactid=\".16.0.0\"><img src=\"https:\/\/static.wixstatic.com\/media\/0b209b_fc97969e88af4e639f542e428bc21d76.jpg\/v1\/fill\/w_630,h_420,al_c,q_80,usm_0.66_1.00_0.01\/0b209b_fc97969e88af4e639f542e428bc21d76.jpg\" alt=\"\" data-reactid=\".16.0.0.$image\" \/><\/div>\n<\/div>\n<\/div>\n<\/div>\n<p class=\"font_9\"><strong>Espacio Ferias en el parque Bustamante, metro Parque Bustamante.<\/strong><\/p>\n<p class=\"font_9\">A la salida de la estaci\u00f3n del metro \u201cParque Bustamante\u201d se ubica un espacio dentro del Parque que se ha destinado a\u00f1o a a\u00f1o a preparar ferias especialmente de libros, las que ya son parte de una tradici\u00f3n del barrio.\u00a0Se instala una carpa que permite crear un espacio adecuado al p\u00fablico que visita el evento y se da una vuelta para disfrutar del entorno.<\/p>\n<div id=\"innerContainer_txtMedia15y8\">\n<div id=\"innercomp_txtMedia15y8\" class=\"s67\" title=\"\" data-exact-height=\"420.41999999999996\" data-content-padding-horizontal=\"0\" data-content-padding-vertical=\"0\" data-reactid=\".17\" data-react-checksum=\"744507729\">\n<div id=\"innercomp_txtMedia15y8link\" class=\"s67link\" data-reactid=\".17.0\">\n<div id=\"innercomp_txtMedia15y8img\" class=\"s67img\" data-reactid=\".17.0.0\"><img src=\"https:\/\/static.wixstatic.com\/media\/0b209b_7cfc1307f3314418adef51deb744812e.jpg\/v1\/fill\/w_630,h_420,al_c,q_80,usm_0.66_1.00_0.01\/0b209b_7cfc1307f3314418adef51deb744812e.jpg\" alt=\"\" data-reactid=\".17.0.0.$image\" \/><\/div>\n<div class=\"s67img\" data-reactid=\".17.0.0\"><\/div>\n<div class=\"s67img\" data-reactid=\".17.0.0\"><strong>Parroquia Italiana, de nuestra Se\u00f1ora de Pompeya, General Bustamante 180<\/strong><\/div>\n<\/div>\n<\/div>\n<\/div>\n<p class=\"font_9\">Bajo el alero de la fundaci\u00f3n Scalabrini, de la Congregaci\u00f3n de los misioneros de San Carlos Borromeo, su obra se centra en integrar laboralmente a los inmigrantes que llegan a Santiago. Por ello, muchas de sus actividades y fiestas se centran en la celebraci\u00f3n del D\u00eda del Migrante o religiosidad de otras naciones latinoamericanas.<\/p>\n<div id=\"innerContainer_txtMedia651\">\n<div id=\"innercomp_txtMedia651\" class=\"s67\" title=\"\" data-exact-height=\"551.04\" data-content-padding-horizontal=\"0\" data-content-padding-vertical=\"0\" data-reactid=\".18\" data-react-checksum=\"-1666562800\">\n<div id=\"innercomp_txtMedia651link\" class=\"s67link\" data-reactid=\".18.0\">\n<div id=\"innercomp_txtMedia651img\" class=\"s67img\" data-reactid=\".18.0.0\"><img src=\"https:\/\/static.wixstatic.com\/media\/0b209b_f7136fbd85574c2588c56192bff3dfc3.jpg\/v1\/fill\/w_630,h_551,al_c,q_80,usm_0.66_1.00_0.01\/0b209b_f7136fbd85574c2588c56192bff3dfc3.jpg\" alt=\"\" data-reactid=\".18.0.0.$image\" \/><\/div>\n<\/div>\n<\/div>\n<\/div>\n","protected":false},"excerpt":{"rendered":"<p>Entre Providencia, Vicu\u00f1a Mackenna, Mar\u00edn y Seminario, se conforma un espacio verde lleno de vida, en la comuna de Providencia. En el centro de todo, un parque que de norte a sur que va ofreciendo belleza al admirar sus edificaciones, y tambi\u00e9n lugares p\u00fablicos para apropiarse, disfrutar y perderse. El Barrio Parque Bustamante est\u00e1 justo&#8230;<\/p>\n","protected":false},"author":12704,"featured_media":34287,"comment_status":"open","ping_status":"open","sticky":false,"template":"","format":"standard","meta":[],"categories":[1193],"tags":[],"acf":[],"_links":{"self":[{"href":"https:\/\/depto51.cl\/blog\/wp-json\/wp\/v2\/posts\/34284"}],"collection":[{"href":"https:\/\/depto51.cl\/blog\/wp-json\/wp\/v2\/posts"}],"about":[{"href":"https:\/\/depto51.cl\/blog\/wp-json\/wp\/v2\/types\/post"}],"author":[{"embeddable":true,"href":"https:\/\/depto51.cl\/blog\/wp-json\/wp\/v2\/users\/12704"}],"replies":[{"embeddable":true,"href":"https:\/\/depto51.cl\/blog\/wp-json\/wp\/v2\/comments?post=34284"}],"version-history":[{"count":0,"href":"https:\/\/depto51.cl\/blog\/wp-json\/wp\/v2\/posts\/34284\/revisions"}],"wp:featuredmedia":[{"embeddable":true,"href":"https:\/\/depto51.cl\/blog\/wp-json\/wp\/v2\/media\/34287"}],"wp:attachment":[{"href":"https:\/\/depto51.cl\/blog\/wp-json\/wp\/v2\/media?parent=34284"}],"wp:term":[{"taxonomy":"category","embeddable":true,"href":"https:\/\/depto51.cl\/blog\/wp-json\/wp\/v2\/categories?post=34284"},{"taxonomy":"post_tag","embeddable":true,"href":"https:\/\/depto51.cl\/blog\/wp-json\/wp\/v2\/tags?post=34284"}],"curies":[{"name":"wp","href":"https:\/\/api.w.org\/{rel}","templated":true}]}}