

{"id":34028,"date":"2016-02-05T09:30:30","date_gmt":"2016-02-05T13:30:30","guid":{"rendered":"https:\/\/depto51.cl\/blog\/?p=34028"},"modified":"2018-03-17T07:32:31","modified_gmt":"2018-03-17T11:32:31","slug":"color-en-tu-cocina","status":"publish","type":"post","link":"https:\/\/depto51.cl\/blog\/2016\/02\/05\/color-en-tu-cocina\/","title":{"rendered":"Color en tu cocina"},"content":{"rendered":"<p style=\"text-align: justify;\">Siempre me ha\u00a0encantado ver cocinas ya sea en\u00a0revistas, programas de televisi\u00f3n o internet. Y aunque no voy a negar que me encantan las cocinas blancas con toques en madera y color negro, tambi\u00e9n me gusta ver cocinas con color. Ya sea en los gabinetes, lozas o accesorios, el color nunca viene mal y cuando se utiliza con moderaci\u00f3n\u00a0mejor a\u00fan. Puedes tener los gabinetes color negro y aun as\u00ed darle un color que vaya\u00a0acorde con \u00e9l y verse bien. As\u00ed que si estas cansado de ver tanto blanco y estas buscando qu\u00e9 hacer con tu cocina aqu\u00ed te dejo unas buenas ideas:<\/p>\n<p style=\"text-align: center;\"><img loading=\"lazy\" class=\"alignnone size-full wp-image-34029\" src=\"https:\/\/depto51.cl\/blog\/wp-content\/uploads\/2016\/02\/foto-1.jpg\" alt=\"foto 1\" width=\"520\" height=\"693\" srcset=\"https:\/\/depto51.cl\/blog\/wp-content\/uploads\/2016\/02\/foto-1.jpg 520w, https:\/\/depto51.cl\/blog\/wp-content\/uploads\/2016\/02\/foto-1-375x500.jpg 375w\" sizes=\"(max-width: 520px) 100vw, 520px\" \/><\/p>\n<p style=\"text-align: center;\"><img loading=\"lazy\" class=\"alignnone size-full wp-image-34030\" src=\"https:\/\/depto51.cl\/blog\/wp-content\/uploads\/2016\/02\/foto-2.jpg\" alt=\"foto 2\" width=\"575\" height=\"863\" srcset=\"https:\/\/depto51.cl\/blog\/wp-content\/uploads\/2016\/02\/foto-2.jpg 575w, https:\/\/depto51.cl\/blog\/wp-content\/uploads\/2016\/02\/foto-2-333x500.jpg 333w\" sizes=\"(max-width: 575px) 100vw, 575px\" \/><\/p>\n<p style=\"text-align: center;\"><img loading=\"lazy\" class=\"alignnone size-full wp-image-34031\" src=\"https:\/\/depto51.cl\/blog\/wp-content\/uploads\/2016\/02\/foto-3.jpg\" alt=\"foto 3\" width=\"500\" height=\"751\" srcset=\"https:\/\/depto51.cl\/blog\/wp-content\/uploads\/2016\/02\/foto-3.jpg 500w, https:\/\/depto51.cl\/blog\/wp-content\/uploads\/2016\/02\/foto-3-333x500.jpg 333w\" sizes=\"(max-width: 500px) 100vw, 500px\" \/><\/p>\n<p style=\"text-align: center;\"><img loading=\"lazy\" class=\"alignnone size-full wp-image-34032\" src=\"https:\/\/depto51.cl\/blog\/wp-content\/uploads\/2016\/02\/foto-4.jpg\" alt=\"foto 4\" width=\"534\" height=\"800\" srcset=\"https:\/\/depto51.cl\/blog\/wp-content\/uploads\/2016\/02\/foto-4.jpg 534w, https:\/\/depto51.cl\/blog\/wp-content\/uploads\/2016\/02\/foto-4-334x500.jpg 334w\" sizes=\"(max-width: 534px) 100vw, 534px\" \/><\/p>\n<p style=\"text-align: center;\"><img loading=\"lazy\" class=\"alignnone size-full wp-image-34033\" src=\"https:\/\/depto51.cl\/blog\/wp-content\/uploads\/2016\/02\/foto-6.jpg\" alt=\"foto 6\" width=\"564\" height=\"473\" srcset=\"https:\/\/depto51.cl\/blog\/wp-content\/uploads\/2016\/02\/foto-6.jpg 564w, https:\/\/depto51.cl\/blog\/wp-content\/uploads\/2016\/02\/foto-6-500x419.jpg 500w\" sizes=\"(max-width: 564px) 100vw, 564px\" \/><\/p>\n<p style=\"text-align: center;\"><img loading=\"lazy\" class=\"alignnone size-full wp-image-34034\" src=\"https:\/\/depto51.cl\/blog\/wp-content\/uploads\/2016\/02\/foto-5.jpg\" alt=\"foto 5\" width=\"564\" height=\"748\" srcset=\"https:\/\/depto51.cl\/blog\/wp-content\/uploads\/2016\/02\/foto-5.jpg 564w, https:\/\/depto51.cl\/blog\/wp-content\/uploads\/2016\/02\/foto-5-377x500.jpg 377w\" sizes=\"(max-width: 564px) 100vw, 564px\" \/><\/p>\n<p style=\"text-align: center;\"><a href=\"http:\/\/livethemma.ikea.se\/det-monokroma-koket\/\" target=\"_blank\">1<\/a>\u00a0<a href=\"http:\/\/www.desiretoinspire.net\/blog\/2014\/7\/2\/a-cool-modern-kitchen.html\" target=\"_blank\">2<\/a>\u00a0<a href=\"http:\/\/www.desiretoinspire.net\/blog\/month\/november-2013?currentPage=2\" target=\"_blank\">3<\/a>\u00a0<a href=\"http:\/\/casa.abril.com.br\/materia\/seis-salas-de-jantar-integradas-a-outros-ambientes-da-casa\" target=\"_blank\">4<\/a>\u00a0<a href=\"http:\/\/www.bloglovin.com\/blogs\/blueberryhomefr-4928879\/carreaux-de-ciment-on-sinspire-pour-notre-3365800345\/\" target=\"_blank\">5<\/a>\u00a0<a href=\"http:\/\/casa.abril.com.br\/materia\/fabiana-stuchi-e-carlos-leite-criam-uma-cozinha-preta-e-amarela\" target=\"_blank\">6<\/a><\/p>\n<p style=\"text-align: center;\">\n","protected":false},"excerpt":{"rendered":"<p>Siempre me ha\u00a0encantado ver cocinas ya sea en\u00a0revistas, programas de televisi\u00f3n o internet. Y aunque no voy a negar que me encantan las cocinas blancas con toques en madera y color negro, tambi\u00e9n me gusta ver cocinas con color. Ya sea en los gabinetes, lozas o accesorios, el color nunca viene mal y cuando se&#8230;<\/p>\n","protected":false},"author":500,"featured_media":34030,"comment_status":"open","ping_status":"open","sticky":false,"template":"","format":"standard","meta":[],"categories":[1],"tags":[],"acf":[],"_links":{"self":[{"href":"https:\/\/depto51.cl\/blog\/wp-json\/wp\/v2\/posts\/34028"}],"collection":[{"href":"https:\/\/depto51.cl\/blog\/wp-json\/wp\/v2\/posts"}],"about":[{"href":"https:\/\/depto51.cl\/blog\/wp-json\/wp\/v2\/types\/post"}],"author":[{"embeddable":true,"href":"https:\/\/depto51.cl\/blog\/wp-json\/wp\/v2\/users\/500"}],"replies":[{"embeddable":true,"href":"https:\/\/depto51.cl\/blog\/wp-json\/wp\/v2\/comments?post=34028"}],"version-history":[{"count":0,"href":"https:\/\/depto51.cl\/blog\/wp-json\/wp\/v2\/posts\/34028\/revisions"}],"wp:featuredmedia":[{"embeddable":true,"href":"https:\/\/depto51.cl\/blog\/wp-json\/wp\/v2\/media\/34030"}],"wp:attachment":[{"href":"https:\/\/depto51.cl\/blog\/wp-json\/wp\/v2\/media?parent=34028"}],"wp:term":[{"taxonomy":"category","embeddable":true,"href":"https:\/\/depto51.cl\/blog\/wp-json\/wp\/v2\/categories?post=34028"},{"taxonomy":"post_tag","embeddable":true,"href":"https:\/\/depto51.cl\/blog\/wp-json\/wp\/v2\/tags?post=34028"}],"curies":[{"name":"wp","href":"https:\/\/api.w.org\/{rel}","templated":true}]}}