

{"id":33908,"date":"2016-01-27T09:44:17","date_gmt":"2016-01-27T13:44:17","guid":{"rendered":"https:\/\/depto51.cl\/blog\/?p=33908"},"modified":"2016-06-14T16:30:17","modified_gmt":"2016-06-14T20:30:17","slug":"marisol-garcia-y-juan-ignacio-alarcon-arquitecta-y-abogado","status":"publish","type":"post","link":"https:\/\/depto51.cl\/blog\/2016\/01\/27\/marisol-garcia-y-juan-ignacio-alarcon-arquitecta-y-abogado\/","title":{"rendered":"Marisol Garc\u00eda y Juan Ignacio Alarc\u00f3n, arquitecta y abogado"},"content":{"rendered":"<div dir=\"ltr\">\n<p>Hace algunos meses Juan Ignacio nos envi\u00f3 unas\u00a0fotos de su depto con un simple mensaje \u00abcreo que les puede gustar\u00bb. Y no se equivoc\u00f3, en su casa se conjugan colores, muebles modernos, cultura pop y la\u00a0arquitectura s\u00f3lida de los a\u00f1os 50. Menci\u00f3n aparte el color gris de los muros que le dan un aire tranquilo y \u00a0contempor\u00e1neo al espacio.\u00a0Fotos por: <a href=\"http:\/\/www.sebastianmilla.cl\" target=\"_blank\">Sebasti\u00e1n Milla<\/a><\/p>\n<\/div>\n<div dir=\"ltr\"><em>\u00bfBuscas inspiraci\u00f3n para decorar tu depto? <a href=\"http:\/\/www.depto51.cl\" target=\"_blank\">Visita nuestra tienda<\/a><\/em><\/div>\n<div dir=\"ltr\"><\/div>\n<div dir=\"ltr\">\n<div dir=\"ltr\"><img loading=\"lazy\" class=\"size-large wp-image-33910 aligncenter\" src=\"https:\/\/depto51.cl\/blog\/wp-content\/uploads\/2016\/01\/Depto51-Juan-Marisol-3-1024x683.jpg\" alt=\"Depto51 - Juan &amp; Marisol-3\" width=\"1024\" height=\"683\" srcset=\"https:\/\/depto51.cl\/blog\/wp-content\/uploads\/2016\/01\/Depto51-Juan-Marisol-3-1024x683.jpg 1024w, https:\/\/depto51.cl\/blog\/wp-content\/uploads\/2016\/01\/Depto51-Juan-Marisol-3-500x333.jpg 500w, https:\/\/depto51.cl\/blog\/wp-content\/uploads\/2016\/01\/Depto51-Juan-Marisol-3-768x512.jpg 768w, https:\/\/depto51.cl\/blog\/wp-content\/uploads\/2016\/01\/Depto51-Juan-Marisol-3-1500x1000.jpg 1500w, https:\/\/depto51.cl\/blog\/wp-content\/uploads\/2016\/01\/Depto51-Juan-Marisol-3.jpg 1920w\" sizes=\"(max-width: 1024px) 100vw, 1024px\" \/><\/div>\n<div dir=\"ltr\">\n<div><strong>\u00bfQui\u00e9nes viven aqu\u00ed?\u00a0<\/strong><\/div>\n<div>Marisol Garc\u00eda y <span class=\"il\">Juan<\/span> <span class=\"il\">Ignacio<\/span> Alarc\u00f3n, arquitecta y abogado. En camino Mateo Alarc\u00f3n Garc\u00eda.<\/div>\n<div><strong>\u00bfDesde cu\u00e1ndo que viven aqu\u00ed?<\/strong><\/div>\n<div>Juntos desde mayo del 2014. Yo viv\u00eda solo desde enero del 2012, cuando compr\u00e9 el depto.<\/div>\n<div dir=\"ltr\"><strong>\u00bfC\u00f3mo llegaron y por qu\u00e9 eligieron esta casa?<\/strong><\/div>\n<div>Lo encontr\u00e9 preguntando a los distintos conserjes de cuadras cercanas. Podr\u00edamos decir que el barrio fue elegido antes que el depto. Nos encanta la ubicaci\u00f3n por su cercan\u00eda con el metro y principales v\u00edas de Providencia. Tiene vida de barrio, con un almac\u00e9n en la esquina y caf\u00e9s cerca; y dentro de Santiago y los lugares en que nos movemos, nos parece bastante central, lo que nos permite movilizarnos a pie y en bici. Nos gusta que el depto. adem\u00e1s, tenga espacios amplios y un parquet antiguo; y que forme parte de un edificio de los a\u00f1os 50, de 4 pisos, de arquitectura moderna.<\/div>\n<div><img loading=\"lazy\" class=\"size-large wp-image-33912 aligncenter\" src=\"https:\/\/depto51.cl\/blog\/wp-content\/uploads\/2016\/01\/Depto51-Juan-Marisol-5-1024x683.jpg\" alt=\"Depto51 - Juan &amp; Marisol-5\" width=\"1024\" height=\"683\" srcset=\"https:\/\/depto51.cl\/blog\/wp-content\/uploads\/2016\/01\/Depto51-Juan-Marisol-5-1024x683.jpg 1024w, https:\/\/depto51.cl\/blog\/wp-content\/uploads\/2016\/01\/Depto51-Juan-Marisol-5-500x333.jpg 500w, https:\/\/depto51.cl\/blog\/wp-content\/uploads\/2016\/01\/Depto51-Juan-Marisol-5-768x512.jpg 768w, https:\/\/depto51.cl\/blog\/wp-content\/uploads\/2016\/01\/Depto51-Juan-Marisol-5.jpg 1920w\" sizes=\"(max-width: 1024px) 100vw, 1024px\" \/><\/div>\n<div><\/div>\n<div><img loading=\"lazy\" class=\"size-large wp-image-33913 aligncenter\" src=\"https:\/\/depto51.cl\/blog\/wp-content\/uploads\/2016\/01\/Depto51-Juan-Marisol-6-683x1024.jpg\" alt=\"Depto51 - Juan &amp; Marisol-6\" width=\"683\" height=\"1024\" srcset=\"https:\/\/depto51.cl\/blog\/wp-content\/uploads\/2016\/01\/Depto51-Juan-Marisol-6-683x1024.jpg 683w, https:\/\/depto51.cl\/blog\/wp-content\/uploads\/2016\/01\/Depto51-Juan-Marisol-6-333x500.jpg 333w, https:\/\/depto51.cl\/blog\/wp-content\/uploads\/2016\/01\/Depto51-Juan-Marisol-6-768x1152.jpg 768w, https:\/\/depto51.cl\/blog\/wp-content\/uploads\/2016\/01\/Depto51-Juan-Marisol-6.jpg 1280w\" sizes=\"(max-width: 683px) 100vw, 683px\" \/><\/div>\n<div><\/div>\n<div><strong>\u00bfQu\u00e9 nombre le pondr\u00edan al estilo en que la decoraron?<\/strong><\/div>\n<div>Dir\u00edamos que m\u00e1s que un estilo espec\u00edfico de decoraci\u00f3n, se trata de una mezcla de distintas cosas que nos gustan. Hay algo de pop, de colores fuertes, relacionados con gustos en m\u00fasica y cine; y algo m\u00e1s c\u00e1lido, con muebles de madera y mimbre. El juego consiste en controlar mi ansia coleccionista y llenadora de espacios, con la amplitud y limpieza de los mismos, de la Marisol.<\/div>\n<div><img loading=\"lazy\" class=\"size-large wp-image-33915 aligncenter\" src=\"https:\/\/depto51.cl\/blog\/wp-content\/uploads\/2016\/01\/Depto51-Juan-Marisol-8-683x1024.jpg\" alt=\"Depto51 - Juan &amp; Marisol-8\" width=\"683\" height=\"1024\" srcset=\"https:\/\/depto51.cl\/blog\/wp-content\/uploads\/2016\/01\/Depto51-Juan-Marisol-8-683x1024.jpg 683w, https:\/\/depto51.cl\/blog\/wp-content\/uploads\/2016\/01\/Depto51-Juan-Marisol-8-333x500.jpg 333w, https:\/\/depto51.cl\/blog\/wp-content\/uploads\/2016\/01\/Depto51-Juan-Marisol-8-768x1152.jpg 768w, https:\/\/depto51.cl\/blog\/wp-content\/uploads\/2016\/01\/Depto51-Juan-Marisol-8.jpg 1280w\" sizes=\"(max-width: 683px) 100vw, 683px\" \/><\/div>\n<div><\/div>\n<div><img loading=\"lazy\" class=\"size-large wp-image-33916 aligncenter\" src=\"https:\/\/depto51.cl\/blog\/wp-content\/uploads\/2016\/01\/Depto51-Juan-Marisol-9-1024x683.jpg\" alt=\"Depto51 - Juan &amp; Marisol-9\" width=\"1024\" height=\"683\" srcset=\"https:\/\/depto51.cl\/blog\/wp-content\/uploads\/2016\/01\/Depto51-Juan-Marisol-9-1024x683.jpg 1024w, https:\/\/depto51.cl\/blog\/wp-content\/uploads\/2016\/01\/Depto51-Juan-Marisol-9-500x333.jpg 500w, https:\/\/depto51.cl\/blog\/wp-content\/uploads\/2016\/01\/Depto51-Juan-Marisol-9-768x512.jpg 768w, https:\/\/depto51.cl\/blog\/wp-content\/uploads\/2016\/01\/Depto51-Juan-Marisol-9.jpg 1920w\" sizes=\"(max-width: 1024px) 100vw, 1024px\" \/><\/div>\n<div><\/div>\n<div><img loading=\"lazy\" class=\"size-large wp-image-33918 aligncenter\" src=\"https:\/\/depto51.cl\/blog\/wp-content\/uploads\/2016\/01\/Depto51-Juan-Marisol-11-683x1024.jpg\" alt=\"Depto51 - Juan &amp; Marisol-11\" width=\"683\" height=\"1024\" srcset=\"https:\/\/depto51.cl\/blog\/wp-content\/uploads\/2016\/01\/Depto51-Juan-Marisol-11-683x1024.jpg 683w, https:\/\/depto51.cl\/blog\/wp-content\/uploads\/2016\/01\/Depto51-Juan-Marisol-11-333x500.jpg 333w, https:\/\/depto51.cl\/blog\/wp-content\/uploads\/2016\/01\/Depto51-Juan-Marisol-11-768x1152.jpg 768w, https:\/\/depto51.cl\/blog\/wp-content\/uploads\/2016\/01\/Depto51-Juan-Marisol-11.jpg 1280w\" sizes=\"(max-width: 683px) 100vw, 683px\" \/><\/div>\n<div><\/div>\n<div><img loading=\"lazy\" class=\"size-large wp-image-33919 aligncenter\" src=\"https:\/\/depto51.cl\/blog\/wp-content\/uploads\/2016\/01\/Depto51-Juan-Marisol-12-683x1024.jpg\" alt=\"Depto51 - Juan &amp; Marisol-12\" width=\"683\" height=\"1024\" srcset=\"https:\/\/depto51.cl\/blog\/wp-content\/uploads\/2016\/01\/Depto51-Juan-Marisol-12-683x1024.jpg 683w, https:\/\/depto51.cl\/blog\/wp-content\/uploads\/2016\/01\/Depto51-Juan-Marisol-12-333x500.jpg 333w, https:\/\/depto51.cl\/blog\/wp-content\/uploads\/2016\/01\/Depto51-Juan-Marisol-12-768x1152.jpg 768w, https:\/\/depto51.cl\/blog\/wp-content\/uploads\/2016\/01\/Depto51-Juan-Marisol-12.jpg 1280w\" sizes=\"(max-width: 683px) 100vw, 683px\" \/> <img loading=\"lazy\" class=\"alignleft size-large wp-image-33926\" src=\"https:\/\/depto51.cl\/blog\/wp-content\/uploads\/2016\/01\/Depto51-Juan-Marisol-23-1024x683.jpg\" alt=\"Depto51 - Juan &amp; Marisol-23\" width=\"1024\" height=\"683\" srcset=\"https:\/\/depto51.cl\/blog\/wp-content\/uploads\/2016\/01\/Depto51-Juan-Marisol-23-1024x683.jpg 1024w, https:\/\/depto51.cl\/blog\/wp-content\/uploads\/2016\/01\/Depto51-Juan-Marisol-23-500x333.jpg 500w, https:\/\/depto51.cl\/blog\/wp-content\/uploads\/2016\/01\/Depto51-Juan-Marisol-23-768x512.jpg 768w, https:\/\/depto51.cl\/blog\/wp-content\/uploads\/2016\/01\/Depto51-Juan-Marisol-23.jpg 1920w\" sizes=\"(max-width: 1024px) 100vw, 1024px\" \/><\/div>\n<div><\/div>\n<div><strong>\u00bfDe d\u00f3nde son las cosas que tienen?\u00a0<\/strong><\/div>\n<div>Hay cosas que tra\u00edamos de nuestras vidas de solteros, como los miles de mapas por todas las paredes (pasi\u00f3n personal de la Marisol) y las colecciones de pel\u00edculas y discos m\u00edas. Otras, como la mesa de centro, el comedor y el tocadiscos por ejemplo, fueron regalo de matrimonio de marzo del a\u00f1o pasado, varios de ellos de la lista de novios que hicimos en <a href=\"http:\/\/www.tpd.cl\" target=\"_blank\">The Popular Design<\/a>. De viajes hay peque\u00f1os recuerdos en el librero y en el refrigerador. La mayor mezcla de la vida en pareja son los cuadros del living, donde tenemos varios de amigos nuestros, como los del ilustrador <a href=\"http:\/\/personajesilustrados.com\" target=\"_blank\">Fabi\u00e1n Todorovic<\/a> y del fot\u00f3grafo <a href=\"http:\/\/pabizq.tumblr.com.\" target=\"_blank\">Pablo Izquierdo<\/a>. Un objeto preciado es el afiche del comedor de un concierto de Jorge Drexler en Madrid, de la gira Andar la trama. Se trata del lanzamiento del disco de nuestra canci\u00f3n favorita juntos.<\/div>\n<div>\u00a0<img loading=\"lazy\" class=\"size-large wp-image-33939 aligncenter\" src=\"https:\/\/depto51.cl\/blog\/wp-content\/uploads\/2016\/01\/Depto51-Juan-Marisol-40-1024x683.jpg\" alt=\"Depto51 - Juan &amp; Marisol-40\" width=\"1024\" height=\"683\" srcset=\"https:\/\/depto51.cl\/blog\/wp-content\/uploads\/2016\/01\/Depto51-Juan-Marisol-40-1024x683.jpg 1024w, https:\/\/depto51.cl\/blog\/wp-content\/uploads\/2016\/01\/Depto51-Juan-Marisol-40-500x333.jpg 500w, https:\/\/depto51.cl\/blog\/wp-content\/uploads\/2016\/01\/Depto51-Juan-Marisol-40-768x512.jpg 768w, https:\/\/depto51.cl\/blog\/wp-content\/uploads\/2016\/01\/Depto51-Juan-Marisol-40.jpg 1920w\" sizes=\"(max-width: 1024px) 100vw, 1024px\" \/><br \/>\n<img loading=\"lazy\" class=\"size-large wp-image-33938 aligncenter\" src=\"https:\/\/depto51.cl\/blog\/wp-content\/uploads\/2016\/01\/Depto51-Juan-Marisol-39-1024x683.jpg\" alt=\"Depto51 - Juan &amp; Marisol-39\" width=\"1024\" height=\"683\" srcset=\"https:\/\/depto51.cl\/blog\/wp-content\/uploads\/2016\/01\/Depto51-Juan-Marisol-39-1024x683.jpg 1024w, https:\/\/depto51.cl\/blog\/wp-content\/uploads\/2016\/01\/Depto51-Juan-Marisol-39-500x333.jpg 500w, https:\/\/depto51.cl\/blog\/wp-content\/uploads\/2016\/01\/Depto51-Juan-Marisol-39-768x512.jpg 768w, https:\/\/depto51.cl\/blog\/wp-content\/uploads\/2016\/01\/Depto51-Juan-Marisol-39.jpg 1920w\" sizes=\"(max-width: 1024px) 100vw, 1024px\" \/> <img loading=\"lazy\" class=\"size-large wp-image-33936 aligncenter\" src=\"https:\/\/depto51.cl\/blog\/wp-content\/uploads\/2016\/01\/Depto51-Juan-Marisol-36-683x1024.jpg\" alt=\"Depto51 - Juan &amp; Marisol-36\" width=\"683\" height=\"1024\" srcset=\"https:\/\/depto51.cl\/blog\/wp-content\/uploads\/2016\/01\/Depto51-Juan-Marisol-36-683x1024.jpg 683w, https:\/\/depto51.cl\/blog\/wp-content\/uploads\/2016\/01\/Depto51-Juan-Marisol-36-333x500.jpg 333w, https:\/\/depto51.cl\/blog\/wp-content\/uploads\/2016\/01\/Depto51-Juan-Marisol-36-768x1152.jpg 768w, https:\/\/depto51.cl\/blog\/wp-content\/uploads\/2016\/01\/Depto51-Juan-Marisol-36.jpg 1280w\" sizes=\"(max-width: 683px) 100vw, 683px\" \/><\/div>\n<div><\/div>\n<div><img loading=\"lazy\" class=\"size-large wp-image-33935 aligncenter\" src=\"https:\/\/depto51.cl\/blog\/wp-content\/uploads\/2016\/01\/Depto51-Juan-Marisol-35-1024x683.jpg\" alt=\"Depto51 - Juan &amp; Marisol-35\" width=\"1024\" height=\"683\" srcset=\"https:\/\/depto51.cl\/blog\/wp-content\/uploads\/2016\/01\/Depto51-Juan-Marisol-35-1024x683.jpg 1024w, https:\/\/depto51.cl\/blog\/wp-content\/uploads\/2016\/01\/Depto51-Juan-Marisol-35-500x333.jpg 500w, https:\/\/depto51.cl\/blog\/wp-content\/uploads\/2016\/01\/Depto51-Juan-Marisol-35-768x512.jpg 768w, https:\/\/depto51.cl\/blog\/wp-content\/uploads\/2016\/01\/Depto51-Juan-Marisol-35.jpg 1920w\" sizes=\"(max-width: 1024px) 100vw, 1024px\" \/><\/div>\n<div><\/div>\n<div><img loading=\"lazy\" class=\"size-large wp-image-33934 aligncenter\" src=\"https:\/\/depto51.cl\/blog\/wp-content\/uploads\/2016\/01\/Depto51-Juan-Marisol-34-1024x683.jpg\" alt=\"Depto51 - Juan &amp; Marisol-34\" width=\"1024\" height=\"683\" srcset=\"https:\/\/depto51.cl\/blog\/wp-content\/uploads\/2016\/01\/Depto51-Juan-Marisol-34-1024x683.jpg 1024w, https:\/\/depto51.cl\/blog\/wp-content\/uploads\/2016\/01\/Depto51-Juan-Marisol-34-500x333.jpg 500w, https:\/\/depto51.cl\/blog\/wp-content\/uploads\/2016\/01\/Depto51-Juan-Marisol-34-768x512.jpg 768w, https:\/\/depto51.cl\/blog\/wp-content\/uploads\/2016\/01\/Depto51-Juan-Marisol-34.jpg 1920w\" sizes=\"(max-width: 1024px) 100vw, 1024px\" \/><\/div>\n<div><\/div>\n<div><img loading=\"lazy\" class=\"size-large wp-image-33933 aligncenter\" src=\"https:\/\/depto51.cl\/blog\/wp-content\/uploads\/2016\/01\/Depto51-Juan-Marisol-33-1024x683.jpg\" alt=\"Depto51 - Juan &amp; Marisol-33\" width=\"1024\" height=\"683\" srcset=\"https:\/\/depto51.cl\/blog\/wp-content\/uploads\/2016\/01\/Depto51-Juan-Marisol-33-1024x683.jpg 1024w, https:\/\/depto51.cl\/blog\/wp-content\/uploads\/2016\/01\/Depto51-Juan-Marisol-33-500x333.jpg 500w, https:\/\/depto51.cl\/blog\/wp-content\/uploads\/2016\/01\/Depto51-Juan-Marisol-33-768x512.jpg 768w, https:\/\/depto51.cl\/blog\/wp-content\/uploads\/2016\/01\/Depto51-Juan-Marisol-33.jpg 1920w\" sizes=\"(max-width: 1024px) 100vw, 1024px\" \/><\/div>\n<div><\/div>\n<div><img loading=\"lazy\" class=\"size-large wp-image-33928 aligncenter\" src=\"https:\/\/depto51.cl\/blog\/wp-content\/uploads\/2016\/01\/Depto51-Juan-Marisol-25-1024x683.jpg\" alt=\"Depto51 - Juan &amp; Marisol-25\" width=\"1024\" height=\"683\" srcset=\"https:\/\/depto51.cl\/blog\/wp-content\/uploads\/2016\/01\/Depto51-Juan-Marisol-25-1024x683.jpg 1024w, https:\/\/depto51.cl\/blog\/wp-content\/uploads\/2016\/01\/Depto51-Juan-Marisol-25-500x333.jpg 500w, https:\/\/depto51.cl\/blog\/wp-content\/uploads\/2016\/01\/Depto51-Juan-Marisol-25-768x512.jpg 768w, https:\/\/depto51.cl\/blog\/wp-content\/uploads\/2016\/01\/Depto51-Juan-Marisol-25.jpg 1920w\" sizes=\"(max-width: 1024px) 100vw, 1024px\" \/><\/div>\n<div><\/div>\n<div><img loading=\"lazy\" class=\"size-large wp-image-33927 aligncenter\" src=\"https:\/\/depto51.cl\/blog\/wp-content\/uploads\/2016\/01\/Depto51-Juan-Marisol-24-1024x683.jpg\" alt=\"Depto51 - Juan &amp; Marisol-24\" width=\"1024\" height=\"683\" srcset=\"https:\/\/depto51.cl\/blog\/wp-content\/uploads\/2016\/01\/Depto51-Juan-Marisol-24-1024x683.jpg 1024w, https:\/\/depto51.cl\/blog\/wp-content\/uploads\/2016\/01\/Depto51-Juan-Marisol-24-500x333.jpg 500w, https:\/\/depto51.cl\/blog\/wp-content\/uploads\/2016\/01\/Depto51-Juan-Marisol-24-768x512.jpg 768w, https:\/\/depto51.cl\/blog\/wp-content\/uploads\/2016\/01\/Depto51-Juan-Marisol-24.jpg 1920w\" sizes=\"(max-width: 1024px) 100vw, 1024px\" \/><\/div>\n<div><\/div>\n<div><img loading=\"lazy\" class=\"size-large wp-image-33923 aligncenter\" src=\"https:\/\/depto51.cl\/blog\/wp-content\/uploads\/2016\/01\/Depto51-Juan-Marisol-17-1024x683.jpg\" alt=\"Depto51 - Juan &amp; Marisol-17\" width=\"1024\" height=\"683\" srcset=\"https:\/\/depto51.cl\/blog\/wp-content\/uploads\/2016\/01\/Depto51-Juan-Marisol-17-1024x683.jpg 1024w, https:\/\/depto51.cl\/blog\/wp-content\/uploads\/2016\/01\/Depto51-Juan-Marisol-17-500x333.jpg 500w, https:\/\/depto51.cl\/blog\/wp-content\/uploads\/2016\/01\/Depto51-Juan-Marisol-17-768x512.jpg 768w, https:\/\/depto51.cl\/blog\/wp-content\/uploads\/2016\/01\/Depto51-Juan-Marisol-17.jpg 1920w\" sizes=\"(max-width: 1024px) 100vw, 1024px\" \/><\/div>\n<div><\/div>\n<div><img loading=\"lazy\" class=\"size-large wp-image-33924 aligncenter\" src=\"https:\/\/depto51.cl\/blog\/wp-content\/uploads\/2016\/01\/Depto51-Juan-Marisol-18-1024x683.jpg\" alt=\"Depto51 - Juan &amp; Marisol-18\" width=\"1024\" height=\"683\" srcset=\"https:\/\/depto51.cl\/blog\/wp-content\/uploads\/2016\/01\/Depto51-Juan-Marisol-18-1024x683.jpg 1024w, https:\/\/depto51.cl\/blog\/wp-content\/uploads\/2016\/01\/Depto51-Juan-Marisol-18-500x333.jpg 500w, https:\/\/depto51.cl\/blog\/wp-content\/uploads\/2016\/01\/Depto51-Juan-Marisol-18-768x512.jpg 768w, https:\/\/depto51.cl\/blog\/wp-content\/uploads\/2016\/01\/Depto51-Juan-Marisol-18.jpg 1920w\" sizes=\"(max-width: 1024px) 100vw, 1024px\" \/><\/div>\n<div><\/div>\n<div><img loading=\"lazy\" class=\"size-large wp-image-33922 aligncenter\" src=\"https:\/\/depto51.cl\/blog\/wp-content\/uploads\/2016\/01\/Depto51-Juan-Marisol-16-1024x683.jpg\" alt=\"Depto51 - Juan &amp; Marisol-16\" width=\"1024\" height=\"683\" srcset=\"https:\/\/depto51.cl\/blog\/wp-content\/uploads\/2016\/01\/Depto51-Juan-Marisol-16-1024x683.jpg 1024w, https:\/\/depto51.cl\/blog\/wp-content\/uploads\/2016\/01\/Depto51-Juan-Marisol-16-500x333.jpg 500w, https:\/\/depto51.cl\/blog\/wp-content\/uploads\/2016\/01\/Depto51-Juan-Marisol-16-768x512.jpg 768w, https:\/\/depto51.cl\/blog\/wp-content\/uploads\/2016\/01\/Depto51-Juan-Marisol-16.jpg 1920w\" sizes=\"(max-width: 1024px) 100vw, 1024px\" \/><\/div>\n<div><\/div>\n<div><img loading=\"lazy\" class=\"size-large wp-image-33921 aligncenter\" src=\"https:\/\/depto51.cl\/blog\/wp-content\/uploads\/2016\/01\/Depto51-Juan-Marisol-15-1024x683.jpg\" alt=\"Depto51 - Juan &amp; Marisol-15\" width=\"1024\" height=\"683\" srcset=\"https:\/\/depto51.cl\/blog\/wp-content\/uploads\/2016\/01\/Depto51-Juan-Marisol-15-1024x683.jpg 1024w, https:\/\/depto51.cl\/blog\/wp-content\/uploads\/2016\/01\/Depto51-Juan-Marisol-15-500x333.jpg 500w, https:\/\/depto51.cl\/blog\/wp-content\/uploads\/2016\/01\/Depto51-Juan-Marisol-15-768x512.jpg 768w, https:\/\/depto51.cl\/blog\/wp-content\/uploads\/2016\/01\/Depto51-Juan-Marisol-15.jpg 1920w\" sizes=\"(max-width: 1024px) 100vw, 1024px\" \/><\/div>\n<div><\/div>\n<div><strong>\u00bfQu\u00e9 es lo que m\u00e1s les gusta hacer en su casa?\u00a0<\/strong><\/div>\n<div>Nos gusta principalmente descansar y disfrutar de un buen disco o libro. La paz que se logra a pesar del ruido de Eliodoro Ya\u00f1ez es casi m\u00e1gica. Invitar amigos a comer es otra afici\u00f3n, que de repente por tiempo y ritmos de pega, hacemos menos seguido de lo que quisi\u00e9ramos.<\/div>\n<div><\/div>\n<div><img loading=\"lazy\" class=\"size-large wp-image-33932 aligncenter\" src=\"https:\/\/depto51.cl\/blog\/wp-content\/uploads\/2016\/01\/Depto51-Juan-Marisol-32-1024x683.jpg\" alt=\"Depto51 - Juan &amp; Marisol-32\" width=\"1024\" height=\"683\" srcset=\"https:\/\/depto51.cl\/blog\/wp-content\/uploads\/2016\/01\/Depto51-Juan-Marisol-32-1024x683.jpg 1024w, https:\/\/depto51.cl\/blog\/wp-content\/uploads\/2016\/01\/Depto51-Juan-Marisol-32-500x333.jpg 500w, https:\/\/depto51.cl\/blog\/wp-content\/uploads\/2016\/01\/Depto51-Juan-Marisol-32-768x512.jpg 768w, https:\/\/depto51.cl\/blog\/wp-content\/uploads\/2016\/01\/Depto51-Juan-Marisol-32.jpg 1920w\" sizes=\"(max-width: 1024px) 100vw, 1024px\" \/><br \/>\n<img loading=\"lazy\" class=\"size-large wp-image-33917 aligncenter\" src=\"https:\/\/depto51.cl\/blog\/wp-content\/uploads\/2016\/01\/Depto51-Juan-Marisol-10-683x1024.jpg\" alt=\"Depto51 - Juan &amp; Marisol-10\" width=\"683\" height=\"1024\" srcset=\"https:\/\/depto51.cl\/blog\/wp-content\/uploads\/2016\/01\/Depto51-Juan-Marisol-10-683x1024.jpg 683w, https:\/\/depto51.cl\/blog\/wp-content\/uploads\/2016\/01\/Depto51-Juan-Marisol-10-333x500.jpg 333w, https:\/\/depto51.cl\/blog\/wp-content\/uploads\/2016\/01\/Depto51-Juan-Marisol-10-768x1152.jpg 768w, https:\/\/depto51.cl\/blog\/wp-content\/uploads\/2016\/01\/Depto51-Juan-Marisol-10.jpg 1280w\" sizes=\"(max-width: 683px) 100vw, 683px\" \/><\/div>\n<div><\/div>\n<div><img loading=\"lazy\" class=\"size-large wp-image-33930 aligncenter\" src=\"https:\/\/depto51.cl\/blog\/wp-content\/uploads\/2016\/01\/Depto51-Juan-Marisol-27-683x1024.jpg\" alt=\"Depto51 - Juan &amp; Marisol-27\" width=\"683\" height=\"1024\" srcset=\"https:\/\/depto51.cl\/blog\/wp-content\/uploads\/2016\/01\/Depto51-Juan-Marisol-27-683x1024.jpg 683w, https:\/\/depto51.cl\/blog\/wp-content\/uploads\/2016\/01\/Depto51-Juan-Marisol-27-333x500.jpg 333w, https:\/\/depto51.cl\/blog\/wp-content\/uploads\/2016\/01\/Depto51-Juan-Marisol-27-768x1152.jpg 768w, https:\/\/depto51.cl\/blog\/wp-content\/uploads\/2016\/01\/Depto51-Juan-Marisol-27.jpg 1280w\" sizes=\"(max-width: 683px) 100vw, 683px\" \/><\/div>\n<div><\/div>\n<div><strong>\u00bfCu\u00e1l es el lugar favorito de tu casa?<\/strong><\/div>\n<div>El living, que es donde recibimos a los amigos y la familia, y donde podemos echarnos en el sof\u00e1 y el sill\u00f3n tranquilamente para descansar. Es el lugar que resume adem\u00e1s, de mejor manera, nuestros aportes individuales para la actual vida en com\u00fan.<\/div>\n<div><img loading=\"lazy\" class=\"size-large wp-image-33911 aligncenter\" src=\"https:\/\/depto51.cl\/blog\/wp-content\/uploads\/2016\/01\/Depto51-Juan-Marisol-4-1024x683.jpg\" alt=\"Depto51 - Juan &amp; Marisol-4\" width=\"1024\" height=\"683\" srcset=\"https:\/\/depto51.cl\/blog\/wp-content\/uploads\/2016\/01\/Depto51-Juan-Marisol-4-1024x683.jpg 1024w, https:\/\/depto51.cl\/blog\/wp-content\/uploads\/2016\/01\/Depto51-Juan-Marisol-4-500x333.jpg 500w, https:\/\/depto51.cl\/blog\/wp-content\/uploads\/2016\/01\/Depto51-Juan-Marisol-4-768x512.jpg 768w, https:\/\/depto51.cl\/blog\/wp-content\/uploads\/2016\/01\/Depto51-Juan-Marisol-4.jpg 1920w\" sizes=\"(max-width: 1024px) 100vw, 1024px\" \/><\/div>\n<div><\/div>\n<div><strong>Cu\u00e9ntennos sobre sus trabajos y proyectos<\/strong><\/div>\n<div>Marisol es directora de la Fundaci\u00f3n Ciudad Emergente (<a href=\"http:\/\/www.ciudademergente.org\/\" target=\"_blank\">www.ciudademergente.org<\/a>), una ONG que realiza proyectos de innovaci\u00f3n urbana participativa, buscando generar impacto en las comunidades. Yo trabajo como Jefe de Gabinete del Subsecretario de Transportes, a cargo de la gesti\u00f3n interna y relaciones pol\u00edtico institucionales de la Subsecretar\u00eda.<\/div>\n<div class=\"yj6qo ajU\">\u00a0<img loading=\"lazy\" class=\"size-large wp-image-33920 aligncenter\" src=\"https:\/\/depto51.cl\/blog\/wp-content\/uploads\/2016\/01\/Depto51-Juan-Marisol-13-1024x683.jpg\" alt=\"Depto51 - Juan &amp; Marisol-13\" width=\"1024\" height=\"683\" srcset=\"https:\/\/depto51.cl\/blog\/wp-content\/uploads\/2016\/01\/Depto51-Juan-Marisol-13-1024x683.jpg 1024w, https:\/\/depto51.cl\/blog\/wp-content\/uploads\/2016\/01\/Depto51-Juan-Marisol-13-500x333.jpg 500w, https:\/\/depto51.cl\/blog\/wp-content\/uploads\/2016\/01\/Depto51-Juan-Marisol-13-768x512.jpg 768w, https:\/\/depto51.cl\/blog\/wp-content\/uploads\/2016\/01\/Depto51-Juan-Marisol-13.jpg 1920w\" sizes=\"(max-width: 1024px) 100vw, 1024px\" \/><\/div>\n<div class=\"yj6qo ajU\"><\/div>\n<div class=\"yj6qo ajU\"><img loading=\"lazy\" class=\"size-large wp-image-33940 aligncenter\" src=\"https:\/\/depto51.cl\/blog\/wp-content\/uploads\/2016\/01\/Depto51-Juan-Marisol-41-1024x683.jpg\" alt=\"Depto51 - Juan &amp; Marisol-41\" width=\"1024\" height=\"683\" srcset=\"https:\/\/depto51.cl\/blog\/wp-content\/uploads\/2016\/01\/Depto51-Juan-Marisol-41-1024x683.jpg 1024w, https:\/\/depto51.cl\/blog\/wp-content\/uploads\/2016\/01\/Depto51-Juan-Marisol-41-500x333.jpg 500w, https:\/\/depto51.cl\/blog\/wp-content\/uploads\/2016\/01\/Depto51-Juan-Marisol-41-768x512.jpg 768w, https:\/\/depto51.cl\/blog\/wp-content\/uploads\/2016\/01\/Depto51-Juan-Marisol-41.jpg 1920w\" sizes=\"(max-width: 1024px) 100vw, 1024px\" \/><\/div>\n<div class=\"yj6qo ajU\"><\/div>\n<div class=\"yj6qo ajU\"><img loading=\"lazy\" class=\"size-large wp-image-33931 aligncenter\" src=\"https:\/\/depto51.cl\/blog\/wp-content\/uploads\/2016\/01\/Depto51-Juan-Marisol-31-1024x683.jpg\" alt=\"Depto51 - Juan &amp; Marisol-31\" width=\"1024\" height=\"683\" srcset=\"https:\/\/depto51.cl\/blog\/wp-content\/uploads\/2016\/01\/Depto51-Juan-Marisol-31-1024x683.jpg 1024w, https:\/\/depto51.cl\/blog\/wp-content\/uploads\/2016\/01\/Depto51-Juan-Marisol-31-500x333.jpg 500w, https:\/\/depto51.cl\/blog\/wp-content\/uploads\/2016\/01\/Depto51-Juan-Marisol-31-768x512.jpg 768w, https:\/\/depto51.cl\/blog\/wp-content\/uploads\/2016\/01\/Depto51-Juan-Marisol-31.jpg 1920w\" sizes=\"(max-width: 1024px) 100vw, 1024px\" \/><\/div>\n<div class=\"yj6qo ajU\"><\/div>\n<div class=\"yj6qo ajU\"><img loading=\"lazy\" class=\"size-large wp-image-33937 aligncenter\" src=\"https:\/\/depto51.cl\/blog\/wp-content\/uploads\/2016\/01\/Depto51-Juan-Marisol-37-1024x683.jpg\" alt=\"Depto51 - Juan &amp; Marisol-37\" width=\"1024\" height=\"683\" srcset=\"https:\/\/depto51.cl\/blog\/wp-content\/uploads\/2016\/01\/Depto51-Juan-Marisol-37-1024x683.jpg 1024w, https:\/\/depto51.cl\/blog\/wp-content\/uploads\/2016\/01\/Depto51-Juan-Marisol-37-500x333.jpg 500w, https:\/\/depto51.cl\/blog\/wp-content\/uploads\/2016\/01\/Depto51-Juan-Marisol-37-768x512.jpg 768w, https:\/\/depto51.cl\/blog\/wp-content\/uploads\/2016\/01\/Depto51-Juan-Marisol-37.jpg 1920w\" sizes=\"(max-width: 1024px) 100vw, 1024px\" \/><\/div>\n<div class=\"yj6qo ajU\">\n\n\t\t<style type=\"text\/css\">\n\t\t\t#gallery-1 {\n\t\t\t\tmargin: auto;\n\t\t\t}\n\t\t\t#gallery-1 .gallery-item {\n\t\t\t\tfloat: left;\n\t\t\t\tmargin-top: 10px;\n\t\t\t\ttext-align: center;\n\t\t\t\twidth: 33%;\n\t\t\t}\n\t\t\t#gallery-1 img {\n\t\t\t\tborder: 2px solid #cfcfcf;\n\t\t\t}\n\t\t\t#gallery-1 .gallery-caption {\n\t\t\t\tmargin-left: 0;\n\t\t\t}\n\t\t\t\/* see gallery_shortcode() in wp-includes\/media.php *\/\n\t\t<\/style>\n\t\t<div id='gallery-1' class='gallery galleryid-33908 gallery-columns-3 gallery-size-thumbnail'><dl class='gallery-item'>\n\t\t\t<dt class='gallery-icon landscape'>\n\t\t\t\t<a href='https:\/\/depto51.cl\/blog\/wp-content\/uploads\/2016\/01\/Depto51-Juan-Marisol-3.jpg'><img width=\"750\" height=\"550\" src=\"https:\/\/depto51.cl\/blog\/wp-content\/uploads\/2016\/01\/Depto51-Juan-Marisol-3-750x550.jpg\" class=\"attachment-thumbnail size-thumbnail\" alt=\"\" loading=\"lazy\" aria-describedby=\"gallery-1-33910\" \/><\/a>\n\t\t\t<\/dt>\n\t\t\t\t<dd class='wp-caption-text gallery-caption' id='gallery-1-33910'>\n\t\t\t\tMarisol Garc\u00eda y Juan Ignacio Alarc\u00f3n, arquitecta y abogado\n\t\t\t\t<\/dd><\/dl><dl class='gallery-item'>\n\t\t\t<dt class='gallery-icon landscape'>\n\t\t\t\t<a href='https:\/\/depto51.cl\/blog\/wp-content\/uploads\/2016\/01\/Depto51-Juan-Marisol-4.jpg'><img width=\"150\" height=\"150\" src=\"https:\/\/depto51.cl\/blog\/wp-content\/uploads\/2016\/01\/Depto51-Juan-Marisol-4-150x150.jpg\" class=\"attachment-thumbnail size-thumbnail\" alt=\"\" loading=\"lazy\" aria-describedby=\"gallery-1-33911\" srcset=\"https:\/\/depto51.cl\/blog\/wp-content\/uploads\/2016\/01\/Depto51-Juan-Marisol-4-150x150.jpg 150w, https:\/\/depto51.cl\/blog\/wp-content\/uploads\/2016\/01\/Depto51-Juan-Marisol-4-306x306.jpg 306w, https:\/\/depto51.cl\/blog\/wp-content\/uploads\/2016\/01\/Depto51-Juan-Marisol-4-225x225.jpg 225w, https:\/\/depto51.cl\/blog\/wp-content\/uploads\/2016\/01\/Depto51-Juan-Marisol-4-145x145.jpg 145w\" sizes=\"(max-width: 150px) 100vw, 150px\" \/><\/a>\n\t\t\t<\/dt>\n\t\t\t\t<dd class='wp-caption-text gallery-caption' id='gallery-1-33911'>\n\t\t\t\tMarisol Garc\u00eda y Juan Ignacio Alarc\u00f3n, arquitecta y abogado\n\t\t\t\t<\/dd><\/dl><dl class='gallery-item'>\n\t\t\t<dt class='gallery-icon landscape'>\n\t\t\t\t<a href='https:\/\/depto51.cl\/blog\/wp-content\/uploads\/2016\/01\/Depto51-Juan-Marisol-5.jpg'><img width=\"150\" height=\"150\" src=\"https:\/\/depto51.cl\/blog\/wp-content\/uploads\/2016\/01\/Depto51-Juan-Marisol-5-150x150.jpg\" class=\"attachment-thumbnail size-thumbnail\" alt=\"\" loading=\"lazy\" aria-describedby=\"gallery-1-33912\" srcset=\"https:\/\/depto51.cl\/blog\/wp-content\/uploads\/2016\/01\/Depto51-Juan-Marisol-5-150x150.jpg 150w, https:\/\/depto51.cl\/blog\/wp-content\/uploads\/2016\/01\/Depto51-Juan-Marisol-5-306x306.jpg 306w, https:\/\/depto51.cl\/blog\/wp-content\/uploads\/2016\/01\/Depto51-Juan-Marisol-5-225x225.jpg 225w, https:\/\/depto51.cl\/blog\/wp-content\/uploads\/2016\/01\/Depto51-Juan-Marisol-5-145x145.jpg 145w\" sizes=\"(max-width: 150px) 100vw, 150px\" \/><\/a>\n\t\t\t<\/dt>\n\t\t\t\t<dd class='wp-caption-text gallery-caption' id='gallery-1-33912'>\n\t\t\t\tMarisol Garc\u00eda y Juan Ignacio Alarc\u00f3n, arquitecta y abogado\n\t\t\t\t<\/dd><\/dl><br style=\"clear: both\" \/><dl class='gallery-item'>\n\t\t\t<dt class='gallery-icon portrait'>\n\t\t\t\t<a href='https:\/\/depto51.cl\/blog\/wp-content\/uploads\/2016\/01\/Depto51-Juan-Marisol-6.jpg'><img width=\"150\" height=\"150\" src=\"https:\/\/depto51.cl\/blog\/wp-content\/uploads\/2016\/01\/Depto51-Juan-Marisol-6-150x150.jpg\" class=\"attachment-thumbnail size-thumbnail\" alt=\"\" loading=\"lazy\" aria-describedby=\"gallery-1-33913\" srcset=\"https:\/\/depto51.cl\/blog\/wp-content\/uploads\/2016\/01\/Depto51-Juan-Marisol-6-150x150.jpg 150w, https:\/\/depto51.cl\/blog\/wp-content\/uploads\/2016\/01\/Depto51-Juan-Marisol-6-306x306.jpg 306w, https:\/\/depto51.cl\/blog\/wp-content\/uploads\/2016\/01\/Depto51-Juan-Marisol-6-225x225.jpg 225w, https:\/\/depto51.cl\/blog\/wp-content\/uploads\/2016\/01\/Depto51-Juan-Marisol-6-145x145.jpg 145w\" sizes=\"(max-width: 150px) 100vw, 150px\" \/><\/a>\n\t\t\t<\/dt>\n\t\t\t\t<dd class='wp-caption-text gallery-caption' id='gallery-1-33913'>\n\t\t\t\tMarisol Garc\u00eda y Juan Ignacio Alarc\u00f3n, arquitecta y abogado\n\t\t\t\t<\/dd><\/dl><dl class='gallery-item'>\n\t\t\t<dt class='gallery-icon portrait'>\n\t\t\t\t<a href='https:\/\/depto51.cl\/blog\/wp-content\/uploads\/2016\/01\/Depto51-Juan-Marisol-7.jpg'><img width=\"150\" height=\"150\" src=\"https:\/\/depto51.cl\/blog\/wp-content\/uploads\/2016\/01\/Depto51-Juan-Marisol-7-150x150.jpg\" class=\"attachment-thumbnail size-thumbnail\" alt=\"\" loading=\"lazy\" aria-describedby=\"gallery-1-33914\" srcset=\"https:\/\/depto51.cl\/blog\/wp-content\/uploads\/2016\/01\/Depto51-Juan-Marisol-7-150x150.jpg 150w, https:\/\/depto51.cl\/blog\/wp-content\/uploads\/2016\/01\/Depto51-Juan-Marisol-7-306x306.jpg 306w, https:\/\/depto51.cl\/blog\/wp-content\/uploads\/2016\/01\/Depto51-Juan-Marisol-7-225x225.jpg 225w, https:\/\/depto51.cl\/blog\/wp-content\/uploads\/2016\/01\/Depto51-Juan-Marisol-7-145x145.jpg 145w\" sizes=\"(max-width: 150px) 100vw, 150px\" \/><\/a>\n\t\t\t<\/dt>\n\t\t\t\t<dd class='wp-caption-text gallery-caption' id='gallery-1-33914'>\n\t\t\t\tMarisol Garc\u00eda y Juan Ignacio Alarc\u00f3n, arquitecta y abogado\n\t\t\t\t<\/dd><\/dl><dl class='gallery-item'>\n\t\t\t<dt class='gallery-icon portrait'>\n\t\t\t\t<a href='https:\/\/depto51.cl\/blog\/wp-content\/uploads\/2016\/01\/Depto51-Juan-Marisol-8.jpg'><img width=\"150\" height=\"150\" src=\"https:\/\/depto51.cl\/blog\/wp-content\/uploads\/2016\/01\/Depto51-Juan-Marisol-8-150x150.jpg\" class=\"attachment-thumbnail size-thumbnail\" alt=\"\" loading=\"lazy\" aria-describedby=\"gallery-1-33915\" srcset=\"https:\/\/depto51.cl\/blog\/wp-content\/uploads\/2016\/01\/Depto51-Juan-Marisol-8-150x150.jpg 150w, https:\/\/depto51.cl\/blog\/wp-content\/uploads\/2016\/01\/Depto51-Juan-Marisol-8-306x306.jpg 306w, https:\/\/depto51.cl\/blog\/wp-content\/uploads\/2016\/01\/Depto51-Juan-Marisol-8-225x225.jpg 225w, https:\/\/depto51.cl\/blog\/wp-content\/uploads\/2016\/01\/Depto51-Juan-Marisol-8-145x145.jpg 145w\" sizes=\"(max-width: 150px) 100vw, 150px\" \/><\/a>\n\t\t\t<\/dt>\n\t\t\t\t<dd class='wp-caption-text gallery-caption' id='gallery-1-33915'>\n\t\t\t\tMarisol Garc\u00eda y Juan Ignacio Alarc\u00f3n, arquitecta y abogado\n\t\t\t\t<\/dd><\/dl><br style=\"clear: both\" \/><dl class='gallery-item'>\n\t\t\t<dt class='gallery-icon landscape'>\n\t\t\t\t<a href='https:\/\/depto51.cl\/blog\/wp-content\/uploads\/2016\/01\/Depto51-Juan-Marisol-9.jpg'><img width=\"150\" height=\"150\" src=\"https:\/\/depto51.cl\/blog\/wp-content\/uploads\/2016\/01\/Depto51-Juan-Marisol-9-150x150.jpg\" class=\"attachment-thumbnail size-thumbnail\" alt=\"\" loading=\"lazy\" aria-describedby=\"gallery-1-33916\" srcset=\"https:\/\/depto51.cl\/blog\/wp-content\/uploads\/2016\/01\/Depto51-Juan-Marisol-9-150x150.jpg 150w, https:\/\/depto51.cl\/blog\/wp-content\/uploads\/2016\/01\/Depto51-Juan-Marisol-9-306x306.jpg 306w, https:\/\/depto51.cl\/blog\/wp-content\/uploads\/2016\/01\/Depto51-Juan-Marisol-9-225x225.jpg 225w, https:\/\/depto51.cl\/blog\/wp-content\/uploads\/2016\/01\/Depto51-Juan-Marisol-9-145x145.jpg 145w\" sizes=\"(max-width: 150px) 100vw, 150px\" \/><\/a>\n\t\t\t<\/dt>\n\t\t\t\t<dd class='wp-caption-text gallery-caption' id='gallery-1-33916'>\n\t\t\t\tMarisol Garc\u00eda y Juan Ignacio Alarc\u00f3n, arquitecta y abogado\n\t\t\t\t<\/dd><\/dl><dl class='gallery-item'>\n\t\t\t<dt class='gallery-icon portrait'>\n\t\t\t\t<a href='https:\/\/depto51.cl\/blog\/wp-content\/uploads\/2016\/01\/Depto51-Juan-Marisol-10.jpg'><img width=\"150\" height=\"150\" src=\"https:\/\/depto51.cl\/blog\/wp-content\/uploads\/2016\/01\/Depto51-Juan-Marisol-10-150x150.jpg\" class=\"attachment-thumbnail size-thumbnail\" alt=\"\" loading=\"lazy\" aria-describedby=\"gallery-1-33917\" srcset=\"https:\/\/depto51.cl\/blog\/wp-content\/uploads\/2016\/01\/Depto51-Juan-Marisol-10-150x150.jpg 150w, https:\/\/depto51.cl\/blog\/wp-content\/uploads\/2016\/01\/Depto51-Juan-Marisol-10-306x306.jpg 306w, https:\/\/depto51.cl\/blog\/wp-content\/uploads\/2016\/01\/Depto51-Juan-Marisol-10-225x225.jpg 225w, https:\/\/depto51.cl\/blog\/wp-content\/uploads\/2016\/01\/Depto51-Juan-Marisol-10-145x145.jpg 145w\" sizes=\"(max-width: 150px) 100vw, 150px\" \/><\/a>\n\t\t\t<\/dt>\n\t\t\t\t<dd class='wp-caption-text gallery-caption' id='gallery-1-33917'>\n\t\t\t\tMarisol Garc\u00eda y Juan Ignacio Alarc\u00f3n, arquitecta y abogado\n\t\t\t\t<\/dd><\/dl><dl class='gallery-item'>\n\t\t\t<dt class='gallery-icon portrait'>\n\t\t\t\t<a href='https:\/\/depto51.cl\/blog\/wp-content\/uploads\/2016\/01\/Depto51-Juan-Marisol-11.jpg'><img width=\"150\" height=\"150\" src=\"https:\/\/depto51.cl\/blog\/wp-content\/uploads\/2016\/01\/Depto51-Juan-Marisol-11-150x150.jpg\" class=\"attachment-thumbnail size-thumbnail\" alt=\"\" loading=\"lazy\" aria-describedby=\"gallery-1-33918\" srcset=\"https:\/\/depto51.cl\/blog\/wp-content\/uploads\/2016\/01\/Depto51-Juan-Marisol-11-150x150.jpg 150w, https:\/\/depto51.cl\/blog\/wp-content\/uploads\/2016\/01\/Depto51-Juan-Marisol-11-306x306.jpg 306w, https:\/\/depto51.cl\/blog\/wp-content\/uploads\/2016\/01\/Depto51-Juan-Marisol-11-225x225.jpg 225w, https:\/\/depto51.cl\/blog\/wp-content\/uploads\/2016\/01\/Depto51-Juan-Marisol-11-145x145.jpg 145w\" sizes=\"(max-width: 150px) 100vw, 150px\" \/><\/a>\n\t\t\t<\/dt>\n\t\t\t\t<dd class='wp-caption-text gallery-caption' id='gallery-1-33918'>\n\t\t\t\tMarisol Garc\u00eda y Juan Ignacio Alarc\u00f3n, arquitecta y abogado\n\t\t\t\t<\/dd><\/dl><br style=\"clear: both\" \/><dl class='gallery-item'>\n\t\t\t<dt class='gallery-icon portrait'>\n\t\t\t\t<a href='https:\/\/depto51.cl\/blog\/wp-content\/uploads\/2016\/01\/Depto51-Juan-Marisol-12.jpg'><img width=\"150\" height=\"150\" src=\"https:\/\/depto51.cl\/blog\/wp-content\/uploads\/2016\/01\/Depto51-Juan-Marisol-12-150x150.jpg\" class=\"attachment-thumbnail size-thumbnail\" alt=\"\" loading=\"lazy\" aria-describedby=\"gallery-1-33919\" srcset=\"https:\/\/depto51.cl\/blog\/wp-content\/uploads\/2016\/01\/Depto51-Juan-Marisol-12-150x150.jpg 150w, https:\/\/depto51.cl\/blog\/wp-content\/uploads\/2016\/01\/Depto51-Juan-Marisol-12-306x306.jpg 306w, https:\/\/depto51.cl\/blog\/wp-content\/uploads\/2016\/01\/Depto51-Juan-Marisol-12-225x225.jpg 225w, https:\/\/depto51.cl\/blog\/wp-content\/uploads\/2016\/01\/Depto51-Juan-Marisol-12-145x145.jpg 145w\" sizes=\"(max-width: 150px) 100vw, 150px\" \/><\/a>\n\t\t\t<\/dt>\n\t\t\t\t<dd class='wp-caption-text gallery-caption' id='gallery-1-33919'>\n\t\t\t\tMarisol Garc\u00eda y Juan Ignacio Alarc\u00f3n, arquitecta y abogado\n\t\t\t\t<\/dd><\/dl><dl class='gallery-item'>\n\t\t\t<dt class='gallery-icon landscape'>\n\t\t\t\t<a href='https:\/\/depto51.cl\/blog\/wp-content\/uploads\/2016\/01\/Depto51-Juan-Marisol-13.jpg'><img width=\"150\" height=\"150\" src=\"https:\/\/depto51.cl\/blog\/wp-content\/uploads\/2016\/01\/Depto51-Juan-Marisol-13-150x150.jpg\" class=\"attachment-thumbnail size-thumbnail\" alt=\"\" loading=\"lazy\" aria-describedby=\"gallery-1-33920\" srcset=\"https:\/\/depto51.cl\/blog\/wp-content\/uploads\/2016\/01\/Depto51-Juan-Marisol-13-150x150.jpg 150w, https:\/\/depto51.cl\/blog\/wp-content\/uploads\/2016\/01\/Depto51-Juan-Marisol-13-306x306.jpg 306w, https:\/\/depto51.cl\/blog\/wp-content\/uploads\/2016\/01\/Depto51-Juan-Marisol-13-225x225.jpg 225w, https:\/\/depto51.cl\/blog\/wp-content\/uploads\/2016\/01\/Depto51-Juan-Marisol-13-145x145.jpg 145w\" sizes=\"(max-width: 150px) 100vw, 150px\" \/><\/a>\n\t\t\t<\/dt>\n\t\t\t\t<dd class='wp-caption-text gallery-caption' id='gallery-1-33920'>\n\t\t\t\tMarisol Garc\u00eda y Juan Ignacio Alarc\u00f3n, arquitecta y abogado\n\t\t\t\t<\/dd><\/dl><dl class='gallery-item'>\n\t\t\t<dt class='gallery-icon landscape'>\n\t\t\t\t<a href='https:\/\/depto51.cl\/blog\/wp-content\/uploads\/2016\/01\/Depto51-Juan-Marisol-15.jpg'><img width=\"150\" height=\"150\" src=\"https:\/\/depto51.cl\/blog\/wp-content\/uploads\/2016\/01\/Depto51-Juan-Marisol-15-150x150.jpg\" class=\"attachment-thumbnail size-thumbnail\" alt=\"\" loading=\"lazy\" aria-describedby=\"gallery-1-33921\" srcset=\"https:\/\/depto51.cl\/blog\/wp-content\/uploads\/2016\/01\/Depto51-Juan-Marisol-15-150x150.jpg 150w, https:\/\/depto51.cl\/blog\/wp-content\/uploads\/2016\/01\/Depto51-Juan-Marisol-15-306x306.jpg 306w, https:\/\/depto51.cl\/blog\/wp-content\/uploads\/2016\/01\/Depto51-Juan-Marisol-15-225x225.jpg 225w, https:\/\/depto51.cl\/blog\/wp-content\/uploads\/2016\/01\/Depto51-Juan-Marisol-15-145x145.jpg 145w\" sizes=\"(max-width: 150px) 100vw, 150px\" \/><\/a>\n\t\t\t<\/dt>\n\t\t\t\t<dd class='wp-caption-text gallery-caption' id='gallery-1-33921'>\n\t\t\t\tMarisol Garc\u00eda y Juan Ignacio Alarc\u00f3n, arquitecta y abogado\n\t\t\t\t<\/dd><\/dl><br style=\"clear: both\" \/><dl class='gallery-item'>\n\t\t\t<dt class='gallery-icon landscape'>\n\t\t\t\t<a href='https:\/\/depto51.cl\/blog\/wp-content\/uploads\/2016\/01\/Depto51-Juan-Marisol-16.jpg'><img width=\"150\" height=\"150\" src=\"https:\/\/depto51.cl\/blog\/wp-content\/uploads\/2016\/01\/Depto51-Juan-Marisol-16-150x150.jpg\" class=\"attachment-thumbnail size-thumbnail\" alt=\"\" loading=\"lazy\" aria-describedby=\"gallery-1-33922\" srcset=\"https:\/\/depto51.cl\/blog\/wp-content\/uploads\/2016\/01\/Depto51-Juan-Marisol-16-150x150.jpg 150w, https:\/\/depto51.cl\/blog\/wp-content\/uploads\/2016\/01\/Depto51-Juan-Marisol-16-306x306.jpg 306w, https:\/\/depto51.cl\/blog\/wp-content\/uploads\/2016\/01\/Depto51-Juan-Marisol-16-225x225.jpg 225w, https:\/\/depto51.cl\/blog\/wp-content\/uploads\/2016\/01\/Depto51-Juan-Marisol-16-145x145.jpg 145w\" sizes=\"(max-width: 150px) 100vw, 150px\" \/><\/a>\n\t\t\t<\/dt>\n\t\t\t\t<dd class='wp-caption-text gallery-caption' id='gallery-1-33922'>\n\t\t\t\tMarisol Garc\u00eda y Juan Ignacio Alarc\u00f3n, arquitecta y abogado\n\t\t\t\t<\/dd><\/dl><dl class='gallery-item'>\n\t\t\t<dt class='gallery-icon landscape'>\n\t\t\t\t<a href='https:\/\/depto51.cl\/blog\/wp-content\/uploads\/2016\/01\/Depto51-Juan-Marisol-17.jpg'><img width=\"150\" height=\"150\" src=\"https:\/\/depto51.cl\/blog\/wp-content\/uploads\/2016\/01\/Depto51-Juan-Marisol-17-150x150.jpg\" class=\"attachment-thumbnail size-thumbnail\" alt=\"\" loading=\"lazy\" aria-describedby=\"gallery-1-33923\" srcset=\"https:\/\/depto51.cl\/blog\/wp-content\/uploads\/2016\/01\/Depto51-Juan-Marisol-17-150x150.jpg 150w, https:\/\/depto51.cl\/blog\/wp-content\/uploads\/2016\/01\/Depto51-Juan-Marisol-17-306x306.jpg 306w, https:\/\/depto51.cl\/blog\/wp-content\/uploads\/2016\/01\/Depto51-Juan-Marisol-17-225x225.jpg 225w, https:\/\/depto51.cl\/blog\/wp-content\/uploads\/2016\/01\/Depto51-Juan-Marisol-17-145x145.jpg 145w\" sizes=\"(max-width: 150px) 100vw, 150px\" \/><\/a>\n\t\t\t<\/dt>\n\t\t\t\t<dd class='wp-caption-text gallery-caption' id='gallery-1-33923'>\n\t\t\t\tMarisol Garc\u00eda y Juan Ignacio Alarc\u00f3n, arquitecta y abogado\n\t\t\t\t<\/dd><\/dl><dl class='gallery-item'>\n\t\t\t<dt class='gallery-icon landscape'>\n\t\t\t\t<a href='https:\/\/depto51.cl\/blog\/wp-content\/uploads\/2016\/01\/Depto51-Juan-Marisol-18.jpg'><img width=\"150\" height=\"150\" src=\"https:\/\/depto51.cl\/blog\/wp-content\/uploads\/2016\/01\/Depto51-Juan-Marisol-18-150x150.jpg\" class=\"attachment-thumbnail size-thumbnail\" alt=\"\" loading=\"lazy\" aria-describedby=\"gallery-1-33924\" srcset=\"https:\/\/depto51.cl\/blog\/wp-content\/uploads\/2016\/01\/Depto51-Juan-Marisol-18-150x150.jpg 150w, https:\/\/depto51.cl\/blog\/wp-content\/uploads\/2016\/01\/Depto51-Juan-Marisol-18-306x306.jpg 306w, https:\/\/depto51.cl\/blog\/wp-content\/uploads\/2016\/01\/Depto51-Juan-Marisol-18-225x225.jpg 225w, https:\/\/depto51.cl\/blog\/wp-content\/uploads\/2016\/01\/Depto51-Juan-Marisol-18-145x145.jpg 145w\" sizes=\"(max-width: 150px) 100vw, 150px\" \/><\/a>\n\t\t\t<\/dt>\n\t\t\t\t<dd class='wp-caption-text gallery-caption' id='gallery-1-33924'>\n\t\t\t\tMarisol Garc\u00eda y Juan Ignacio Alarc\u00f3n, arquitecta y abogado\n\t\t\t\t<\/dd><\/dl><br style=\"clear: both\" \/><dl class='gallery-item'>\n\t\t\t<dt class='gallery-icon landscape'>\n\t\t\t\t<a href='https:\/\/depto51.cl\/blog\/wp-content\/uploads\/2016\/01\/Depto51-Juan-Marisol-19.jpg'><img width=\"150\" height=\"150\" src=\"https:\/\/depto51.cl\/blog\/wp-content\/uploads\/2016\/01\/Depto51-Juan-Marisol-19-150x150.jpg\" class=\"attachment-thumbnail size-thumbnail\" alt=\"\" loading=\"lazy\" aria-describedby=\"gallery-1-33925\" srcset=\"https:\/\/depto51.cl\/blog\/wp-content\/uploads\/2016\/01\/Depto51-Juan-Marisol-19-150x150.jpg 150w, https:\/\/depto51.cl\/blog\/wp-content\/uploads\/2016\/01\/Depto51-Juan-Marisol-19-306x306.jpg 306w, https:\/\/depto51.cl\/blog\/wp-content\/uploads\/2016\/01\/Depto51-Juan-Marisol-19-225x225.jpg 225w, https:\/\/depto51.cl\/blog\/wp-content\/uploads\/2016\/01\/Depto51-Juan-Marisol-19-145x145.jpg 145w\" sizes=\"(max-width: 150px) 100vw, 150px\" \/><\/a>\n\t\t\t<\/dt>\n\t\t\t\t<dd class='wp-caption-text gallery-caption' id='gallery-1-33925'>\n\t\t\t\tMarisol Garc\u00eda y Juan Ignacio Alarc\u00f3n, arquitecta y abogado\n\t\t\t\t<\/dd><\/dl><dl class='gallery-item'>\n\t\t\t<dt class='gallery-icon landscape'>\n\t\t\t\t<a href='https:\/\/depto51.cl\/blog\/wp-content\/uploads\/2016\/01\/Depto51-Juan-Marisol-23.jpg'><img width=\"150\" height=\"150\" src=\"https:\/\/depto51.cl\/blog\/wp-content\/uploads\/2016\/01\/Depto51-Juan-Marisol-23-150x150.jpg\" class=\"attachment-thumbnail size-thumbnail\" alt=\"\" loading=\"lazy\" aria-describedby=\"gallery-1-33926\" srcset=\"https:\/\/depto51.cl\/blog\/wp-content\/uploads\/2016\/01\/Depto51-Juan-Marisol-23-150x150.jpg 150w, https:\/\/depto51.cl\/blog\/wp-content\/uploads\/2016\/01\/Depto51-Juan-Marisol-23-306x306.jpg 306w, https:\/\/depto51.cl\/blog\/wp-content\/uploads\/2016\/01\/Depto51-Juan-Marisol-23-225x225.jpg 225w, https:\/\/depto51.cl\/blog\/wp-content\/uploads\/2016\/01\/Depto51-Juan-Marisol-23-145x145.jpg 145w\" sizes=\"(max-width: 150px) 100vw, 150px\" \/><\/a>\n\t\t\t<\/dt>\n\t\t\t\t<dd class='wp-caption-text gallery-caption' id='gallery-1-33926'>\n\t\t\t\tMarisol Garc\u00eda y Juan Ignacio Alarc\u00f3n, arquitecta y abogado\n\t\t\t\t<\/dd><\/dl><dl class='gallery-item'>\n\t\t\t<dt class='gallery-icon landscape'>\n\t\t\t\t<a href='https:\/\/depto51.cl\/blog\/wp-content\/uploads\/2016\/01\/Depto51-Juan-Marisol-24.jpg'><img width=\"150\" height=\"150\" src=\"https:\/\/depto51.cl\/blog\/wp-content\/uploads\/2016\/01\/Depto51-Juan-Marisol-24-150x150.jpg\" class=\"attachment-thumbnail size-thumbnail\" alt=\"\" loading=\"lazy\" aria-describedby=\"gallery-1-33927\" srcset=\"https:\/\/depto51.cl\/blog\/wp-content\/uploads\/2016\/01\/Depto51-Juan-Marisol-24-150x150.jpg 150w, https:\/\/depto51.cl\/blog\/wp-content\/uploads\/2016\/01\/Depto51-Juan-Marisol-24-306x306.jpg 306w, https:\/\/depto51.cl\/blog\/wp-content\/uploads\/2016\/01\/Depto51-Juan-Marisol-24-225x225.jpg 225w, https:\/\/depto51.cl\/blog\/wp-content\/uploads\/2016\/01\/Depto51-Juan-Marisol-24-145x145.jpg 145w\" sizes=\"(max-width: 150px) 100vw, 150px\" \/><\/a>\n\t\t\t<\/dt>\n\t\t\t\t<dd class='wp-caption-text gallery-caption' id='gallery-1-33927'>\n\t\t\t\tMarisol Garc\u00eda y Juan Ignacio Alarc\u00f3n, arquitecta y abogado\n\t\t\t\t<\/dd><\/dl><br style=\"clear: both\" \/><dl class='gallery-item'>\n\t\t\t<dt class='gallery-icon landscape'>\n\t\t\t\t<a href='https:\/\/depto51.cl\/blog\/wp-content\/uploads\/2016\/01\/Depto51-Juan-Marisol-25.jpg'><img width=\"150\" height=\"150\" src=\"https:\/\/depto51.cl\/blog\/wp-content\/uploads\/2016\/01\/Depto51-Juan-Marisol-25-150x150.jpg\" class=\"attachment-thumbnail size-thumbnail\" alt=\"\" loading=\"lazy\" aria-describedby=\"gallery-1-33928\" srcset=\"https:\/\/depto51.cl\/blog\/wp-content\/uploads\/2016\/01\/Depto51-Juan-Marisol-25-150x150.jpg 150w, https:\/\/depto51.cl\/blog\/wp-content\/uploads\/2016\/01\/Depto51-Juan-Marisol-25-306x306.jpg 306w, https:\/\/depto51.cl\/blog\/wp-content\/uploads\/2016\/01\/Depto51-Juan-Marisol-25-225x225.jpg 225w, https:\/\/depto51.cl\/blog\/wp-content\/uploads\/2016\/01\/Depto51-Juan-Marisol-25-145x145.jpg 145w\" sizes=\"(max-width: 150px) 100vw, 150px\" \/><\/a>\n\t\t\t<\/dt>\n\t\t\t\t<dd class='wp-caption-text gallery-caption' id='gallery-1-33928'>\n\t\t\t\tMarisol Garc\u00eda y Juan Ignacio Alarc\u00f3n, arquitecta y abogado\n\t\t\t\t<\/dd><\/dl><dl class='gallery-item'>\n\t\t\t<dt class='gallery-icon landscape'>\n\t\t\t\t<a href='https:\/\/depto51.cl\/blog\/wp-content\/uploads\/2016\/01\/Depto51-Juan-Marisol-26.jpg'><img width=\"150\" height=\"150\" src=\"https:\/\/depto51.cl\/blog\/wp-content\/uploads\/2016\/01\/Depto51-Juan-Marisol-26-150x150.jpg\" class=\"attachment-thumbnail size-thumbnail\" alt=\"\" loading=\"lazy\" aria-describedby=\"gallery-1-33929\" srcset=\"https:\/\/depto51.cl\/blog\/wp-content\/uploads\/2016\/01\/Depto51-Juan-Marisol-26-150x150.jpg 150w, https:\/\/depto51.cl\/blog\/wp-content\/uploads\/2016\/01\/Depto51-Juan-Marisol-26-306x306.jpg 306w, https:\/\/depto51.cl\/blog\/wp-content\/uploads\/2016\/01\/Depto51-Juan-Marisol-26-225x225.jpg 225w, https:\/\/depto51.cl\/blog\/wp-content\/uploads\/2016\/01\/Depto51-Juan-Marisol-26-145x145.jpg 145w\" sizes=\"(max-width: 150px) 100vw, 150px\" \/><\/a>\n\t\t\t<\/dt>\n\t\t\t\t<dd class='wp-caption-text gallery-caption' id='gallery-1-33929'>\n\t\t\t\tMarisol Garc\u00eda y Juan Ignacio Alarc\u00f3n, arquitecta y abogado\n\t\t\t\t<\/dd><\/dl><dl class='gallery-item'>\n\t\t\t<dt class='gallery-icon portrait'>\n\t\t\t\t<a href='https:\/\/depto51.cl\/blog\/wp-content\/uploads\/2016\/01\/Depto51-Juan-Marisol-27.jpg'><img width=\"150\" height=\"150\" src=\"https:\/\/depto51.cl\/blog\/wp-content\/uploads\/2016\/01\/Depto51-Juan-Marisol-27-150x150.jpg\" class=\"attachment-thumbnail size-thumbnail\" alt=\"\" loading=\"lazy\" aria-describedby=\"gallery-1-33930\" srcset=\"https:\/\/depto51.cl\/blog\/wp-content\/uploads\/2016\/01\/Depto51-Juan-Marisol-27-150x150.jpg 150w, https:\/\/depto51.cl\/blog\/wp-content\/uploads\/2016\/01\/Depto51-Juan-Marisol-27-306x306.jpg 306w, https:\/\/depto51.cl\/blog\/wp-content\/uploads\/2016\/01\/Depto51-Juan-Marisol-27-225x225.jpg 225w, https:\/\/depto51.cl\/blog\/wp-content\/uploads\/2016\/01\/Depto51-Juan-Marisol-27-145x145.jpg 145w\" sizes=\"(max-width: 150px) 100vw, 150px\" \/><\/a>\n\t\t\t<\/dt>\n\t\t\t\t<dd class='wp-caption-text gallery-caption' id='gallery-1-33930'>\n\t\t\t\tMarisol Garc\u00eda y Juan Ignacio Alarc\u00f3n, arquitecta y abogado\n\t\t\t\t<\/dd><\/dl><br style=\"clear: both\" \/><dl class='gallery-item'>\n\t\t\t<dt class='gallery-icon landscape'>\n\t\t\t\t<a href='https:\/\/depto51.cl\/blog\/wp-content\/uploads\/2016\/01\/Depto51-Juan-Marisol-31.jpg'><img width=\"150\" height=\"150\" src=\"https:\/\/depto51.cl\/blog\/wp-content\/uploads\/2016\/01\/Depto51-Juan-Marisol-31-150x150.jpg\" class=\"attachment-thumbnail size-thumbnail\" alt=\"\" loading=\"lazy\" aria-describedby=\"gallery-1-33931\" srcset=\"https:\/\/depto51.cl\/blog\/wp-content\/uploads\/2016\/01\/Depto51-Juan-Marisol-31-150x150.jpg 150w, https:\/\/depto51.cl\/blog\/wp-content\/uploads\/2016\/01\/Depto51-Juan-Marisol-31-306x306.jpg 306w, https:\/\/depto51.cl\/blog\/wp-content\/uploads\/2016\/01\/Depto51-Juan-Marisol-31-225x225.jpg 225w, https:\/\/depto51.cl\/blog\/wp-content\/uploads\/2016\/01\/Depto51-Juan-Marisol-31-145x145.jpg 145w\" sizes=\"(max-width: 150px) 100vw, 150px\" \/><\/a>\n\t\t\t<\/dt>\n\t\t\t\t<dd class='wp-caption-text gallery-caption' id='gallery-1-33931'>\n\t\t\t\tMarisol Garc\u00eda y Juan Ignacio Alarc\u00f3n, arquitecta y abogado\n\t\t\t\t<\/dd><\/dl><dl class='gallery-item'>\n\t\t\t<dt class='gallery-icon landscape'>\n\t\t\t\t<a href='https:\/\/depto51.cl\/blog\/wp-content\/uploads\/2016\/01\/Depto51-Juan-Marisol-32.jpg'><img width=\"150\" height=\"150\" src=\"https:\/\/depto51.cl\/blog\/wp-content\/uploads\/2016\/01\/Depto51-Juan-Marisol-32-150x150.jpg\" class=\"attachment-thumbnail size-thumbnail\" alt=\"\" loading=\"lazy\" aria-describedby=\"gallery-1-33932\" srcset=\"https:\/\/depto51.cl\/blog\/wp-content\/uploads\/2016\/01\/Depto51-Juan-Marisol-32-150x150.jpg 150w, https:\/\/depto51.cl\/blog\/wp-content\/uploads\/2016\/01\/Depto51-Juan-Marisol-32-306x306.jpg 306w, https:\/\/depto51.cl\/blog\/wp-content\/uploads\/2016\/01\/Depto51-Juan-Marisol-32-225x225.jpg 225w, https:\/\/depto51.cl\/blog\/wp-content\/uploads\/2016\/01\/Depto51-Juan-Marisol-32-145x145.jpg 145w\" sizes=\"(max-width: 150px) 100vw, 150px\" \/><\/a>\n\t\t\t<\/dt>\n\t\t\t\t<dd class='wp-caption-text gallery-caption' id='gallery-1-33932'>\n\t\t\t\tMarisol Garc\u00eda y Juan Ignacio Alarc\u00f3n, arquitecta y abogado\n\t\t\t\t<\/dd><\/dl><dl class='gallery-item'>\n\t\t\t<dt class='gallery-icon landscape'>\n\t\t\t\t<a href='https:\/\/depto51.cl\/blog\/wp-content\/uploads\/2016\/01\/Depto51-Juan-Marisol-33.jpg'><img width=\"150\" height=\"150\" src=\"https:\/\/depto51.cl\/blog\/wp-content\/uploads\/2016\/01\/Depto51-Juan-Marisol-33-150x150.jpg\" class=\"attachment-thumbnail size-thumbnail\" alt=\"\" loading=\"lazy\" aria-describedby=\"gallery-1-33933\" srcset=\"https:\/\/depto51.cl\/blog\/wp-content\/uploads\/2016\/01\/Depto51-Juan-Marisol-33-150x150.jpg 150w, https:\/\/depto51.cl\/blog\/wp-content\/uploads\/2016\/01\/Depto51-Juan-Marisol-33-306x306.jpg 306w, https:\/\/depto51.cl\/blog\/wp-content\/uploads\/2016\/01\/Depto51-Juan-Marisol-33-225x225.jpg 225w, https:\/\/depto51.cl\/blog\/wp-content\/uploads\/2016\/01\/Depto51-Juan-Marisol-33-145x145.jpg 145w\" sizes=\"(max-width: 150px) 100vw, 150px\" \/><\/a>\n\t\t\t<\/dt>\n\t\t\t\t<dd class='wp-caption-text gallery-caption' id='gallery-1-33933'>\n\t\t\t\tMarisol Garc\u00eda y Juan Ignacio Alarc\u00f3n, arquitecta y abogado\n\t\t\t\t<\/dd><\/dl><br style=\"clear: both\" \/><dl class='gallery-item'>\n\t\t\t<dt class='gallery-icon landscape'>\n\t\t\t\t<a href='https:\/\/depto51.cl\/blog\/wp-content\/uploads\/2016\/01\/Depto51-Juan-Marisol-34.jpg'><img width=\"150\" height=\"150\" src=\"https:\/\/depto51.cl\/blog\/wp-content\/uploads\/2016\/01\/Depto51-Juan-Marisol-34-150x150.jpg\" class=\"attachment-thumbnail size-thumbnail\" alt=\"\" loading=\"lazy\" aria-describedby=\"gallery-1-33934\" srcset=\"https:\/\/depto51.cl\/blog\/wp-content\/uploads\/2016\/01\/Depto51-Juan-Marisol-34-150x150.jpg 150w, https:\/\/depto51.cl\/blog\/wp-content\/uploads\/2016\/01\/Depto51-Juan-Marisol-34-306x306.jpg 306w, https:\/\/depto51.cl\/blog\/wp-content\/uploads\/2016\/01\/Depto51-Juan-Marisol-34-225x225.jpg 225w, https:\/\/depto51.cl\/blog\/wp-content\/uploads\/2016\/01\/Depto51-Juan-Marisol-34-145x145.jpg 145w\" sizes=\"(max-width: 150px) 100vw, 150px\" \/><\/a>\n\t\t\t<\/dt>\n\t\t\t\t<dd class='wp-caption-text gallery-caption' id='gallery-1-33934'>\n\t\t\t\tMarisol Garc\u00eda y Juan Ignacio Alarc\u00f3n, arquitecta y abogado\n\t\t\t\t<\/dd><\/dl><dl class='gallery-item'>\n\t\t\t<dt class='gallery-icon landscape'>\n\t\t\t\t<a href='https:\/\/depto51.cl\/blog\/wp-content\/uploads\/2016\/01\/Depto51-Juan-Marisol-35.jpg'><img width=\"150\" height=\"150\" src=\"https:\/\/depto51.cl\/blog\/wp-content\/uploads\/2016\/01\/Depto51-Juan-Marisol-35-150x150.jpg\" class=\"attachment-thumbnail size-thumbnail\" alt=\"\" loading=\"lazy\" aria-describedby=\"gallery-1-33935\" srcset=\"https:\/\/depto51.cl\/blog\/wp-content\/uploads\/2016\/01\/Depto51-Juan-Marisol-35-150x150.jpg 150w, https:\/\/depto51.cl\/blog\/wp-content\/uploads\/2016\/01\/Depto51-Juan-Marisol-35-306x306.jpg 306w, https:\/\/depto51.cl\/blog\/wp-content\/uploads\/2016\/01\/Depto51-Juan-Marisol-35-225x225.jpg 225w, https:\/\/depto51.cl\/blog\/wp-content\/uploads\/2016\/01\/Depto51-Juan-Marisol-35-145x145.jpg 145w\" sizes=\"(max-width: 150px) 100vw, 150px\" \/><\/a>\n\t\t\t<\/dt>\n\t\t\t\t<dd class='wp-caption-text gallery-caption' id='gallery-1-33935'>\n\t\t\t\tMarisol Garc\u00eda y Juan Ignacio Alarc\u00f3n, arquitecta y abogado\n\t\t\t\t<\/dd><\/dl><dl class='gallery-item'>\n\t\t\t<dt class='gallery-icon portrait'>\n\t\t\t\t<a href='https:\/\/depto51.cl\/blog\/wp-content\/uploads\/2016\/01\/Depto51-Juan-Marisol-36.jpg'><img width=\"150\" height=\"150\" src=\"https:\/\/depto51.cl\/blog\/wp-content\/uploads\/2016\/01\/Depto51-Juan-Marisol-36-150x150.jpg\" class=\"attachment-thumbnail size-thumbnail\" alt=\"\" loading=\"lazy\" aria-describedby=\"gallery-1-33936\" srcset=\"https:\/\/depto51.cl\/blog\/wp-content\/uploads\/2016\/01\/Depto51-Juan-Marisol-36-150x150.jpg 150w, https:\/\/depto51.cl\/blog\/wp-content\/uploads\/2016\/01\/Depto51-Juan-Marisol-36-306x306.jpg 306w, https:\/\/depto51.cl\/blog\/wp-content\/uploads\/2016\/01\/Depto51-Juan-Marisol-36-225x225.jpg 225w, https:\/\/depto51.cl\/blog\/wp-content\/uploads\/2016\/01\/Depto51-Juan-Marisol-36-145x145.jpg 145w\" sizes=\"(max-width: 150px) 100vw, 150px\" \/><\/a>\n\t\t\t<\/dt>\n\t\t\t\t<dd class='wp-caption-text gallery-caption' id='gallery-1-33936'>\n\t\t\t\tMarisol Garc\u00eda y Juan Ignacio Alarc\u00f3n, arquitecta y abogado\n\t\t\t\t<\/dd><\/dl><br style=\"clear: both\" \/><dl class='gallery-item'>\n\t\t\t<dt class='gallery-icon landscape'>\n\t\t\t\t<a href='https:\/\/depto51.cl\/blog\/wp-content\/uploads\/2016\/01\/Depto51-Juan-Marisol-37.jpg'><img width=\"150\" height=\"150\" src=\"https:\/\/depto51.cl\/blog\/wp-content\/uploads\/2016\/01\/Depto51-Juan-Marisol-37-150x150.jpg\" class=\"attachment-thumbnail size-thumbnail\" alt=\"\" loading=\"lazy\" aria-describedby=\"gallery-1-33937\" srcset=\"https:\/\/depto51.cl\/blog\/wp-content\/uploads\/2016\/01\/Depto51-Juan-Marisol-37-150x150.jpg 150w, https:\/\/depto51.cl\/blog\/wp-content\/uploads\/2016\/01\/Depto51-Juan-Marisol-37-306x306.jpg 306w, https:\/\/depto51.cl\/blog\/wp-content\/uploads\/2016\/01\/Depto51-Juan-Marisol-37-225x225.jpg 225w, https:\/\/depto51.cl\/blog\/wp-content\/uploads\/2016\/01\/Depto51-Juan-Marisol-37-145x145.jpg 145w\" sizes=\"(max-width: 150px) 100vw, 150px\" \/><\/a>\n\t\t\t<\/dt>\n\t\t\t\t<dd class='wp-caption-text gallery-caption' id='gallery-1-33937'>\n\t\t\t\tMarisol Garc\u00eda y Juan Ignacio Alarc\u00f3n, arquitecta y abogado\n\t\t\t\t<\/dd><\/dl><dl class='gallery-item'>\n\t\t\t<dt class='gallery-icon landscape'>\n\t\t\t\t<a href='https:\/\/depto51.cl\/blog\/wp-content\/uploads\/2016\/01\/Depto51-Juan-Marisol-39.jpg'><img width=\"150\" height=\"150\" src=\"https:\/\/depto51.cl\/blog\/wp-content\/uploads\/2016\/01\/Depto51-Juan-Marisol-39-150x150.jpg\" class=\"attachment-thumbnail size-thumbnail\" alt=\"\" loading=\"lazy\" aria-describedby=\"gallery-1-33938\" srcset=\"https:\/\/depto51.cl\/blog\/wp-content\/uploads\/2016\/01\/Depto51-Juan-Marisol-39-150x150.jpg 150w, https:\/\/depto51.cl\/blog\/wp-content\/uploads\/2016\/01\/Depto51-Juan-Marisol-39-306x306.jpg 306w, https:\/\/depto51.cl\/blog\/wp-content\/uploads\/2016\/01\/Depto51-Juan-Marisol-39-225x225.jpg 225w, https:\/\/depto51.cl\/blog\/wp-content\/uploads\/2016\/01\/Depto51-Juan-Marisol-39-145x145.jpg 145w\" sizes=\"(max-width: 150px) 100vw, 150px\" \/><\/a>\n\t\t\t<\/dt>\n\t\t\t\t<dd class='wp-caption-text gallery-caption' id='gallery-1-33938'>\n\t\t\t\tMarisol Garc\u00eda y Juan Ignacio Alarc\u00f3n, arquitecta y abogado\n\t\t\t\t<\/dd><\/dl><dl class='gallery-item'>\n\t\t\t<dt class='gallery-icon landscape'>\n\t\t\t\t<a href='https:\/\/depto51.cl\/blog\/wp-content\/uploads\/2016\/01\/Depto51-Juan-Marisol-40.jpg'><img width=\"150\" height=\"150\" src=\"https:\/\/depto51.cl\/blog\/wp-content\/uploads\/2016\/01\/Depto51-Juan-Marisol-40-150x150.jpg\" class=\"attachment-thumbnail size-thumbnail\" alt=\"\" loading=\"lazy\" aria-describedby=\"gallery-1-33939\" srcset=\"https:\/\/depto51.cl\/blog\/wp-content\/uploads\/2016\/01\/Depto51-Juan-Marisol-40-150x150.jpg 150w, https:\/\/depto51.cl\/blog\/wp-content\/uploads\/2016\/01\/Depto51-Juan-Marisol-40-306x306.jpg 306w, https:\/\/depto51.cl\/blog\/wp-content\/uploads\/2016\/01\/Depto51-Juan-Marisol-40-225x225.jpg 225w, https:\/\/depto51.cl\/blog\/wp-content\/uploads\/2016\/01\/Depto51-Juan-Marisol-40-145x145.jpg 145w\" sizes=\"(max-width: 150px) 100vw, 150px\" \/><\/a>\n\t\t\t<\/dt>\n\t\t\t\t<dd class='wp-caption-text gallery-caption' id='gallery-1-33939'>\n\t\t\t\tMarisol Garc\u00eda y Juan Ignacio Alarc\u00f3n, arquitecta y abogado\n\t\t\t\t<\/dd><\/dl><br style=\"clear: both\" \/><dl class='gallery-item'>\n\t\t\t<dt class='gallery-icon landscape'>\n\t\t\t\t<a href='https:\/\/depto51.cl\/blog\/wp-content\/uploads\/2016\/01\/Depto51-Juan-Marisol-41.jpg'><img width=\"150\" height=\"150\" src=\"https:\/\/depto51.cl\/blog\/wp-content\/uploads\/2016\/01\/Depto51-Juan-Marisol-41-150x150.jpg\" class=\"attachment-thumbnail size-thumbnail\" alt=\"\" loading=\"lazy\" aria-describedby=\"gallery-1-33940\" srcset=\"https:\/\/depto51.cl\/blog\/wp-content\/uploads\/2016\/01\/Depto51-Juan-Marisol-41-150x150.jpg 150w, https:\/\/depto51.cl\/blog\/wp-content\/uploads\/2016\/01\/Depto51-Juan-Marisol-41-306x306.jpg 306w, https:\/\/depto51.cl\/blog\/wp-content\/uploads\/2016\/01\/Depto51-Juan-Marisol-41-225x225.jpg 225w, https:\/\/depto51.cl\/blog\/wp-content\/uploads\/2016\/01\/Depto51-Juan-Marisol-41-145x145.jpg 145w\" sizes=\"(max-width: 150px) 100vw, 150px\" \/><\/a>\n\t\t\t<\/dt>\n\t\t\t\t<dd class='wp-caption-text gallery-caption' id='gallery-1-33940'>\n\t\t\t\tMarisol Garc\u00eda y Juan Ignacio Alarc\u00f3n, arquitecta y abogado\n\t\t\t\t<\/dd><\/dl>\n\t\t\t<br style='clear: both' \/>\n\t\t<\/div>\n\n<\/div>\n<\/div>\n<\/div>\n","protected":false},"excerpt":{"rendered":"<p>Hace algunos meses Juan Ignacio nos envi\u00f3 unas\u00a0fotos de su depto con un simple mensaje \u00abcreo que les puede gustar\u00bb. Y no se equivoc\u00f3, en su casa se conjugan colores, muebles modernos, cultura pop y la\u00a0arquitectura s\u00f3lida de los a\u00f1os 50. Menci\u00f3n aparte el color gris de los muros que le dan un aire tranquilo&#8230;<\/p>\n","protected":false},"author":1,"featured_media":33910,"comment_status":"open","ping_status":"open","sticky":false,"template":"","format":"standard","meta":[],"categories":[11],"tags":[175],"acf":[],"_links":{"self":[{"href":"https:\/\/depto51.cl\/blog\/wp-json\/wp\/v2\/posts\/33908"}],"collection":[{"href":"https:\/\/depto51.cl\/blog\/wp-json\/wp\/v2\/posts"}],"about":[{"href":"https:\/\/depto51.cl\/blog\/wp-json\/wp\/v2\/types\/post"}],"author":[{"embeddable":true,"href":"https:\/\/depto51.cl\/blog\/wp-json\/wp\/v2\/users\/1"}],"replies":[{"embeddable":true,"href":"https:\/\/depto51.cl\/blog\/wp-json\/wp\/v2\/comments?post=33908"}],"version-history":[{"count":0,"href":"https:\/\/depto51.cl\/blog\/wp-json\/wp\/v2\/posts\/33908\/revisions"}],"wp:featuredmedia":[{"embeddable":true,"href":"https:\/\/depto51.cl\/blog\/wp-json\/wp\/v2\/media\/33910"}],"wp:attachment":[{"href":"https:\/\/depto51.cl\/blog\/wp-json\/wp\/v2\/media?parent=33908"}],"wp:term":[{"taxonomy":"category","embeddable":true,"href":"https:\/\/depto51.cl\/blog\/wp-json\/wp\/v2\/categories?post=33908"},{"taxonomy":"post_tag","embeddable":true,"href":"https:\/\/depto51.cl\/blog\/wp-json\/wp\/v2\/tags?post=33908"}],"curies":[{"name":"wp","href":"https:\/\/api.w.org\/{rel}","templated":true}]}}