

{"id":30818,"date":"2015-06-26T08:00:18","date_gmt":"2015-06-26T12:00:18","guid":{"rendered":"https:\/\/depto51.cl\/blog\/?p=30818"},"modified":"2015-06-25T15:24:26","modified_gmt":"2015-06-25T19:24:26","slug":"conoce-el-trabajo-de-emilia-carrillo-duena-de-em-is-handmade","status":"publish","type":"post","link":"https:\/\/depto51.cl\/blog\/2015\/06\/26\/conoce-el-trabajo-de-emilia-carrillo-duena-de-em-is-handmade\/","title":{"rendered":"Conoce el trabajo de Emilia Carrillo, due\u00f1a de EM is Handmade"},"content":{"rendered":"<p><a href=\"http:\/\/depto51.cl\/marca\/em-is-handmade\"><img loading=\"lazy\" src=\"https:\/\/depto51.cl\/blog\/wp-content\/uploads\/2015\/06\/7.jpg\" alt=\"7\" width=\"600\" height=\"450\" class=\"alignnone size-full wp-image-30821\" srcset=\"https:\/\/depto51.cl\/blog\/wp-content\/uploads\/2015\/06\/7.jpg 600w, https:\/\/depto51.cl\/blog\/wp-content\/uploads\/2015\/06\/7-500x375.jpg 500w\" sizes=\"(max-width: 600px) 100vw, 600px\" \/><\/a><\/p>\n<p>Es muy linda la historia de c\u00f3mo empez\u00f3 la marca nacional <a href=\"http:\/\/depto51.cl\/marca\/em-is-handmade\" target=\"_blank\">EM is Handmade<\/a>, Emilia Carrillo su due\u00f1a, hace cuatro a\u00f1os quiso hacerle un bolso de cuero de regalo de cumplea\u00f1os a su pololo, como los precios eran muy altos, decidi\u00f3 hacerlo ella misma. Se demor\u00f3 como un mes en terminarlo, pero lo pas\u00f3 bien.<\/p>\n<p><strong>Revisa los productos <a href=\"http:\/\/depto51.cl\/marca\/em-is-handmade\" target=\"_blank\">EM is Handmade<\/a> en nuestra tienda.<\/strong><\/p>\n<p>Luego de eso compr\u00f3 herramientas b\u00e1sicas, materiales y empez\u00f3 a hacer cosas chicas para sus amigos y familia, s\u00f3lo por entretenci\u00f3n. En el a\u00f1o 2013 naci\u00f3 EM, con la creaci\u00f3n de su taller, que hoy su due\u00f1a define como un trabajo en el que toma la decisi\u00f3n de su desarrollo y que su evoluci\u00f3n es un reflejo honesto e imposible de recrear. <\/p>\n<p>Sobre su trabajo cuenta que el protagonista es el cuero de vacuno, es lo que ocupa como base para sus productos, la mayor\u00eda son hechos completamente de \u00e9ste o se complementa con lonas o gabardinas. Cuenta que cada idea tiene decisiones espont\u00e1neas \u00abme ayuda mucho ver gente en su cotidianidad, ver una actitud e intentar plasmarla a trav\u00e9s de un bolso, un dise\u00f1o que al usarlo se tome una postura que refleje esa actitud inicial que me inspir\u00f3. Tambi\u00e9n el material es tremendamente inspirador, encantarme con un cuero, por su color, grosor o ca\u00edda puede llevarme a crear un modelo especialmente\u00bb. <\/p>\n<p>Su emprendimiento, como todos, tiene mucho esfuerzo personal, comenta que \u00abconstruir algo desde cero ha sido s\u00faper demandante, pero me ha hecho feliz. Tiene un mont\u00f3n de dificultades, pero el poder vivir de lo que hago es el mayor desaf\u00edo. El querer tener un proyecto propio donde desarrollar el \u00e1rea creativa a mi manera es mi principal motivaci\u00f3n, pero no hacerlo viable econ\u00f3micamente se vuelve todo en solo un sue\u00f1o inconcretable. Por lo tanto, si tienes un buen producto solo queda tener tus metas claras, ser paciente y trabajar mucho con la mejor energ\u00eda porque de a poco se van abriendo caminos\u00bb.<\/p>\n<p>Hoy la marca ofrece variedad de carteras de distintos colores, texturas y tama\u00f1os, adem\u00e1s de mochilas, bolsos y accesorios tanto para mujeres como para hombres. Tales como estuches, forros para anteojos, computador o llaveros, que pueden encontrar <a href=\"http:\/\/depto51.cl\/marca\/em-is-handmade\" target=\"_blank\">en nuestra tienda<\/a>. <\/p>\n<p>Conoce m\u00e1s de su trabajo en <a href=\"http:\/\/www.em-ishandmade.com\/\" target=\"_blank\">su web<\/a>\/ <a href=\"https:\/\/www.facebook.com\/EMishandmade\" target=\"_blank\">facebook<\/a>\/ <a href=\"https:\/\/instagram.com\/emishandmade\/\" target=\"_blank\">instagram<\/a> <\/p>\n<p><a href=\"http:\/\/depto51.cl\/marca\/em-is-handmade\"><img loading=\"lazy\" src=\"https:\/\/depto51.cl\/blog\/wp-content\/uploads\/2015\/06\/5.jpg\" alt=\"5\" width=\"600\" height=\"800\" class=\"alignnone size-full wp-image-30819\" srcset=\"https:\/\/depto51.cl\/blog\/wp-content\/uploads\/2015\/06\/5.jpg 600w, https:\/\/depto51.cl\/blog\/wp-content\/uploads\/2015\/06\/5-375x500.jpg 375w\" sizes=\"(max-width: 600px) 100vw, 600px\" \/><\/a><\/p>\n<p><a href=\"http:\/\/depto51.cl\/marca\/em-is-handmade\"><img loading=\"lazy\" src=\"https:\/\/depto51.cl\/blog\/wp-content\/uploads\/2015\/06\/6.jpg\" alt=\"6\" width=\"600\" height=\"920\" class=\"alignnone size-full wp-image-30820\" srcset=\"https:\/\/depto51.cl\/blog\/wp-content\/uploads\/2015\/06\/6.jpg 600w, https:\/\/depto51.cl\/blog\/wp-content\/uploads\/2015\/06\/6-326x500.jpg 326w\" sizes=\"(max-width: 600px) 100vw, 600px\" \/><\/a><\/p>\n","protected":false},"excerpt":{"rendered":"<p>Es muy linda la historia de c\u00f3mo empez\u00f3 la marca nacional EM is Handmade, Emilia Carrillo su due\u00f1a, hace cuatro a\u00f1os quiso hacerle un bolso de cuero de regalo de cumplea\u00f1os a su pololo, como los precios eran muy altos, decidi\u00f3 hacerlo ella misma. Se demor\u00f3 como un mes en terminarlo, pero lo pas\u00f3 bien&#8230;.<\/p>\n","protected":false},"author":1,"featured_media":30821,"comment_status":"open","ping_status":"open","sticky":false,"template":"","format":"standard","meta":[],"categories":[882,13],"tags":[1040],"acf":[],"_links":{"self":[{"href":"https:\/\/depto51.cl\/blog\/wp-json\/wp\/v2\/posts\/30818"}],"collection":[{"href":"https:\/\/depto51.cl\/blog\/wp-json\/wp\/v2\/posts"}],"about":[{"href":"https:\/\/depto51.cl\/blog\/wp-json\/wp\/v2\/types\/post"}],"author":[{"embeddable":true,"href":"https:\/\/depto51.cl\/blog\/wp-json\/wp\/v2\/users\/1"}],"replies":[{"embeddable":true,"href":"https:\/\/depto51.cl\/blog\/wp-json\/wp\/v2\/comments?post=30818"}],"version-history":[{"count":0,"href":"https:\/\/depto51.cl\/blog\/wp-json\/wp\/v2\/posts\/30818\/revisions"}],"wp:featuredmedia":[{"embeddable":true,"href":"https:\/\/depto51.cl\/blog\/wp-json\/wp\/v2\/media\/30821"}],"wp:attachment":[{"href":"https:\/\/depto51.cl\/blog\/wp-json\/wp\/v2\/media?parent=30818"}],"wp:term":[{"taxonomy":"category","embeddable":true,"href":"https:\/\/depto51.cl\/blog\/wp-json\/wp\/v2\/categories?post=30818"},{"taxonomy":"post_tag","embeddable":true,"href":"https:\/\/depto51.cl\/blog\/wp-json\/wp\/v2\/tags?post=30818"}],"curies":[{"name":"wp","href":"https:\/\/api.w.org\/{rel}","templated":true}]}}