

{"id":30783,"date":"2015-06-24T09:37:09","date_gmt":"2015-06-24T13:37:09","guid":{"rendered":"https:\/\/depto51.cl\/blog\/?p=30783"},"modified":"2015-06-25T16:34:26","modified_gmt":"2015-06-25T20:34:26","slug":"cerveza-corona-y-laplaza-se-unen-en-proyecto-de-diseno","status":"publish","type":"post","link":"https:\/\/depto51.cl\/blog\/2015\/06\/24\/cerveza-corona-y-laplaza-se-unen-en-proyecto-de-diseno\/","title":{"rendered":"Cerveza Corona y LaPlaza se unen en proyecto de dise\u00f1o"},"content":{"rendered":"<p><img loading=\"lazy\" class=\"alignnone size-full wp-image-30784\" alt=\"Corona + La Plaza (2)\" src=\"https:\/\/depto51.cl\/blog\/wp-content\/uploads\/2015\/06\/Corona-+-La-Plaza-2.jpg\" width=\"600\" height=\"400\" srcset=\"https:\/\/depto51.cl\/blog\/wp-content\/uploads\/2015\/06\/Corona-+-La-Plaza-2.jpg 600w, https:\/\/depto51.cl\/blog\/wp-content\/uploads\/2015\/06\/Corona-+-La-Plaza-2-500x333.jpg 500w\" sizes=\"(max-width: 600px) 100vw, 600px\" \/><\/p>\n<p>En la \u00faltima versi\u00f3n de Bazar ED Winter, Cerveza Corona invit\u00f3 a seis dise\u00f1adores industriales a mostrar su propia interpretaci\u00f3n de la marca proyectada en una l\u00ednea de mobiliario basada en la combinaci\u00f3n de tendencias innovadoras en dise\u00f1o y en el esp\u00edritu de esta marca de cerveza.<\/p>\n<p>El proyecto <a href=\"http:\/\/plazalaplaza.com\/\" target=\"_blank\">LaPlaza<\/a>, es una agrupaci\u00f3n\u00a0de\u00a0profesionales, relacionados al\u00a0arte, dise\u00f1o y arquitectura, donde la forma de trabajo consiste en crear, compartir y nutrirse de conocimientos entre sus integrantes, para lograr nuevos proyectos relacionados al rubro.<\/p>\n<p>El trabajo se realiz\u00f3 con materiales nobles y maderas sin tratamientos, los miembros de LaPlaza, Mart\u00edn Pinilla, (a cargo del dise\u00f1o de la mesa de centro), Rodolfo Pinto (a cargo de la barra), Marco Cort\u00e9s (a cargo del sof\u00e1), Alberto Vitelio (a cargo de las l\u00e1mparas), Constanza Garrido y Camila Villanueva (exhibidores), fueron los elegidos para desarrollar estas piezas de mobiliario.<\/p>\n<p><img loading=\"lazy\" class=\"alignnone size-full wp-image-30785\" alt=\"Corona + La Plaza (3)\" src=\"https:\/\/depto51.cl\/blog\/wp-content\/uploads\/2015\/06\/Corona-+-La-Plaza-3.jpg\" width=\"600\" height=\"424\" srcset=\"https:\/\/depto51.cl\/blog\/wp-content\/uploads\/2015\/06\/Corona-+-La-Plaza-3.jpg 600w, https:\/\/depto51.cl\/blog\/wp-content\/uploads\/2015\/06\/Corona-+-La-Plaza-3-500x353.jpg 500w, https:\/\/depto51.cl\/blog\/wp-content\/uploads\/2015\/06\/Corona-+-La-Plaza-3-306x215.jpg 306w\" sizes=\"(max-width: 600px) 100vw, 600px\" \/><\/p>\n","protected":false},"excerpt":{"rendered":"<p>En la \u00faltima versi\u00f3n de Bazar ED Winter, Cerveza Corona invit\u00f3 a seis dise\u00f1adores industriales a mostrar su propia interpretaci\u00f3n de la marca proyectada en una l\u00ednea de mobiliario basada en la combinaci\u00f3n de tendencias innovadoras en dise\u00f1o y en el esp\u00edritu de esta marca de cerveza. El proyecto LaPlaza, es una agrupaci\u00f3n\u00a0de\u00a0profesionales, relacionados al\u00a0arte,&#8230;<\/p>\n","protected":false},"author":1,"featured_media":30784,"comment_status":"open","ping_status":"open","sticky":false,"template":"","format":"standard","meta":[],"categories":[882,13],"tags":[94,1037],"acf":[],"_links":{"self":[{"href":"https:\/\/depto51.cl\/blog\/wp-json\/wp\/v2\/posts\/30783"}],"collection":[{"href":"https:\/\/depto51.cl\/blog\/wp-json\/wp\/v2\/posts"}],"about":[{"href":"https:\/\/depto51.cl\/blog\/wp-json\/wp\/v2\/types\/post"}],"author":[{"embeddable":true,"href":"https:\/\/depto51.cl\/blog\/wp-json\/wp\/v2\/users\/1"}],"replies":[{"embeddable":true,"href":"https:\/\/depto51.cl\/blog\/wp-json\/wp\/v2\/comments?post=30783"}],"version-history":[{"count":0,"href":"https:\/\/depto51.cl\/blog\/wp-json\/wp\/v2\/posts\/30783\/revisions"}],"wp:featuredmedia":[{"embeddable":true,"href":"https:\/\/depto51.cl\/blog\/wp-json\/wp\/v2\/media\/30784"}],"wp:attachment":[{"href":"https:\/\/depto51.cl\/blog\/wp-json\/wp\/v2\/media?parent=30783"}],"wp:term":[{"taxonomy":"category","embeddable":true,"href":"https:\/\/depto51.cl\/blog\/wp-json\/wp\/v2\/categories?post=30783"},{"taxonomy":"post_tag","embeddable":true,"href":"https:\/\/depto51.cl\/blog\/wp-json\/wp\/v2\/tags?post=30783"}],"curies":[{"name":"wp","href":"https:\/\/api.w.org\/{rel}","templated":true}]}}