

{"id":30261,"date":"2015-05-25T09:48:19","date_gmt":"2015-05-25T13:48:19","guid":{"rendered":"https:\/\/depto51.cl\/blog\/?p=30261"},"modified":"2018-03-17T07:36:42","modified_gmt":"2018-03-17T11:36:42","slug":"mi-cocina-isidora-labarthe","status":"publish","type":"post","link":"https:\/\/depto51.cl\/blog\/2015\/05\/25\/mi-cocina-isidora-labarthe\/","title":{"rendered":"Mi cocina: Isidora Labarthe"},"content":{"rendered":"<p>Esta es la cocina de alguien que se nota, le encanta pasar tiempo ah\u00ed. Libros, coloridos utensilios, una cocina profesional, mesa para compartir y mucho m\u00e1s para inspirarse. Los invitamos a conocerla.<\/p>\n<p>Recuerda que Mi Cocina es una secci\u00f3n abierta al p\u00fablico, si quieres enviar la tuya escr\u00edbenos a contacto@depto51.cl<\/p>\n<p><strong>Vitrinea en la secci\u00f3n <a href=\"http:\/\/www.depto51.cl\/catalogo\/mesa-y-cocina\" target=\"_blank\">Mesa y Cocina<\/a> de nuestra tienda <\/strong><\/p>\n<p><img loading=\"lazy\" src=\"https:\/\/depto51.cl\/blog\/wp-content\/uploads\/2015\/05\/FullSizeRender_2.jpg\" alt=\"FullSizeRender_2\" width=\"600\" height=\"450\" class=\"alignnone size-full wp-image-30262\" srcset=\"https:\/\/depto51.cl\/blog\/wp-content\/uploads\/2015\/05\/FullSizeRender_2.jpg 600w, https:\/\/depto51.cl\/blog\/wp-content\/uploads\/2015\/05\/FullSizeRender_2-500x375.jpg 500w\" sizes=\"(max-width: 600px) 100vw, 600px\" \/><\/p>\n<p><strong>Dinos tu nombre y en qu\u00e9 trabajas: <\/strong><br \/>\nIsidora Labarthe Cardemil, soy abogada y trabajo en el sector p\u00fablico.<\/p>\n<p><strong>\u00bfC\u00f3mo armaste tu cocina?<\/strong><br \/>\nDise\u00f1amos la cocina hace unos meses cuando nos cambiamos a nuestro nuevo departamento y tuvimos la suerte de poder transformarla completamente. Quer\u00edamos que la base fueran elementos neutros (blanco, madera y vidrio) porque nos encanta alegrarla con adornos y utensilios de colores. Muchas de las cosas las hemos ido comprando en viajes y siempre estamos buscando nuevos detalles que le den vida a los rincones.<\/p>\n<p><img loading=\"lazy\" src=\"https:\/\/depto51.cl\/blog\/wp-content\/uploads\/2015\/05\/FullSizeRender-1.jpg\" alt=\"FullSizeRender (1)\" width=\"600\" height=\"450\" class=\"alignnone size-full wp-image-30263\" srcset=\"https:\/\/depto51.cl\/blog\/wp-content\/uploads\/2015\/05\/FullSizeRender-1.jpg 600w, https:\/\/depto51.cl\/blog\/wp-content\/uploads\/2015\/05\/FullSizeRender-1-500x375.jpg 500w\" sizes=\"(max-width: 600px) 100vw, 600px\" \/><\/p>\n<p><img loading=\"lazy\" src=\"https:\/\/depto51.cl\/blog\/wp-content\/uploads\/2015\/05\/FullSizeRender-2.jpg\" alt=\"FullSizeRender (2)\" width=\"600\" height=\"450\" class=\"alignnone size-full wp-image-30264\" srcset=\"https:\/\/depto51.cl\/blog\/wp-content\/uploads\/2015\/05\/FullSizeRender-2.jpg 600w, https:\/\/depto51.cl\/blog\/wp-content\/uploads\/2015\/05\/FullSizeRender-2-500x375.jpg 500w\" sizes=\"(max-width: 600px) 100vw, 600px\" \/><\/p>\n<p><strong>Nombra tres elementos indispensables en tu cocina y por qu\u00e9<\/strong>:<br \/>\n1. La cocina de cinco quemadores y dos hornos (gas y el\u00e9ctrico), con la que puedo cocinar muchas cosas a la vez.<br \/>\n2. El comedor de diario, que nos permite compartir en mi lugar favorito e incluir a la familia y amigos mientras cocino cuando vienen a visitarnos.<br \/>\n3. La cubierta de silestone, amplia y espaciosa, en la que puedes cortar y dejar cosas calientes sin preocupaci\u00f3n. <\/p>\n<p><img loading=\"lazy\" src=\"https:\/\/depto51.cl\/blog\/wp-content\/uploads\/2015\/05\/foto12.jpg\" alt=\"foto1\" width=\"600\" height=\"400\" class=\"alignnone size-full wp-image-30265\" srcset=\"https:\/\/depto51.cl\/blog\/wp-content\/uploads\/2015\/05\/foto12.jpg 600w, https:\/\/depto51.cl\/blog\/wp-content\/uploads\/2015\/05\/foto12-500x333.jpg 500w\" sizes=\"(max-width: 600px) 100vw, 600px\" \/><\/p>\n<p><img loading=\"lazy\" src=\"https:\/\/depto51.cl\/blog\/wp-content\/uploads\/2015\/05\/FullSizeRender_1-1.jpg\" alt=\"FullSizeRender_1 (1)\" width=\"600\" height=\"450\" class=\"alignnone size-full wp-image-30266\" srcset=\"https:\/\/depto51.cl\/blog\/wp-content\/uploads\/2015\/05\/FullSizeRender_1-1.jpg 600w, https:\/\/depto51.cl\/blog\/wp-content\/uploads\/2015\/05\/FullSizeRender_1-1-500x375.jpg 500w\" sizes=\"(max-width: 600px) 100vw, 600px\" \/><\/p>\n<p><img loading=\"lazy\" src=\"https:\/\/depto51.cl\/blog\/wp-content\/uploads\/2015\/05\/FullSizeRender_1.jpg\" alt=\"FullSizeRender_1\" width=\"600\" height=\"450\" class=\"alignnone size-full wp-image-30267\" srcset=\"https:\/\/depto51.cl\/blog\/wp-content\/uploads\/2015\/05\/FullSizeRender_1.jpg 600w, https:\/\/depto51.cl\/blog\/wp-content\/uploads\/2015\/05\/FullSizeRender_1-500x375.jpg 500w\" sizes=\"(max-width: 600px) 100vw, 600px\" \/><\/p>\n<p><strong>\u00bfCu\u00e1les son tus objetos favoritos y por qu\u00e9:<\/strong><br \/>\n1. Las ollas de fierro, los guisos y carnes no tienen comparaci\u00f3n cuando se preparan en ellas.<br \/>\n2. Los libros de cocina, que siempre inspiran nuevos platos.<br \/>\n3. Los morteros, siempre tengo en ellos sal de mar, pimienta entera y especies.<br \/>\n4. Mi colecci\u00f3n de platos.<\/p>\n<p><strong>\u00bfQu\u00e9 es lo que m\u00e1s te gusta cocinar?<\/strong><br \/>\nMe encanta cocinar cosas saladas, especialmente sopas, pastas, guisos y ensaladas. <\/p>\n<p><img loading=\"lazy\" src=\"https:\/\/depto51.cl\/blog\/wp-content\/uploads\/2015\/05\/FullSizeRender_4-1.jpg\" alt=\"FullSizeRender_4 (1)\" width=\"600\" height=\"450\" class=\"alignnone size-full wp-image-30268\" srcset=\"https:\/\/depto51.cl\/blog\/wp-content\/uploads\/2015\/05\/FullSizeRender_4-1.jpg 600w, https:\/\/depto51.cl\/blog\/wp-content\/uploads\/2015\/05\/FullSizeRender_4-1-500x375.jpg 500w\" sizes=\"(max-width: 600px) 100vw, 600px\" \/><\/p>\n<p><img loading=\"lazy\" src=\"https:\/\/depto51.cl\/blog\/wp-content\/uploads\/2015\/05\/FullSizeRender_4.jpg\" alt=\"FullSizeRender_4\" width=\"600\" height=\"444\" class=\"alignnone size-full wp-image-30269\" srcset=\"https:\/\/depto51.cl\/blog\/wp-content\/uploads\/2015\/05\/FullSizeRender_4.jpg 600w, https:\/\/depto51.cl\/blog\/wp-content\/uploads\/2015\/05\/FullSizeRender_4-500x370.jpg 500w\" sizes=\"(max-width: 600px) 100vw, 600px\" \/><\/p>\n<p><strong>Vitrinea en la secci\u00f3n <a href=\"http:\/\/www.depto51.cl\/catalogo\/mesa-y-cocina\" target=\"_blank\">Mesa y Cocina<\/a> de nuestra tienda. <\/strong><\/p>\n","protected":false},"excerpt":{"rendered":"<p>Esta es la cocina de alguien que se nota, le encanta pasar tiempo ah\u00ed. Libros, coloridos utensilios, una cocina profesional, mesa para compartir y mucho m\u00e1s para inspirarse. Los invitamos a conocerla. Recuerda que Mi Cocina es una secci\u00f3n abierta al p\u00fablico, si quieres enviar la tuya escr\u00edbenos a contacto@depto51.cl Vitrinea en la secci\u00f3n Mesa&#8230;<\/p>\n","protected":false},"author":1,"featured_media":30266,"comment_status":"open","ping_status":"open","sticky":false,"template":"","format":"standard","meta":[],"categories":[1],"tags":[27,1009,956],"acf":[],"_links":{"self":[{"href":"https:\/\/depto51.cl\/blog\/wp-json\/wp\/v2\/posts\/30261"}],"collection":[{"href":"https:\/\/depto51.cl\/blog\/wp-json\/wp\/v2\/posts"}],"about":[{"href":"https:\/\/depto51.cl\/blog\/wp-json\/wp\/v2\/types\/post"}],"author":[{"embeddable":true,"href":"https:\/\/depto51.cl\/blog\/wp-json\/wp\/v2\/users\/1"}],"replies":[{"embeddable":true,"href":"https:\/\/depto51.cl\/blog\/wp-json\/wp\/v2\/comments?post=30261"}],"version-history":[{"count":0,"href":"https:\/\/depto51.cl\/blog\/wp-json\/wp\/v2\/posts\/30261\/revisions"}],"wp:featuredmedia":[{"embeddable":true,"href":"https:\/\/depto51.cl\/blog\/wp-json\/wp\/v2\/media\/30266"}],"wp:attachment":[{"href":"https:\/\/depto51.cl\/blog\/wp-json\/wp\/v2\/media?parent=30261"}],"wp:term":[{"taxonomy":"category","embeddable":true,"href":"https:\/\/depto51.cl\/blog\/wp-json\/wp\/v2\/categories?post=30261"},{"taxonomy":"post_tag","embeddable":true,"href":"https:\/\/depto51.cl\/blog\/wp-json\/wp\/v2\/tags?post=30261"}],"curies":[{"name":"wp","href":"https:\/\/api.w.org\/{rel}","templated":true}]}}