

{"id":29850,"date":"2015-05-04T11:56:14","date_gmt":"2015-05-04T15:56:14","guid":{"rendered":"https:\/\/depto51.cl\/blog\/?p=29850"},"modified":"2016-04-29T14:45:40","modified_gmt":"2016-04-29T18:45:40","slug":"victor-leyton-y-tabatha-director-creativo-y-perra-salchi","status":"publish","type":"post","link":"https:\/\/depto51.cl\/blog\/2015\/05\/04\/victor-leyton-y-tabatha-director-creativo-y-perra-salchi\/","title":{"rendered":"Victor Leyton y Tabatha, director creativo y perra salchi"},"content":{"rendered":"<p>Victor Leyton, es el Director creativo <a href=\"http:\/\/www.mandarinaproducciones.cl\" target=\"_blank\">Mandarina Producciones<\/a>, trabaja para diversos programas televisivos relacionados a la cultura y su gusto por el arte se ve plasmado en las paredes de su incre\u00edble hogar. Recorre cada uno de los coloridos rincones del nuevo Home Tour.<\/p>\n<p><strong>Sigue los tri\u00e1ngulos de las fotos y saca ideas inspiradas en este <a href=\"http:\/\/depto51.cl\/catalogo\/favoritos-home-tours\" target=\"_blank\">Home Tour <\/a>\ud83d\ude42<br \/>\n<\/strong><br \/>\nFotos por: <a href=\"http:\/\/sebastianmilla.com\/\" target=\"_blank\">Sebasti\u00e1n Milla<\/a><\/p>\n<p><img loading=\"lazy\" class=\"alignnone size-full wp-image-29889\" alt=\"DEPTO51 Victor Leyton -32\" src=\"https:\/\/depto51.cl\/blog\/wp-content\/uploads\/2015\/05\/DEPTO51-Victor-Leyton-32.jpg\" width=\"600\" height=\"400\" srcset=\"https:\/\/depto51.cl\/blog\/wp-content\/uploads\/2015\/05\/DEPTO51-Victor-Leyton-32.jpg 600w, https:\/\/depto51.cl\/blog\/wp-content\/uploads\/2015\/05\/DEPTO51-Victor-Leyton-32-500x333.jpg 500w\" sizes=\"(max-width: 600px) 100vw, 600px\" \/><\/p>\n<p><strong>\u00bfDesde cu\u00e1ndo que vives aqu\u00ed?<\/strong><br \/>\nHace casi 7 meses<\/p>\n<p><strong>\u00bfC\u00f3mo llegaste y por qu\u00e9 elegiste esta casa?<\/strong><br \/>\nTengo el h\u00e1bito de semanalmente mirar los portales inmobiliarios. Hace tiempo que estaba en la b\u00fasqueda de algo antiguo y con car\u00e1cter. Un d\u00eda por casualidad vi unas fotos que me parec\u00edan interesantes. La casa quedaba en pleno barrio el Golf lo que era muy conveniente para mi trabajo. La verdad es que fui con pocas expectativas pero al cruzar la puerta, supe que ese era el lugar donde quer\u00eda vivir. Fue amor a primera vista.<br \/>\nLa eleg\u00ed por varios factores. El primero fue su arquitectura. La casa se construy\u00f3 en el a\u00f1o 50, por lo que rescata la tradici\u00f3n modernista bien al pie de la letra. Es una construcci\u00f3n muy grande divida en dos. Toda la planta superior es m\u00eda, con acceso independiente al de mis vecinos. La casa tiene una estructura muy s\u00f3lida (buenos huesos) por lo que pr\u00e1cticamente ni los escucho. Sobre esto, los espacios son inteligentes. Las piezas, la cocina y el living son muy amplios y est\u00e1n conectados de manera muy fluida. Lo mejor de todo es que tengo acceso a un jard\u00edn privado el que disfruto todo el tiempo. Gran factor para tomar la decisi\u00f3n.<\/p>\n<p><img loading=\"lazy\" class=\"alignnone size-full wp-image-29890\" alt=\"DEPTO51 Victor Leyton -1\" src=\"https:\/\/depto51.cl\/blog\/wp-content\/uploads\/2015\/05\/DEPTO51-Victor-Leyton-1.jpg\" width=\"600\" height=\"400\" srcset=\"https:\/\/depto51.cl\/blog\/wp-content\/uploads\/2015\/05\/DEPTO51-Victor-Leyton-1.jpg 600w, https:\/\/depto51.cl\/blog\/wp-content\/uploads\/2015\/05\/DEPTO51-Victor-Leyton-1-500x333.jpg 500w\" sizes=\"(max-width: 600px) 100vw, 600px\" \/><\/p>\n<p><img loading=\"lazy\" class=\"alignnone size-full wp-image-29891\" alt=\"DEPTO51 Victor Leyton -2\" src=\"https:\/\/depto51.cl\/blog\/wp-content\/uploads\/2015\/05\/DEPTO51-Victor-Leyton-2.jpg\" width=\"600\" height=\"399\" srcset=\"https:\/\/depto51.cl\/blog\/wp-content\/uploads\/2015\/05\/DEPTO51-Victor-Leyton-2.jpg 600w, https:\/\/depto51.cl\/blog\/wp-content\/uploads\/2015\/05\/DEPTO51-Victor-Leyton-2-500x332.jpg 500w\" sizes=\"(max-width: 600px) 100vw, 600px\" \/><\/p>\n<p><img loading=\"lazy\" class=\"alignnone size-full wp-image-29892\" alt=\"DEPTO51 Victor Leyton -3\" src=\"https:\/\/depto51.cl\/blog\/wp-content\/uploads\/2015\/05\/DEPTO51-Victor-Leyton-3.jpg\" width=\"600\" height=\"400\" srcset=\"https:\/\/depto51.cl\/blog\/wp-content\/uploads\/2015\/05\/DEPTO51-Victor-Leyton-3.jpg 600w, https:\/\/depto51.cl\/blog\/wp-content\/uploads\/2015\/05\/DEPTO51-Victor-Leyton-3-500x333.jpg 500w\" sizes=\"(max-width: 600px) 100vw, 600px\" \/><\/p>\n<p><a href=\"http:\/\/www.depto51.cl\/producto\/1186\/lampara-monoi\" target=\"_blank\"><img loading=\"lazy\" class=\"alignnone size-full wp-image-29930\" alt=\"gtl1\" src=\"https:\/\/depto51.cl\/blog\/wp-content\/uploads\/2015\/05\/gtl1.jpg\" width=\"600\" height=\"405\" srcset=\"https:\/\/depto51.cl\/blog\/wp-content\/uploads\/2015\/05\/gtl1.jpg 600w, https:\/\/depto51.cl\/blog\/wp-content\/uploads\/2015\/05\/gtl1-500x337.jpg 500w\" sizes=\"(max-width: 600px) 100vw, 600px\" \/><\/a><\/p>\n<p><strong>\u00bfQu\u00e9 nombre le pondr\u00edas al estilo en que la decoraste?<\/strong><br \/>\nEs dif\u00edcil encontrar un nombre para el estilo pero creo que ser\u00eda algo as\u00ed como: ecl\u00e9ctico, retro, happy, boho y chic.<\/p>\n<p><img loading=\"lazy\" class=\"alignnone size-full wp-image-29894\" alt=\"DEPTO51 Victor Leyton -5\" src=\"https:\/\/depto51.cl\/blog\/wp-content\/uploads\/2015\/05\/DEPTO51-Victor-Leyton-5.jpg\" width=\"600\" height=\"405\" srcset=\"https:\/\/depto51.cl\/blog\/wp-content\/uploads\/2015\/05\/DEPTO51-Victor-Leyton-5.jpg 600w, https:\/\/depto51.cl\/blog\/wp-content\/uploads\/2015\/05\/DEPTO51-Victor-Leyton-5-500x337.jpg 500w\" sizes=\"(max-width: 600px) 100vw, 600px\" \/><\/p>\n<p><img loading=\"lazy\" class=\"alignnone size-full wp-image-29895\" alt=\"DEPTO51 Victor Leyton -7\" src=\"https:\/\/depto51.cl\/blog\/wp-content\/uploads\/2015\/05\/DEPTO51-Victor-Leyton-7.jpg\" width=\"600\" height=\"400\" srcset=\"https:\/\/depto51.cl\/blog\/wp-content\/uploads\/2015\/05\/DEPTO51-Victor-Leyton-7.jpg 600w, https:\/\/depto51.cl\/blog\/wp-content\/uploads\/2015\/05\/DEPTO51-Victor-Leyton-7-500x333.jpg 500w\" sizes=\"(max-width: 600px) 100vw, 600px\" \/><\/p>\n<p><img loading=\"lazy\" class=\"alignnone size-full wp-image-29896\" alt=\"DEPTO51 Victor Leyton -8\" src=\"https:\/\/depto51.cl\/blog\/wp-content\/uploads\/2015\/05\/DEPTO51-Victor-Leyton-8.jpg\" width=\"600\" height=\"442\" srcset=\"https:\/\/depto51.cl\/blog\/wp-content\/uploads\/2015\/05\/DEPTO51-Victor-Leyton-8.jpg 600w, https:\/\/depto51.cl\/blog\/wp-content\/uploads\/2015\/05\/DEPTO51-Victor-Leyton-8-500x368.jpg 500w\" sizes=\"(max-width: 600px) 100vw, 600px\" \/><\/p>\n<p><img loading=\"lazy\" class=\"alignnone size-full wp-image-29897\" alt=\"DEPTO51 Victor Leyton -9\" src=\"https:\/\/depto51.cl\/blog\/wp-content\/uploads\/2015\/05\/DEPTO51-Victor-Leyton-9.jpg\" width=\"600\" height=\"400\" srcset=\"https:\/\/depto51.cl\/blog\/wp-content\/uploads\/2015\/05\/DEPTO51-Victor-Leyton-9.jpg 600w, https:\/\/depto51.cl\/blog\/wp-content\/uploads\/2015\/05\/DEPTO51-Victor-Leyton-9-500x333.jpg 500w\" sizes=\"(max-width: 600px) 100vw, 600px\" \/><\/p>\n<p><strong>\u00bfDe d\u00f3nde son las cosas que tienes? <\/strong><br \/>\nLas cosas que tengo son en su mayor\u00eda objetos que he podido recolectar en viajes. En especial de Nueva York, ciudad en la que viv\u00ed casi cinco a\u00f1os. De ah\u00ed me traje los elementos m\u00e1s ic\u00f3nicos de la casa como cer\u00e1micas de <a href=\"http:\/\/www.jonathanadler.com\/\" target=\"_blank\">Jonathan Adler<\/a>, antig\u00fcedades de los flee market, algunos adornos, l\u00e1mparas, floreros y hasta una foto original de <a href=\"http:\/\/en.wikipedia.org\/wiki\/Maripol\" target=\"_blank\">Maripol<\/a>, m\u00edtica directora de arte de la escena New Wave en los 80s.<br \/>\nTambi\u00e9n, el arte forma parte importante de la casa. La mayor\u00eda de las obras son de artistas chilenos y latinoamericanos. Tengo una especial predilecci\u00f3n por la geometr\u00eda y el arte sinetico. Cruz-diez, Jes\u00fas Soto y Matilde P\u00e9rez son algunos de mis favoritos. Tambi\u00e9n tengo trabajos bien interesantes de chilenos j\u00f3venes como Yisa, Mat\u00edas Santa Mar\u00eda, Ceci Avenda\u00f1o, Benmayor etc. En general, me gusta el arte latinoamericano y me gusta lo que est\u00e1 pasando en la escena local.<\/p>\n<p><img loading=\"lazy\" class=\"alignnone size-full wp-image-29901\" alt=\"DEPTO51 Victor Leyton -18\" src=\"https:\/\/depto51.cl\/blog\/wp-content\/uploads\/2015\/05\/DEPTO51-Victor-Leyton-18.jpg\" width=\"600\" height=\"403\" srcset=\"https:\/\/depto51.cl\/blog\/wp-content\/uploads\/2015\/05\/DEPTO51-Victor-Leyton-18.jpg 600w, https:\/\/depto51.cl\/blog\/wp-content\/uploads\/2015\/05\/DEPTO51-Victor-Leyton-18-500x335.jpg 500w\" sizes=\"(max-width: 600px) 100vw, 600px\" \/><\/p>\n<p><img loading=\"lazy\" class=\"alignnone size-full wp-image-29898\" alt=\"DEPTO51 Victor Leyton -10\" src=\"https:\/\/depto51.cl\/blog\/wp-content\/uploads\/2015\/05\/DEPTO51-Victor-Leyton-10.jpg\" width=\"600\" height=\"397\" srcset=\"https:\/\/depto51.cl\/blog\/wp-content\/uploads\/2015\/05\/DEPTO51-Victor-Leyton-10.jpg 600w, https:\/\/depto51.cl\/blog\/wp-content\/uploads\/2015\/05\/DEPTO51-Victor-Leyton-10-500x330.jpg 500w\" sizes=\"(max-width: 600px) 100vw, 600px\" \/><\/p>\n<p><img loading=\"lazy\" class=\"alignnone size-full wp-image-29899\" alt=\"DEPTO51 Victor Leyton -12\" src=\"https:\/\/depto51.cl\/blog\/wp-content\/uploads\/2015\/05\/DEPTO51-Victor-Leyton-12.jpg\" width=\"600\" height=\"395\" srcset=\"https:\/\/depto51.cl\/blog\/wp-content\/uploads\/2015\/05\/DEPTO51-Victor-Leyton-12.jpg 600w, https:\/\/depto51.cl\/blog\/wp-content\/uploads\/2015\/05\/DEPTO51-Victor-Leyton-12-500x329.jpg 500w\" sizes=\"(max-width: 600px) 100vw, 600px\" \/><\/p>\n<p><a href=\"http:\/\/www.depto51.cl\/catalogo\/arte-e-ilustracion\" target=\"_blank\"><img loading=\"lazy\" class=\"alignnone size-full wp-image-29931\" alt=\"gtl2\" src=\"https:\/\/depto51.cl\/blog\/wp-content\/uploads\/2015\/05\/gtl2.jpg\" width=\"600\" height=\"400\" srcset=\"https:\/\/depto51.cl\/blog\/wp-content\/uploads\/2015\/05\/gtl2.jpg 600w, https:\/\/depto51.cl\/blog\/wp-content\/uploads\/2015\/05\/gtl2-500x333.jpg 500w\" sizes=\"(max-width: 600px) 100vw, 600px\" \/><\/a><\/p>\n<p><img loading=\"lazy\" class=\"alignnone size-full wp-image-29902\" alt=\"DEPTO51 Victor Leyton -20\" src=\"https:\/\/depto51.cl\/blog\/wp-content\/uploads\/2015\/05\/DEPTO51-Victor-Leyton-20.jpg\" width=\"600\" height=\"400\" srcset=\"https:\/\/depto51.cl\/blog\/wp-content\/uploads\/2015\/05\/DEPTO51-Victor-Leyton-20.jpg 600w, https:\/\/depto51.cl\/blog\/wp-content\/uploads\/2015\/05\/DEPTO51-Victor-Leyton-20-500x333.jpg 500w\" sizes=\"(max-width: 600px) 100vw, 600px\" \/><\/p>\n<p><strong>\u00bfQu\u00e9 es lo que m\u00e1s te gusta hacer en tu casa?<\/strong><br \/>\nLo que m\u00e1s me gusta hacer en mi casa es estar en ella. Siento que es una proyecci\u00f3n fiel a lo que soy como persona. Es una casa abierta y la disfruto el doble cuando vienen los amigos. Es un espacio que est\u00e1 pensado para celebrar, celebrar lo que sea y cuando sea. Es una casa para vivirla.<\/p>\n<p><img loading=\"lazy\" class=\"alignnone size-full wp-image-29906\" alt=\"DEPTO51 Victor Leyton -22\" src=\"https:\/\/depto51.cl\/blog\/wp-content\/uploads\/2015\/05\/DEPTO51-Victor-Leyton-22.jpg\" width=\"600\" height=\"405\" srcset=\"https:\/\/depto51.cl\/blog\/wp-content\/uploads\/2015\/05\/DEPTO51-Victor-Leyton-22.jpg 600w, https:\/\/depto51.cl\/blog\/wp-content\/uploads\/2015\/05\/DEPTO51-Victor-Leyton-22-500x337.jpg 500w\" sizes=\"(max-width: 600px) 100vw, 600px\" \/><\/p>\n<p><img loading=\"lazy\" class=\"alignnone size-full wp-image-29908\" alt=\"DEPTO51 Victor Leyton -24\" src=\"https:\/\/depto51.cl\/blog\/wp-content\/uploads\/2015\/05\/DEPTO51-Victor-Leyton-24.jpg\" width=\"600\" height=\"394\" srcset=\"https:\/\/depto51.cl\/blog\/wp-content\/uploads\/2015\/05\/DEPTO51-Victor-Leyton-24.jpg 600w, https:\/\/depto51.cl\/blog\/wp-content\/uploads\/2015\/05\/DEPTO51-Victor-Leyton-24-500x328.jpg 500w\" sizes=\"(max-width: 600px) 100vw, 600px\" \/><\/p>\n<p><a href=\" http:\/\/www.depto51.cl\/producto\/618\/ampolleta-incandescente-mega-edison\" target=\"_blank\"><img loading=\"lazy\" class=\"alignnone size-full wp-image-29932\" alt=\"glt3\" src=\"https:\/\/depto51.cl\/blog\/wp-content\/uploads\/2015\/05\/glt3.jpg\" width=\"600\" height=\"400\" srcset=\"https:\/\/depto51.cl\/blog\/wp-content\/uploads\/2015\/05\/glt3.jpg 600w, https:\/\/depto51.cl\/blog\/wp-content\/uploads\/2015\/05\/glt3-500x333.jpg 500w\" sizes=\"(max-width: 600px) 100vw, 600px\" \/><\/a><\/p>\n<p><img loading=\"lazy\" class=\"alignnone size-full wp-image-29911\" alt=\"DEPTO51 Victor Leyton -35\" src=\"https:\/\/depto51.cl\/blog\/wp-content\/uploads\/2015\/05\/DEPTO51-Victor-Leyton-35.jpg\" width=\"600\" height=\"400\" srcset=\"https:\/\/depto51.cl\/blog\/wp-content\/uploads\/2015\/05\/DEPTO51-Victor-Leyton-35.jpg 600w, https:\/\/depto51.cl\/blog\/wp-content\/uploads\/2015\/05\/DEPTO51-Victor-Leyton-35-500x333.jpg 500w\" sizes=\"(max-width: 600px) 100vw, 600px\" \/><\/p>\n<p><strong>Cu\u00e9ntanos sobre tu trabajo y proyectos<\/strong><br \/>\nActualmente estoy dirigiendo para E! Entertaiment Latinoam\u00e9rica el espacio \u201cZona Trendy\u201d, conducido por Renata Ruiz, que busca rescatar lo m\u00e1s \u201ccool\u201d y tendencioso de Santiago. Tambi\u00e9n, estamos trabajando en la preproducci\u00f3n de la nueva temporada de <a href=\"http:\/\/www.13.cl\/c\/programa\/scl-moda\" target=\"_blank\">SCL MODA<\/a> (por 13C) programa conducido por Catalina Pulido, que cumple cumple a\u00f1os de existencia. Por \u00faltimo, y lo que me tiene m\u00e1s motivado, es el rodaje de una serie de micro documentales sobre el trabajo y obra de la gran artista y fot\u00f3grafa <a href=\"http:\/\/www.pazerrazuriz.cl\/\" target=\"_blank\">Paz Err\u00e1zuriz<\/a>. Esta filmaci\u00f3n culminar\u00e1 el 8 de mayo en mism\u00edsima Biennale de Arte de Venecia. Paz, ser\u00e1 la primera mujer que muestra su trabajo en el pabell\u00f3n de Chile junto a <a href=\"http:\/\/www.artistasplasticoschilenos.cl\/658\/w3-article-40360.html\" target=\"_blank\">Lotty Rosenfeld<\/a>.<br \/>\nTodos esto proyectos y m\u00e1s se pueden encontrar en <a href=\"http:\/\/www.mandarinaproducciones.cl\" target=\"_blank\">www.mandarinaproducciones.cl<\/a><\/p>\n<p><img loading=\"lazy\" class=\"alignnone size-full wp-image-29910\" alt=\"DEPTO51 Victor Leyton -29\" src=\"https:\/\/depto51.cl\/blog\/wp-content\/uploads\/2015\/05\/DEPTO51-Victor-Leyton-29.jpg\" width=\"600\" height=\"400\" srcset=\"https:\/\/depto51.cl\/blog\/wp-content\/uploads\/2015\/05\/DEPTO51-Victor-Leyton-29.jpg 600w, https:\/\/depto51.cl\/blog\/wp-content\/uploads\/2015\/05\/DEPTO51-Victor-Leyton-29-500x333.jpg 500w\" sizes=\"(max-width: 600px) 100vw, 600px\" \/><\/p>\n<p><img loading=\"lazy\" class=\"alignnone size-full wp-image-29912\" alt=\"DEPTO51 Victor Leyton -28\" src=\"https:\/\/depto51.cl\/blog\/wp-content\/uploads\/2015\/05\/DEPTO51-Victor-Leyton-28.jpg\" width=\"600\" height=\"395\" srcset=\"https:\/\/depto51.cl\/blog\/wp-content\/uploads\/2015\/05\/DEPTO51-Victor-Leyton-28.jpg 600w, https:\/\/depto51.cl\/blog\/wp-content\/uploads\/2015\/05\/DEPTO51-Victor-Leyton-28-500x329.jpg 500w\" sizes=\"(max-width: 600px) 100vw, 600px\" \/><\/p>\n<p><a href=\"http:\/\/www.depto51.cl\/marca\/maria-prints\" target=\"_blank\"><img loading=\"lazy\" class=\"alignnone size-full wp-image-29933\" alt=\"gtl4\" src=\"https:\/\/depto51.cl\/blog\/wp-content\/uploads\/2015\/05\/gtl4.jpg\" width=\"600\" height=\"400\" srcset=\"https:\/\/depto51.cl\/blog\/wp-content\/uploads\/2015\/05\/gtl4.jpg 600w, https:\/\/depto51.cl\/blog\/wp-content\/uploads\/2015\/05\/gtl4-500x333.jpg 500w\" sizes=\"(max-width: 600px) 100vw, 600px\" \/><\/a><\/p>\n<p><img loading=\"lazy\" class=\"alignnone size-full wp-image-29913\" alt=\"DEPTO51 Victor Leyton -31\" src=\"https:\/\/depto51.cl\/blog\/wp-content\/uploads\/2015\/05\/DEPTO51-Victor-Leyton-31.jpg\" width=\"600\" height=\"400\" srcset=\"https:\/\/depto51.cl\/blog\/wp-content\/uploads\/2015\/05\/DEPTO51-Victor-Leyton-31.jpg 600w, https:\/\/depto51.cl\/blog\/wp-content\/uploads\/2015\/05\/DEPTO51-Victor-Leyton-31-500x333.jpg 500w\" sizes=\"(max-width: 600px) 100vw, 600px\" \/><\/p>\n<p><a href=\"http:\/\/depto51.cl\/catalogo\/favoritos-home-tours\"><img loading=\"lazy\" class=\"alignnone size-full wp-image-29928\" alt=\"getthelookBlog\" src=\"https:\/\/depto51.cl\/blog\/wp-content\/uploads\/2015\/05\/getthelookBlog.jpg\" width=\"600\" height=\"90\" srcset=\"https:\/\/depto51.cl\/blog\/wp-content\/uploads\/2015\/05\/getthelookBlog.jpg 600w, https:\/\/depto51.cl\/blog\/wp-content\/uploads\/2015\/05\/getthelookBlog-500x75.jpg 500w\" sizes=\"(max-width: 600px) 100vw, 600px\" \/><\/a><\/p>\n<p>1. <a href=\"http:\/\/www.depto51.cl\/producto\/1186\/lampara-monoi\" target=\"_blank\">L\u00e1mpara Monoi<\/a><br \/>\n2. <a href=\"http:\/\/www.depto51.cl\/catalogo\/arte-e-ilustracion\" target=\"_blank\">Arte e Ilustraci\u00f3n<\/a><br \/>\n3. <a href=\" http:\/\/www.depto51.cl\/producto\/618\/ampolleta-incandescente-mega-edison\" target=\"_blank\">Ampolleta Incandescente<\/a> Mega Edison<br \/>\n4. <a href=\"http:\/\/www.depto51.cl\/marca\/maria-prints\" target=\"_blank\">Mantas<\/a> Mar\u00eda Prints <\/p>\n","protected":false},"excerpt":{"rendered":"<p>Victor Leyton, es el Director creativo Mandarina Producciones, trabaja para diversos programas televisivos relacionados a la cultura y su gusto por el arte se ve plasmado en las paredes de su incre\u00edble hogar. Recorre cada uno de los coloridos rincones del nuevo Home Tour. Sigue los tri\u00e1ngulos de las fotos y saca ideas inspiradas en&#8230;<\/p>\n","protected":false},"author":1,"featured_media":29889,"comment_status":"open","ping_status":"open","sticky":false,"template":"","format":"standard","meta":[],"categories":[11],"tags":[993],"acf":[],"_links":{"self":[{"href":"https:\/\/depto51.cl\/blog\/wp-json\/wp\/v2\/posts\/29850"}],"collection":[{"href":"https:\/\/depto51.cl\/blog\/wp-json\/wp\/v2\/posts"}],"about":[{"href":"https:\/\/depto51.cl\/blog\/wp-json\/wp\/v2\/types\/post"}],"author":[{"embeddable":true,"href":"https:\/\/depto51.cl\/blog\/wp-json\/wp\/v2\/users\/1"}],"replies":[{"embeddable":true,"href":"https:\/\/depto51.cl\/blog\/wp-json\/wp\/v2\/comments?post=29850"}],"version-history":[{"count":0,"href":"https:\/\/depto51.cl\/blog\/wp-json\/wp\/v2\/posts\/29850\/revisions"}],"wp:featuredmedia":[{"embeddable":true,"href":"https:\/\/depto51.cl\/blog\/wp-json\/wp\/v2\/media\/29889"}],"wp:attachment":[{"href":"https:\/\/depto51.cl\/blog\/wp-json\/wp\/v2\/media?parent=29850"}],"wp:term":[{"taxonomy":"category","embeddable":true,"href":"https:\/\/depto51.cl\/blog\/wp-json\/wp\/v2\/categories?post=29850"},{"taxonomy":"post_tag","embeddable":true,"href":"https:\/\/depto51.cl\/blog\/wp-json\/wp\/v2\/tags?post=29850"}],"curies":[{"name":"wp","href":"https:\/\/api.w.org\/{rel}","templated":true}]}}