

{"id":29335,"date":"2015-04-07T08:00:47","date_gmt":"2015-04-07T12:00:47","guid":{"rendered":"https:\/\/depto51.cl\/blog\/?p=29335"},"modified":"2015-04-14T08:20:52","modified_gmt":"2015-04-14T12:20:52","slug":"francine-rosselot-y-felipe-cadiz-disenadora-y-periodista","status":"publish","type":"post","link":"https:\/\/depto51.cl\/blog\/2015\/04\/07\/francine-rosselot-y-felipe-cadiz-disenadora-y-periodista\/","title":{"rendered":"Francine Rosselot y Felipe C\u00e1diz, dise\u00f1adora y periodista"},"content":{"rendered":"<p>Este nuevo departamento de una dise\u00f1adora gr\u00e1fica y un periodista est\u00e1 pensado como un \u00fanico lugar para ni\u00f1os y padres. Los ambientes son acogedores y hay diversos colores y estilos que la hacen \u00fanica. Pasa a mirar.<\/p>\n<p><strong>Sigue los tri\u00e1ngulos de las fotos y saca ideas inspiradas en este <a href=\"http:\/\/depto51.cl\/catalogo\/favoritos-home-tours\" target=\"_blank\">Home Tour<\/a> \ud83d\ude42<\/strong><br \/>\nFotos por: <a href=\"http:\/\/sebastianmilla.com\/\" target=\"_blank\">Sebasti\u00e1n Milla<\/a><\/p>\n<p><img loading=\"lazy\" class=\"alignnone size-full wp-image-29337\" alt=\"DEPTO51 Francine Rosselot-1\" src=\"https:\/\/depto51.cl\/blog\/wp-content\/uploads\/2015\/04\/DEPTO51-Francine-Rosselot-1.jpg\" width=\"600\" height=\"400\" srcset=\"https:\/\/depto51.cl\/blog\/wp-content\/uploads\/2015\/04\/DEPTO51-Francine-Rosselot-1.jpg 600w, https:\/\/depto51.cl\/blog\/wp-content\/uploads\/2015\/04\/DEPTO51-Francine-Rosselot-1-500x333.jpg 500w\" sizes=\"(max-width: 600px) 100vw, 600px\" \/><\/p>\n<p><strong>\u00bfDesde cu\u00e1ndo que viven aqu\u00ed?<\/strong><br \/>\nLlegamos en abril de 2012, despu\u00e9s de una remodelaci\u00f3n completa que dur\u00f3 todo el verano previo.<\/p>\n<p><strong>\u00bfC\u00f3mo llegaron y por qu\u00e9 elegieron esta casa?<\/strong><br \/>\nArrend\u00e1bamos un departamento precioso en Providencia, antiguo, de espacios amplios, arquitectura amable, piso de parquet, pero quer\u00edamos algo propio a lo que poder meterle mano y darle nuestro toque. El requisito era mantener esas caracter\u00edsticas. Estuvimos buscando un buen tiempo y encontramos este departamento, construido en 1962, en un barrio familiar (nuestra primera hija cumpl\u00eda 1 a\u00f1o) y con un jard\u00edn en medio de un complejo de edificios de tres pisos, en los que tenemos una entretenida din\u00e1mica de vecindad.<\/p>\n<p><img loading=\"lazy\" class=\"alignnone size-full wp-image-29338\" alt=\"DEPTO51 Francine Rosselot-9\" src=\"https:\/\/depto51.cl\/blog\/wp-content\/uploads\/2015\/04\/DEPTO51-Francine-Rosselot-9.jpg\" width=\"600\" height=\"400\" srcset=\"https:\/\/depto51.cl\/blog\/wp-content\/uploads\/2015\/04\/DEPTO51-Francine-Rosselot-9.jpg 600w, https:\/\/depto51.cl\/blog\/wp-content\/uploads\/2015\/04\/DEPTO51-Francine-Rosselot-9-500x333.jpg 500w\" sizes=\"(max-width: 600px) 100vw, 600px\" \/><\/p>\n<p><img loading=\"lazy\" class=\"alignnone size-full wp-image-29339\" alt=\"DEPTO51 Francine Rosselot-11\" src=\"https:\/\/depto51.cl\/blog\/wp-content\/uploads\/2015\/04\/DEPTO51-Francine-Rosselot-11.jpg\" width=\"600\" height=\"400\" srcset=\"https:\/\/depto51.cl\/blog\/wp-content\/uploads\/2015\/04\/DEPTO51-Francine-Rosselot-11.jpg 600w, https:\/\/depto51.cl\/blog\/wp-content\/uploads\/2015\/04\/DEPTO51-Francine-Rosselot-11-500x333.jpg 500w\" sizes=\"(max-width: 600px) 100vw, 600px\" \/><\/p>\n<p><img loading=\"lazy\" class=\"alignnone size-full wp-image-29340\" alt=\"DEPTO51 Francine Rosselot-14\" src=\"https:\/\/depto51.cl\/blog\/wp-content\/uploads\/2015\/04\/DEPTO51-Francine-Rosselot-14.jpg\" width=\"600\" height=\"400\" srcset=\"https:\/\/depto51.cl\/blog\/wp-content\/uploads\/2015\/04\/DEPTO51-Francine-Rosselot-14.jpg 600w, https:\/\/depto51.cl\/blog\/wp-content\/uploads\/2015\/04\/DEPTO51-Francine-Rosselot-14-500x333.jpg 500w\" sizes=\"(max-width: 600px) 100vw, 600px\" \/><\/p>\n<p><a href=\"http:\/\/depto51.cl\/marca\/honeycomb-balls\" target=\"_blank\"><img loading=\"lazy\" class=\"alignnone size-full wp-image-29341\" alt=\"gtl1\" src=\"https:\/\/depto51.cl\/blog\/wp-content\/uploads\/2015\/04\/gtl1.jpg\" width=\"600\" height=\"400\" srcset=\"https:\/\/depto51.cl\/blog\/wp-content\/uploads\/2015\/04\/gtl1.jpg 600w, https:\/\/depto51.cl\/blog\/wp-content\/uploads\/2015\/04\/gtl1-500x333.jpg 500w\" sizes=\"(max-width: 600px) 100vw, 600px\" \/><\/a><\/p>\n<p><strong>\u00bfQu\u00e9 nombre le pondr\u00edas al estilo en que la decoraron?<\/strong><br \/>\nCreo que es un estilo bastante ecl\u00e9ctico. Es una buena mezcla de lo que nos gusta a los dos. Ambos tenemos un gran inter\u00e9s en el dise\u00f1o y el arte. Lo que ponemos en los muros nos parece muy importante. Mezclamos cosas modernas y antiguas, tenemos una preocupaci\u00f3n especial por intentar armar espacios entretenidos, con mucho color y acogedores. Los libros y la m\u00fasica son un elementos muy importante en la casa. Hicimos un mueble especial para lucir los libros, para poder mirarlos.<\/p>\n<p><img loading=\"lazy\" class=\"alignnone size-full wp-image-29342\" alt=\"DEPTO51 Francine Rosselot-7\" src=\"https:\/\/depto51.cl\/blog\/wp-content\/uploads\/2015\/04\/DEPTO51-Francine-Rosselot-7.jpg\" width=\"600\" height=\"400\" srcset=\"https:\/\/depto51.cl\/blog\/wp-content\/uploads\/2015\/04\/DEPTO51-Francine-Rosselot-7.jpg 600w, https:\/\/depto51.cl\/blog\/wp-content\/uploads\/2015\/04\/DEPTO51-Francine-Rosselot-7-500x333.jpg 500w\" sizes=\"(max-width: 600px) 100vw, 600px\" \/><\/p>\n<p><img loading=\"lazy\" class=\"alignnone size-full wp-image-29343\" alt=\"DEPTO51 Francine Rosselot-8\" src=\"https:\/\/depto51.cl\/blog\/wp-content\/uploads\/2015\/04\/DEPTO51-Francine-Rosselot-8.jpg\" width=\"600\" height=\"690\" srcset=\"https:\/\/depto51.cl\/blog\/wp-content\/uploads\/2015\/04\/DEPTO51-Francine-Rosselot-8.jpg 600w, https:\/\/depto51.cl\/blog\/wp-content\/uploads\/2015\/04\/DEPTO51-Francine-Rosselot-8-434x500.jpg 434w\" sizes=\"(max-width: 600px) 100vw, 600px\" \/><\/p>\n<p><img loading=\"lazy\" class=\"alignnone size-full wp-image-29344\" alt=\"DEPTO51 Francine Rosselot-15\" src=\"https:\/\/depto51.cl\/blog\/wp-content\/uploads\/2015\/04\/DEPTO51-Francine-Rosselot-15.jpg\" width=\"600\" height=\"400\" srcset=\"https:\/\/depto51.cl\/blog\/wp-content\/uploads\/2015\/04\/DEPTO51-Francine-Rosselot-15.jpg 600w, https:\/\/depto51.cl\/blog\/wp-content\/uploads\/2015\/04\/DEPTO51-Francine-Rosselot-15-500x333.jpg 500w\" sizes=\"(max-width: 600px) 100vw, 600px\" \/><\/p>\n<p><img loading=\"lazy\" class=\"alignnone size-full wp-image-29345\" alt=\"DEPTO51 Francine Rosselot-16\" src=\"https:\/\/depto51.cl\/blog\/wp-content\/uploads\/2015\/04\/DEPTO51-Francine-Rosselot-16.jpg\" width=\"600\" height=\"400\" srcset=\"https:\/\/depto51.cl\/blog\/wp-content\/uploads\/2015\/04\/DEPTO51-Francine-Rosselot-16.jpg 600w, https:\/\/depto51.cl\/blog\/wp-content\/uploads\/2015\/04\/DEPTO51-Francine-Rosselot-16-500x333.jpg 500w\" sizes=\"(max-width: 600px) 100vw, 600px\" \/><\/p>\n<p><strong>\u00bfDe d\u00f3nde son las cosas que tienen?<\/strong><br \/>\nDe una infinidad de partes. Hay un mont\u00f3n de cosas homemade, grabados hechos por m\u00ed (Francine) y por amigos, cojines y repisas. Mi mam\u00e1 nos hizo los cubrecamas de patchwork para las ni\u00f1itas y teji\u00f3 la alfombra del living. Hemos comprado cosas en anticuarios, tiendas de dise\u00f1o y viajes.<\/p>\n<p><img loading=\"lazy\" class=\"alignnone size-full wp-image-29346\" alt=\"DEPTO51 Francine Rosselot-18\" src=\"https:\/\/depto51.cl\/blog\/wp-content\/uploads\/2015\/04\/DEPTO51-Francine-Rosselot-18.jpg\" width=\"600\" height=\"400\" srcset=\"https:\/\/depto51.cl\/blog\/wp-content\/uploads\/2015\/04\/DEPTO51-Francine-Rosselot-18.jpg 600w, https:\/\/depto51.cl\/blog\/wp-content\/uploads\/2015\/04\/DEPTO51-Francine-Rosselot-18-500x333.jpg 500w\" sizes=\"(max-width: 600px) 100vw, 600px\" \/><\/p>\n<p><img loading=\"lazy\" class=\"alignnone size-full wp-image-29347\" alt=\"DEPTO51 Francine Rosselot-19\" src=\"https:\/\/depto51.cl\/blog\/wp-content\/uploads\/2015\/04\/DEPTO51-Francine-Rosselot-19.jpg\" width=\"600\" height=\"400\" srcset=\"https:\/\/depto51.cl\/blog\/wp-content\/uploads\/2015\/04\/DEPTO51-Francine-Rosselot-19.jpg 600w, https:\/\/depto51.cl\/blog\/wp-content\/uploads\/2015\/04\/DEPTO51-Francine-Rosselot-19-500x333.jpg 500w\" sizes=\"(max-width: 600px) 100vw, 600px\" \/><\/p>\n<p><a href=\"http:\/\/depto51.cl\/marca\/ferm-living\" target=\"_blank\"><img loading=\"lazy\" class=\"alignnone size-full wp-image-29348\" alt=\"glt2\" src=\"https:\/\/depto51.cl\/blog\/wp-content\/uploads\/2015\/04\/glt2.jpg\" width=\"600\" height=\"400\" srcset=\"https:\/\/depto51.cl\/blog\/wp-content\/uploads\/2015\/04\/glt2.jpg 600w, https:\/\/depto51.cl\/blog\/wp-content\/uploads\/2015\/04\/glt2-500x333.jpg 500w\" sizes=\"(max-width: 600px) 100vw, 600px\" \/><\/a><\/p>\n<p><strong>\u00bfQu\u00e9 es lo que m\u00e1s les gusta hacer en su casa?<\/strong><br \/>\nNos gusta mucho estar aqu\u00ed en familia y, por lo mismo, hicimos una casa donde los espacios son para todos: ni\u00f1os y adultos. No escondemos los juguetes, estos tambi\u00e9n tienen su espacio en el living. La cocina, si bien no es grande, la pensamos para pasar ah\u00ed mucho tiempo. Siempre cocinamos y comemos los cuatro juntos. Como nos gusta harto cocinar tambi\u00e9n nos encanta invitar a nuestros amigos.<\/p>\n<p><img loading=\"lazy\" class=\"alignnone size-full wp-image-29349\" alt=\"DEPTO51 Francine Rosselot-25\" src=\"https:\/\/depto51.cl\/blog\/wp-content\/uploads\/2015\/04\/DEPTO51-Francine-Rosselot-25.jpg\" width=\"600\" height=\"400\" srcset=\"https:\/\/depto51.cl\/blog\/wp-content\/uploads\/2015\/04\/DEPTO51-Francine-Rosselot-25.jpg 600w, https:\/\/depto51.cl\/blog\/wp-content\/uploads\/2015\/04\/DEPTO51-Francine-Rosselot-25-500x333.jpg 500w\" sizes=\"(max-width: 600px) 100vw, 600px\" \/><\/p>\n<p><a href=\"http:\/\/depto51.cl\/buscar?where=&amp;pursuit=3+sprouts\" target=\"_blank\"><img loading=\"lazy\" class=\"alignnone size-full wp-image-29352\" alt=\"gtl3\" src=\"https:\/\/depto51.cl\/blog\/wp-content\/uploads\/2015\/04\/gtl3.jpg\" width=\"600\" height=\"400\" srcset=\"https:\/\/depto51.cl\/blog\/wp-content\/uploads\/2015\/04\/gtl3.jpg 600w, https:\/\/depto51.cl\/blog\/wp-content\/uploads\/2015\/04\/gtl3-500x333.jpg 500w\" sizes=\"(max-width: 600px) 100vw, 600px\" \/><\/a><\/p>\n<p><img loading=\"lazy\" class=\"alignnone size-full wp-image-29350\" alt=\"DEPTO51 Francine Rosselot-26\" src=\"https:\/\/depto51.cl\/blog\/wp-content\/uploads\/2015\/04\/DEPTO51-Francine-Rosselot-26.jpg\" width=\"600\" height=\"400\" srcset=\"https:\/\/depto51.cl\/blog\/wp-content\/uploads\/2015\/04\/DEPTO51-Francine-Rosselot-26.jpg 600w, https:\/\/depto51.cl\/blog\/wp-content\/uploads\/2015\/04\/DEPTO51-Francine-Rosselot-26-500x333.jpg 500w\" sizes=\"(max-width: 600px) 100vw, 600px\" \/><\/p>\n<p><img loading=\"lazy\" class=\"alignnone size-full wp-image-29351\" alt=\"foto1\" src=\"https:\/\/depto51.cl\/blog\/wp-content\/uploads\/2015\/04\/foto1.jpg\" width=\"600\" height=\"450\" srcset=\"https:\/\/depto51.cl\/blog\/wp-content\/uploads\/2015\/04\/foto1.jpg 600w, https:\/\/depto51.cl\/blog\/wp-content\/uploads\/2015\/04\/foto1-500x375.jpg 500w\" sizes=\"(max-width: 600px) 100vw, 600px\" \/><\/p>\n<p><strong>Cu\u00e9ntanos sobre su trabajo y proyectos<\/strong><br \/>\nDesde 2011 que trabajo en mi propia oficina llamada <a href=\"http:\/\/www.ulmoestudio.com\" target=\"_blank\">Ulmo Dise\u00f1o<\/a>. Desarrollamos identidades corporativas, trabajo editorial y web, con un especial cuidado por los detalles y por hacer de cada proyecto una pieza \u00fanica.<br \/>\nFelipe es director de estrategia en la agencia digital <a href=\"http:\/\/www.reactor.cl\" target=\"_blank\">Reactor<\/a>, que form\u00f3 hace siete a\u00f1os. Tiene a su cargo el dise\u00f1o estrat\u00e9gico de proyectos de marketing y comunicaci\u00f3n para diversas empresas y organizaciones.<\/p>\n<p><img loading=\"lazy\" class=\"alignnone size-full wp-image-29354\" alt=\"DEPTO51 Francine Rosselot-21\" src=\"https:\/\/depto51.cl\/blog\/wp-content\/uploads\/2015\/04\/DEPTO51-Francine-Rosselot-21.jpg\" width=\"600\" height=\"400\" srcset=\"https:\/\/depto51.cl\/blog\/wp-content\/uploads\/2015\/04\/DEPTO51-Francine-Rosselot-21.jpg 600w, https:\/\/depto51.cl\/blog\/wp-content\/uploads\/2015\/04\/DEPTO51-Francine-Rosselot-21-500x333.jpg 500w\" sizes=\"(max-width: 600px) 100vw, 600px\" \/><\/p>\n<p><a href=\"http:\/\/depto51.cl\/marca\/zuperzozial\" target=\"_blank\"><img loading=\"lazy\" class=\"alignnone size-full wp-image-29358\" alt=\"gtl4\" src=\"https:\/\/depto51.cl\/blog\/wp-content\/uploads\/2015\/04\/gtl4.jpg\" width=\"600\" height=\"400\" srcset=\"https:\/\/depto51.cl\/blog\/wp-content\/uploads\/2015\/04\/gtl4.jpg 600w, https:\/\/depto51.cl\/blog\/wp-content\/uploads\/2015\/04\/gtl4-500x333.jpg 500w\" sizes=\"(max-width: 600px) 100vw, 600px\" \/><\/a><\/p>\n<p><img loading=\"lazy\" class=\"alignnone size-full wp-image-29356\" alt=\"DEPTO51 Francine Rosselot-23\" src=\"https:\/\/depto51.cl\/blog\/wp-content\/uploads\/2015\/04\/DEPTO51-Francine-Rosselot-23.jpg\" width=\"600\" height=\"400\" srcset=\"https:\/\/depto51.cl\/blog\/wp-content\/uploads\/2015\/04\/DEPTO51-Francine-Rosselot-23.jpg 600w, https:\/\/depto51.cl\/blog\/wp-content\/uploads\/2015\/04\/DEPTO51-Francine-Rosselot-23-500x333.jpg 500w\" sizes=\"(max-width: 600px) 100vw, 600px\" \/><\/p>\n<p><img loading=\"lazy\" class=\"alignnone size-full wp-image-29357\" alt=\"foto2\" src=\"https:\/\/depto51.cl\/blog\/wp-content\/uploads\/2015\/04\/foto2.jpg\" width=\"600\" height=\"440\" srcset=\"https:\/\/depto51.cl\/blog\/wp-content\/uploads\/2015\/04\/foto2.jpg 600w, https:\/\/depto51.cl\/blog\/wp-content\/uploads\/2015\/04\/foto2-500x366.jpg 500w\" sizes=\"(max-width: 600px) 100vw, 600px\" \/><\/p>\n<p style=\"text-align: center;\"><strong>GET THE LOOK<\/strong><\/p>\n<p>1- <a href=\"http:\/\/depto51.cl\/marca\/honeycomb-balls\" target=\"_blank\">HONEYCOMB BALLS<\/a><br \/>\n2. Cojines <a href=\"http:\/\/depto51.cl\/marca\/ferm-living\" target=\"_blank\">Ferm Living<\/a><br \/>\n3. Nueva marca para ni\u00f1os <a href=\"http:\/\/depto51.cl\/buscar?where=&amp;pursuit=3+sprouts\" target=\"_blank\">3 SPROUTS<\/a><br \/>\n4. B\u00e1sicos para mesa y cocina <a href=\"http:\/\/depto51.cl\/marca\/zuperzozial\" target=\"_blank\">ZUPERZOZIAL<\/a><\/p>\n","protected":false},"excerpt":{"rendered":"<p>Este nuevo departamento de una dise\u00f1adora gr\u00e1fica y un periodista est\u00e1 pensado como un \u00fanico lugar para ni\u00f1os y padres. Los ambientes son acogedores y hay diversos colores y estilos que la hacen \u00fanica. Pasa a mirar. Sigue los tri\u00e1ngulos de las fotos y saca ideas inspiradas en este Home Tour \ud83d\ude42 Fotos por: Sebasti\u00e1n&#8230;<\/p>\n","protected":false},"author":1,"featured_media":29337,"comment_status":"open","ping_status":"open","sticky":false,"template":"","format":"standard","meta":[],"categories":[11],"tags":[273,37,967,966,138,677],"acf":[],"_links":{"self":[{"href":"https:\/\/depto51.cl\/blog\/wp-json\/wp\/v2\/posts\/29335"}],"collection":[{"href":"https:\/\/depto51.cl\/blog\/wp-json\/wp\/v2\/posts"}],"about":[{"href":"https:\/\/depto51.cl\/blog\/wp-json\/wp\/v2\/types\/post"}],"author":[{"embeddable":true,"href":"https:\/\/depto51.cl\/blog\/wp-json\/wp\/v2\/users\/1"}],"replies":[{"embeddable":true,"href":"https:\/\/depto51.cl\/blog\/wp-json\/wp\/v2\/comments?post=29335"}],"version-history":[{"count":0,"href":"https:\/\/depto51.cl\/blog\/wp-json\/wp\/v2\/posts\/29335\/revisions"}],"wp:featuredmedia":[{"embeddable":true,"href":"https:\/\/depto51.cl\/blog\/wp-json\/wp\/v2\/media\/29337"}],"wp:attachment":[{"href":"https:\/\/depto51.cl\/blog\/wp-json\/wp\/v2\/media?parent=29335"}],"wp:term":[{"taxonomy":"category","embeddable":true,"href":"https:\/\/depto51.cl\/blog\/wp-json\/wp\/v2\/categories?post=29335"},{"taxonomy":"post_tag","embeddable":true,"href":"https:\/\/depto51.cl\/blog\/wp-json\/wp\/v2\/tags?post=29335"}],"curies":[{"name":"wp","href":"https:\/\/api.w.org\/{rel}","templated":true}]}}