

{"id":29218,"date":"2015-03-31T08:00:46","date_gmt":"2015-03-31T12:00:46","guid":{"rendered":"https:\/\/depto51.cl\/blog\/?p=29218"},"modified":"2015-04-08T14:55:26","modified_gmt":"2015-04-08T18:55:26","slug":"angela-poblete-e-ivan-guerrero-periodistas","status":"publish","type":"post","link":"https:\/\/depto51.cl\/blog\/2015\/03\/31\/angela-poblete-e-ivan-guerrero-periodistas\/","title":{"rendered":"\u00c1ngela Poblete e Iv\u00e1n Guerrero, periodistas"},"content":{"rendered":"<p>En el nuevo Home Tour fuimos a conocer el depto de \u00c1ngela Poblete, Directora de <a href=\"http:\/\/www.fabula.cl\/\" target=\"_blank\">F\u00e1bula TV<\/a>, e Iv\u00e1n Guerrero, conductor de Un Pa\u00eds Generoso en <a href=\"http:\/\/www.radiozero.cl\/\" target=\"_blank\">Radio Zero<\/a>, adem\u00e1s de los ni\u00f1os Iv\u00e1n de 8 meses y Julieta de 8 a\u00f1os. Los rincones reflejan sus pasiones, mucha literatura, m\u00fasica y diferentes espacios infantiles con objetos hechos mano. Pasen a mirar.<\/p>\n<p>Mira nuestros productos inspirados en los<a href=\"http:\/\/depto51.cl\/catalogo\/favoritos-home-tours\" target=\"_blank\"> Home Tour<\/a> \ud83d\ude42<br \/>\nFotos por: <a href=\"http:\/\/sebastianmilla.com\/\" target=\"_blank\">Sebasti\u00e1n Milla<\/a><\/p>\n<p><img loading=\"lazy\" class=\"alignnone size-full wp-image-29224\" alt=\"Depto51 Angela e Ivan-1\" src=\"https:\/\/depto51.cl\/blog\/wp-content\/uploads\/2015\/03\/Depto51-Angela-e-Ivan-1.jpg\" width=\"600\" height=\"400\" srcset=\"https:\/\/depto51.cl\/blog\/wp-content\/uploads\/2015\/03\/Depto51-Angela-e-Ivan-1.jpg 600w, https:\/\/depto51.cl\/blog\/wp-content\/uploads\/2015\/03\/Depto51-Angela-e-Ivan-1-500x333.jpg 500w\" sizes=\"(max-width: 600px) 100vw, 600px\" \/><\/p>\n<p><strong>\u00bfDesde cu\u00e1ndo que vives aqu\u00ed?<\/strong><br \/>\nVivimos en este departamento hace 1 a\u00f1o y medio.<\/p>\n<p><strong>\u00bfC\u00f3mo llegaste y por qu\u00e9 elegiste esta casa?<\/strong><br \/>\nCuando quedamos esperando guagua empezamos a buscar un depto m\u00e1s grande, porque el que anterior s\u00f3lo ten\u00eda dos dormitorios. El primer d\u00eda de b\u00fasqueda dimos con este y nos enamoramos. Afortunadamente, a los due\u00f1os les ca\u00edmos bien y nos lo dieron a nosotros, porque hab\u00eda muchos interesados. Nos encanta su luz, el piso, la amplitud de los espacios, las piezas grandes y el balconcito estilo franc\u00e9s.<\/p>\n<p><img loading=\"lazy\" class=\"alignnone size-full wp-image-29227\" alt=\"Depto51 Angela e Ivan-4\" src=\"https:\/\/depto51.cl\/blog\/wp-content\/uploads\/2015\/03\/Depto51-Angela-e-Ivan-4.jpg\" width=\"600\" height=\"400\" srcset=\"https:\/\/depto51.cl\/blog\/wp-content\/uploads\/2015\/03\/Depto51-Angela-e-Ivan-4.jpg 600w, https:\/\/depto51.cl\/blog\/wp-content\/uploads\/2015\/03\/Depto51-Angela-e-Ivan-4-500x333.jpg 500w\" sizes=\"(max-width: 600px) 100vw, 600px\" \/><\/p>\n<p><img loading=\"lazy\" class=\"alignnone size-full wp-image-29228\" alt=\"Depto51 Angela e Ivan-5\" src=\"https:\/\/depto51.cl\/blog\/wp-content\/uploads\/2015\/03\/Depto51-Angela-e-Ivan-5.jpg\" width=\"600\" height=\"400\" srcset=\"https:\/\/depto51.cl\/blog\/wp-content\/uploads\/2015\/03\/Depto51-Angela-e-Ivan-5.jpg 600w, https:\/\/depto51.cl\/blog\/wp-content\/uploads\/2015\/03\/Depto51-Angela-e-Ivan-5-500x333.jpg 500w\" sizes=\"(max-width: 600px) 100vw, 600px\" \/><\/p>\n<p><img loading=\"lazy\" class=\"alignnone size-full wp-image-29229\" alt=\"Depto51 Angela e Ivan-6\" src=\"https:\/\/depto51.cl\/blog\/wp-content\/uploads\/2015\/03\/Depto51-Angela-e-Ivan-6.jpg\" width=\"600\" height=\"400\" srcset=\"https:\/\/depto51.cl\/blog\/wp-content\/uploads\/2015\/03\/Depto51-Angela-e-Ivan-6.jpg 600w, https:\/\/depto51.cl\/blog\/wp-content\/uploads\/2015\/03\/Depto51-Angela-e-Ivan-6-500x333.jpg 500w\" sizes=\"(max-width: 600px) 100vw, 600px\" \/><\/p>\n<p><img loading=\"lazy\" class=\"alignnone size-full wp-image-29230\" alt=\"Depto51 Angela e Ivan-7\" src=\"https:\/\/depto51.cl\/blog\/wp-content\/uploads\/2015\/03\/Depto51-Angela-e-Ivan-7.jpg\" width=\"600\" height=\"400\" srcset=\"https:\/\/depto51.cl\/blog\/wp-content\/uploads\/2015\/03\/Depto51-Angela-e-Ivan-7.jpg 600w, https:\/\/depto51.cl\/blog\/wp-content\/uploads\/2015\/03\/Depto51-Angela-e-Ivan-7-500x333.jpg 500w\" sizes=\"(max-width: 600px) 100vw, 600px\" \/><\/p>\n<p><img loading=\"lazy\" class=\"alignnone size-full wp-image-29231\" alt=\"Depto51 Angela e Ivan-8\" src=\"https:\/\/depto51.cl\/blog\/wp-content\/uploads\/2015\/03\/Depto51-Angela-e-Ivan-8.jpg\" width=\"600\" height=\"400\" srcset=\"https:\/\/depto51.cl\/blog\/wp-content\/uploads\/2015\/03\/Depto51-Angela-e-Ivan-8.jpg 600w, https:\/\/depto51.cl\/blog\/wp-content\/uploads\/2015\/03\/Depto51-Angela-e-Ivan-8-500x333.jpg 500w\" sizes=\"(max-width: 600px) 100vw, 600px\" \/><\/p>\n<p><strong>\u00bfQu\u00e9 nombre le pondr\u00edas al estilo en que la decoraste?<\/strong><br \/>\nNo sabr\u00eda ponerle un nombre, tiene que ver con nuestros gustos y pasiones: un rinc\u00f3n para la m\u00fasica, un rinc\u00f3n para la lectura, un buen espacio para compartir con los amigos en torno a la comida. Nuestra mayor obsesi\u00f3n es la calidez, el calor de hogar. \u00daltimamente el tema decoraci\u00f3n ha pasado a segundo plano, porque la casa est\u00e1 llena de juguetes y toda clase de \u00abdevices\u00bb de guagua, que han invadido el espacio. Eso le ha dado un colorido y una alegr\u00eda muy especial a nuestro hogar.<\/p>\n<p><strong>\u00bfDe d\u00f3nde son las cosas que tienes?<\/strong><br \/>\nA principio muchas cosas eran de mi depto de soltera y con los meses hemos ido d\u00e1ndole una identidad de pareja. Muchas cosas las he hecho yo misma tambi\u00e9n. Especialmente en la pieza de nuestro hijo, le hice un m\u00f3vil, un librero grande, bastidores que bord\u00e9 yo misma y en los espacios comunes he instalado mis telares, cuadritos hechos por m\u00ed, frascos con monos. Me fascina todo lo que uno puede hacer con sus propias manos, aunque sean cosas imperfectas. Incluso mejor que lo sean.<\/p>\n<p><img loading=\"lazy\" class=\"alignnone size-full wp-image-29232\" alt=\"Depto51 Angela e Ivan-11\" src=\"https:\/\/depto51.cl\/blog\/wp-content\/uploads\/2015\/03\/Depto51-Angela-e-Ivan-11.jpg\" width=\"600\" height=\"400\" srcset=\"https:\/\/depto51.cl\/blog\/wp-content\/uploads\/2015\/03\/Depto51-Angela-e-Ivan-11.jpg 600w, https:\/\/depto51.cl\/blog\/wp-content\/uploads\/2015\/03\/Depto51-Angela-e-Ivan-11-500x333.jpg 500w\" sizes=\"(max-width: 600px) 100vw, 600px\" \/><\/p>\n<p><img loading=\"lazy\" class=\"alignnone size-full wp-image-29233\" alt=\"Depto51 Angela e Ivan-12\" src=\"https:\/\/depto51.cl\/blog\/wp-content\/uploads\/2015\/03\/Depto51-Angela-e-Ivan-12.jpg\" width=\"600\" height=\"900\" srcset=\"https:\/\/depto51.cl\/blog\/wp-content\/uploads\/2015\/03\/Depto51-Angela-e-Ivan-12.jpg 600w, https:\/\/depto51.cl\/blog\/wp-content\/uploads\/2015\/03\/Depto51-Angela-e-Ivan-12-333x500.jpg 333w\" sizes=\"(max-width: 600px) 100vw, 600px\" \/><\/p>\n<p><img loading=\"lazy\" class=\"alignnone size-full wp-image-29234\" alt=\"Depto51 Angela e Ivan-13\" src=\"https:\/\/depto51.cl\/blog\/wp-content\/uploads\/2015\/03\/Depto51-Angela-e-Ivan-13.jpg\" width=\"600\" height=\"400\" srcset=\"https:\/\/depto51.cl\/blog\/wp-content\/uploads\/2015\/03\/Depto51-Angela-e-Ivan-13.jpg 600w, https:\/\/depto51.cl\/blog\/wp-content\/uploads\/2015\/03\/Depto51-Angela-e-Ivan-13-500x333.jpg 500w\" sizes=\"(max-width: 600px) 100vw, 600px\" \/><\/p>\n<p><img loading=\"lazy\" class=\"alignnone size-full wp-image-29235\" alt=\"Depto51 Angela e Ivan-14\" src=\"https:\/\/depto51.cl\/blog\/wp-content\/uploads\/2015\/03\/Depto51-Angela-e-Ivan-14.jpg\" width=\"600\" height=\"400\" srcset=\"https:\/\/depto51.cl\/blog\/wp-content\/uploads\/2015\/03\/Depto51-Angela-e-Ivan-14.jpg 600w, https:\/\/depto51.cl\/blog\/wp-content\/uploads\/2015\/03\/Depto51-Angela-e-Ivan-14-500x333.jpg 500w\" sizes=\"(max-width: 600px) 100vw, 600px\" \/><\/p>\n<p><strong>\u00bfQu\u00e9 es lo que m\u00e1s te gusta hacer en tu casa?<\/strong><br \/>\nPrimero es un refugio para nosotros como pareja, conversar, escuchar m\u00fasica, ver pel\u00edculas, cocinar. Que compartimos con nuestros hijos para jugar, contar cuentos y re\u00edrnos. Tambi\u00e9n nos gusta compartir con amigos y familiares.<\/p>\n<p><img loading=\"lazy\" class=\"alignnone size-full wp-image-29236\" alt=\"Depto51 Angela e Ivan-15\" src=\"https:\/\/depto51.cl\/blog\/wp-content\/uploads\/2015\/03\/Depto51-Angela-e-Ivan-15.jpg\" width=\"600\" height=\"400\" srcset=\"https:\/\/depto51.cl\/blog\/wp-content\/uploads\/2015\/03\/Depto51-Angela-e-Ivan-15.jpg 600w, https:\/\/depto51.cl\/blog\/wp-content\/uploads\/2015\/03\/Depto51-Angela-e-Ivan-15-500x333.jpg 500w\" sizes=\"(max-width: 600px) 100vw, 600px\" \/><\/p>\n<p><img loading=\"lazy\" class=\"alignnone size-full wp-image-29237\" alt=\"Depto51 Angela e Ivan-16\" src=\"https:\/\/depto51.cl\/blog\/wp-content\/uploads\/2015\/03\/Depto51-Angela-e-Ivan-16.jpg\" width=\"600\" height=\"400\" srcset=\"https:\/\/depto51.cl\/blog\/wp-content\/uploads\/2015\/03\/Depto51-Angela-e-Ivan-16.jpg 600w, https:\/\/depto51.cl\/blog\/wp-content\/uploads\/2015\/03\/Depto51-Angela-e-Ivan-16-500x333.jpg 500w\" sizes=\"(max-width: 600px) 100vw, 600px\" \/><\/p>\n<p><img loading=\"lazy\" class=\"alignnone size-full wp-image-29238\" alt=\"Depto51 Angela e Ivan-17\" src=\"https:\/\/depto51.cl\/blog\/wp-content\/uploads\/2015\/03\/Depto51-Angela-e-Ivan-17.jpg\" width=\"600\" height=\"400\" srcset=\"https:\/\/depto51.cl\/blog\/wp-content\/uploads\/2015\/03\/Depto51-Angela-e-Ivan-17.jpg 600w, https:\/\/depto51.cl\/blog\/wp-content\/uploads\/2015\/03\/Depto51-Angela-e-Ivan-17-500x333.jpg 500w\" sizes=\"(max-width: 600px) 100vw, 600px\" \/><\/p>\n<p><img loading=\"lazy\" class=\"alignnone size-full wp-image-29239\" alt=\"Depto51 Angela e Ivan-19\" src=\"https:\/\/depto51.cl\/blog\/wp-content\/uploads\/2015\/03\/Depto51-Angela-e-Ivan-19.jpg\" width=\"600\" height=\"400\" srcset=\"https:\/\/depto51.cl\/blog\/wp-content\/uploads\/2015\/03\/Depto51-Angela-e-Ivan-19.jpg 600w, https:\/\/depto51.cl\/blog\/wp-content\/uploads\/2015\/03\/Depto51-Angela-e-Ivan-19-500x333.jpg 500w\" sizes=\"(max-width: 600px) 100vw, 600px\" \/><\/p>\n<p><img loading=\"lazy\" class=\"alignnone size-full wp-image-29240\" alt=\"Depto51 Angela e Ivan-20\" src=\"https:\/\/depto51.cl\/blog\/wp-content\/uploads\/2015\/03\/Depto51-Angela-e-Ivan-20.jpg\" width=\"600\" height=\"400\" srcset=\"https:\/\/depto51.cl\/blog\/wp-content\/uploads\/2015\/03\/Depto51-Angela-e-Ivan-20.jpg 600w, https:\/\/depto51.cl\/blog\/wp-content\/uploads\/2015\/03\/Depto51-Angela-e-Ivan-20-500x333.jpg 500w\" sizes=\"(max-width: 600px) 100vw, 600px\" \/><\/p>\n<p><img loading=\"lazy\" class=\"alignnone size-full wp-image-29241\" alt=\"Depto51 Angela e Ivan-21\" src=\"https:\/\/depto51.cl\/blog\/wp-content\/uploads\/2015\/03\/Depto51-Angela-e-Ivan-21.jpg\" width=\"600\" height=\"400\" srcset=\"https:\/\/depto51.cl\/blog\/wp-content\/uploads\/2015\/03\/Depto51-Angela-e-Ivan-21.jpg 600w, https:\/\/depto51.cl\/blog\/wp-content\/uploads\/2015\/03\/Depto51-Angela-e-Ivan-21-500x333.jpg 500w\" sizes=\"(max-width: 600px) 100vw, 600px\" \/><\/p>\n<p><strong>Cu\u00e9ntanos sobre tu trabajo y proyectos<\/strong><br \/>\nSoy Directora de F\u00e1bula Tv, una productora de televisi\u00f3n hermana de F\u00e1bula, la productor de Juan de Dios y Pablo Larra\u00edn que se dedica al cine y la publicidad. Este proyecto que me tiene enamorada, est\u00e1 reci\u00e9n partiendo y ya tenemos proyectos alucinantes que nos tienen a todos muy entusiasmados.<\/p>\n<p><img loading=\"lazy\" class=\"alignnone size-full wp-image-29242\" alt=\"Depto51 Angela e Ivan-23\" src=\"https:\/\/depto51.cl\/blog\/wp-content\/uploads\/2015\/03\/Depto51-Angela-e-Ivan-23.jpg\" width=\"600\" height=\"400\" srcset=\"https:\/\/depto51.cl\/blog\/wp-content\/uploads\/2015\/03\/Depto51-Angela-e-Ivan-23.jpg 600w, https:\/\/depto51.cl\/blog\/wp-content\/uploads\/2015\/03\/Depto51-Angela-e-Ivan-23-500x333.jpg 500w\" sizes=\"(max-width: 600px) 100vw, 600px\" \/><\/p>\n<p><img loading=\"lazy\" class=\"alignnone size-full wp-image-29243\" alt=\"Depto51 Angela e Ivan-26\" src=\"https:\/\/depto51.cl\/blog\/wp-content\/uploads\/2015\/03\/Depto51-Angela-e-Ivan-26.jpg\" width=\"600\" height=\"400\" srcset=\"https:\/\/depto51.cl\/blog\/wp-content\/uploads\/2015\/03\/Depto51-Angela-e-Ivan-26.jpg 600w, https:\/\/depto51.cl\/blog\/wp-content\/uploads\/2015\/03\/Depto51-Angela-e-Ivan-26-500x333.jpg 500w\" sizes=\"(max-width: 600px) 100vw, 600px\" \/><\/p>\n<p><img loading=\"lazy\" class=\"alignnone size-full wp-image-29244\" alt=\"Depto51 Angela e Ivan-32\" src=\"https:\/\/depto51.cl\/blog\/wp-content\/uploads\/2015\/03\/Depto51-Angela-e-Ivan-32.jpg\" width=\"600\" height=\"400\" srcset=\"https:\/\/depto51.cl\/blog\/wp-content\/uploads\/2015\/03\/Depto51-Angela-e-Ivan-32.jpg 600w, https:\/\/depto51.cl\/blog\/wp-content\/uploads\/2015\/03\/Depto51-Angela-e-Ivan-32-500x333.jpg 500w\" sizes=\"(max-width: 600px) 100vw, 600px\" \/><\/p>\n<p><img loading=\"lazy\" class=\"alignnone size-full wp-image-29245\" alt=\"Depto51 Angela e Ivan-33\" src=\"https:\/\/depto51.cl\/blog\/wp-content\/uploads\/2015\/03\/Depto51-Angela-e-Ivan-33.jpg\" width=\"600\" height=\"400\" srcset=\"https:\/\/depto51.cl\/blog\/wp-content\/uploads\/2015\/03\/Depto51-Angela-e-Ivan-33.jpg 600w, https:\/\/depto51.cl\/blog\/wp-content\/uploads\/2015\/03\/Depto51-Angela-e-Ivan-33-500x333.jpg 500w\" sizes=\"(max-width: 600px) 100vw, 600px\" \/><\/p>\n<p><img loading=\"lazy\" class=\"alignnone size-full wp-image-29246\" alt=\"Depto51 Angela e Ivan-34\" src=\"https:\/\/depto51.cl\/blog\/wp-content\/uploads\/2015\/03\/Depto51-Angela-e-Ivan-34.jpg\" width=\"600\" height=\"400\" srcset=\"https:\/\/depto51.cl\/blog\/wp-content\/uploads\/2015\/03\/Depto51-Angela-e-Ivan-34.jpg 600w, https:\/\/depto51.cl\/blog\/wp-content\/uploads\/2015\/03\/Depto51-Angela-e-Ivan-34-500x333.jpg 500w\" sizes=\"(max-width: 600px) 100vw, 600px\" \/><\/p>\n","protected":false},"excerpt":{"rendered":"<p>En el nuevo Home Tour fuimos a conocer el depto de \u00c1ngela Poblete, Directora de F\u00e1bula TV, e Iv\u00e1n Guerrero, conductor de Un Pa\u00eds Generoso en Radio Zero, adem\u00e1s de los ni\u00f1os Iv\u00e1n de 8 meses y Julieta de 8 a\u00f1os. Los rincones reflejan sus pasiones, mucha literatura, m\u00fasica y diferentes espacios infantiles con objetos&#8230;<\/p>\n","protected":false},"author":1,"featured_media":29224,"comment_status":"open","ping_status":"open","sticky":false,"template":"","format":"standard","meta":[],"categories":[11],"tags":[959,273,35,138,958],"acf":[],"_links":{"self":[{"href":"https:\/\/depto51.cl\/blog\/wp-json\/wp\/v2\/posts\/29218"}],"collection":[{"href":"https:\/\/depto51.cl\/blog\/wp-json\/wp\/v2\/posts"}],"about":[{"href":"https:\/\/depto51.cl\/blog\/wp-json\/wp\/v2\/types\/post"}],"author":[{"embeddable":true,"href":"https:\/\/depto51.cl\/blog\/wp-json\/wp\/v2\/users\/1"}],"replies":[{"embeddable":true,"href":"https:\/\/depto51.cl\/blog\/wp-json\/wp\/v2\/comments?post=29218"}],"version-history":[{"count":0,"href":"https:\/\/depto51.cl\/blog\/wp-json\/wp\/v2\/posts\/29218\/revisions"}],"wp:featuredmedia":[{"embeddable":true,"href":"https:\/\/depto51.cl\/blog\/wp-json\/wp\/v2\/media\/29224"}],"wp:attachment":[{"href":"https:\/\/depto51.cl\/blog\/wp-json\/wp\/v2\/media?parent=29218"}],"wp:term":[{"taxonomy":"category","embeddable":true,"href":"https:\/\/depto51.cl\/blog\/wp-json\/wp\/v2\/categories?post=29218"},{"taxonomy":"post_tag","embeddable":true,"href":"https:\/\/depto51.cl\/blog\/wp-json\/wp\/v2\/tags?post=29218"}],"curies":[{"name":"wp","href":"https:\/\/api.w.org\/{rel}","templated":true}]}}