

{"id":29205,"date":"2015-03-30T11:16:31","date_gmt":"2015-03-30T15:16:31","guid":{"rendered":"https:\/\/depto51.cl\/blog\/?p=29205"},"modified":"2018-03-17T07:36:57","modified_gmt":"2018-03-17T11:36:57","slug":"mi-cocina-catalina-torm","status":"publish","type":"post","link":"https:\/\/depto51.cl\/blog\/2015\/03\/30\/mi-cocina-catalina-torm\/","title":{"rendered":"Mi Cocina: Catalina Torm"},"content":{"rendered":"<p>Gracias a la secci\u00f3n <a href=\"https:\/\/depto51.cl\/blog\/category\/columnas\/mi-escritorio-2\" target=\"_blank\">Mi Escritorio<\/a> hemos recibido colaboraciones de lindos y diferentes lugares de trabajo. Ahora queremos seguir conociendo nuevos espacios de las casas y deptos por lo que lanzamos Mi Cocina, una secci\u00f3n abierta, donde nos encantar\u00eda conocer el lugar donde muchos pasan tiempo cocinando, compartiendo y pas\u00e1ndolo bien.<\/p>\n<p>Para inaugurar tenemos la de Catalina Torm, fundadora de <a href=\"http:\/\/www.misegundavivienda.cl\" target=\"_blank\">Mi Segunda Vivienda<\/a>, que nos muestra su envidiable espacio para cocinar, donde tambi\u00e9n pasa tiempo con sus hijos, ojo que al final comparte una simple y rica receta de galletas.<\/p>\n<p><strong>Vitrinea en la secci\u00f3n <a href=\"http:\/\/depto51.cl\/catalogo\/mesa-y-cocina\" target=\"_blank\">Mesa y Cocina<\/a> de nuestra tienda \ud83d\ude09<\/strong><\/p>\n<p><img loading=\"lazy\" src=\"https:\/\/depto51.cl\/blog\/wp-content\/uploads\/2015\/03\/2.jpg\" alt=\"2\" width=\"600\" height=\"328\" class=\"alignnone size-full wp-image-29206\" srcset=\"https:\/\/depto51.cl\/blog\/wp-content\/uploads\/2015\/03\/2.jpg 600w, https:\/\/depto51.cl\/blog\/wp-content\/uploads\/2015\/03\/2-500x273.jpg 500w\" sizes=\"(max-width: 600px) 100vw, 600px\" \/><\/p>\n<p><strong>Dinos tu nombre y en qu\u00e9 trabajas: <\/strong><br \/>\nMi nombre es Catalina Torm, soy socia fundadora de Mi Segunda Vivienda, que es un emprendimiento que nace de la necesidad de contar con un portal inmobiliario que centralice la oferta de la segunda vivienda en Chile, en un solo lugar; y que de una mayor visibilidad a propiedades, loteos o proyectos en base a una clasificaci\u00f3n orientada a este mercado: MAR \u2013 LAGO \u2013 CAMPO \u2013 MONTA\u00d1A.<\/p>\n<p><strong>\u00bfC\u00f3mo armaste tu cocina?<\/strong><br \/>\nArmamos esta cocina cuando remodelamos la casa. Usamos el mismo lugar donde estaba pero la unimos a una pieza que estaba al lado y que da al jard\u00edn, donde instalamos el comedor de diario, pusimos un fut\u00f3n, libreros y la tele. De este modo, creamos un estar muy c\u00f3modo junto a la cocina misma, lo que la hace un recinto muy integrado al resto de la casa y que une el jard\u00edn delantero con el patio de atr\u00e1s.<br \/>\nDado el largo del espacio, pudimos hacer muchos muebles, en donde todo cabe ordenadamente. Incluso en los muebles que est\u00e1n cerca del comedor de diario alcanz\u00f3 el espacio para que los ni\u00f1os guarden juguetes y  juegos de mesa. Para los colores elegimos un tono pastel para las puertas, y el blanco para la  cubierta y el piso. Esto ayuda a darle m\u00e1s luminosidad. Los detalles en madera, los objetos de decoraci\u00f3n y la misma fruta aportan el toque de color.<\/p>\n<p><img loading=\"lazy\" src=\"https:\/\/depto51.cl\/blog\/wp-content\/uploads\/2015\/03\/4.jpg\" alt=\"4\" width=\"600\" height=\"352\" class=\"alignnone size-full wp-image-29207\" srcset=\"https:\/\/depto51.cl\/blog\/wp-content\/uploads\/2015\/03\/4.jpg 600w, https:\/\/depto51.cl\/blog\/wp-content\/uploads\/2015\/03\/4-500x293.jpg 500w\" sizes=\"(max-width: 600px) 100vw, 600px\" \/><\/p>\n<p><img loading=\"lazy\" src=\"https:\/\/depto51.cl\/blog\/wp-content\/uploads\/2015\/03\/5.jpg\" alt=\"5\" width=\"600\" height=\"358\" class=\"alignnone size-full wp-image-29208\" srcset=\"https:\/\/depto51.cl\/blog\/wp-content\/uploads\/2015\/03\/5.jpg 600w, https:\/\/depto51.cl\/blog\/wp-content\/uploads\/2015\/03\/5-500x298.jpg 500w\" sizes=\"(max-width: 600px) 100vw, 600px\" \/><\/p>\n<p><strong>Nombra tres elementos indispensables en tu cocina<\/strong><br \/>\n1. Una buena campana y una buena ventilaci\u00f3n natural son indispensables cuando se integra la cocina a otros espacios de la casa, ya que no es muy agradable que se pase a comida toda la casa.<br \/>\n2. El comedor de diario ya que permite de manera c\u00f3moda e informal reunir a la familia en torno a la mesa.<br \/>\n3. Mi s\u00faper refrigerador: amplio, con icemaker y lleno de fotos familiares!<\/p>\n<p><img loading=\"lazy\" src=\"https:\/\/depto51.cl\/blog\/wp-content\/uploads\/2015\/03\/14.jpg\" alt=\"14\" width=\"600\" height=\"337\" class=\"alignnone size-full wp-image-29209\" srcset=\"https:\/\/depto51.cl\/blog\/wp-content\/uploads\/2015\/03\/14.jpg 600w, https:\/\/depto51.cl\/blog\/wp-content\/uploads\/2015\/03\/14-500x280.jpg 500w\" sizes=\"(max-width: 600px) 100vw, 600px\" \/><\/p>\n<p><strong>\u00bfCu\u00e1les son tus objetos favoritos?<\/strong><br \/>\nLa pizarra magn\u00e9tica donde nuestros ni\u00f1os cuelgan todos sus dibujos, los frascos de vidrio con semillas, hierbas o granos y las macetas de greda con suculentas. Todos elementos muy sencillos de hacer y que son un gran aporte a la decoraci\u00f3n. Ayudan a que la cocina se vea acogedora, c\u00e1lida y llena de vida.<\/p>\n<p><img loading=\"lazy\" src=\"https:\/\/depto51.cl\/blog\/wp-content\/uploads\/2015\/03\/16.jpg\" alt=\"16\" width=\"600\" height=\"775\" class=\"alignnone size-full wp-image-29210\" srcset=\"https:\/\/depto51.cl\/blog\/wp-content\/uploads\/2015\/03\/16.jpg 600w, https:\/\/depto51.cl\/blog\/wp-content\/uploads\/2015\/03\/16-387x500.jpg 387w\" sizes=\"(max-width: 600px) 100vw, 600px\" \/><\/p>\n<p><img loading=\"lazy\" src=\"https:\/\/depto51.cl\/blog\/wp-content\/uploads\/2015\/03\/15.jpg\" alt=\"15\" width=\"600\" height=\"251\" class=\"alignnone size-full wp-image-29211\" srcset=\"https:\/\/depto51.cl\/blog\/wp-content\/uploads\/2015\/03\/15.jpg 600w, https:\/\/depto51.cl\/blog\/wp-content\/uploads\/2015\/03\/15-500x209.jpg 500w\" sizes=\"(max-width: 600px) 100vw, 600px\" \/><\/p>\n<p><strong>\u00bfQu\u00e9 es lo que m\u00e1s te gusta cocinar?<\/strong><br \/>\nLo que m\u00e1s me gusta cocinar son las galletas de Navidad que hacemos en familia. A los ni\u00f1os les encanta. Nos tomamos la cocina un d\u00eda entero y hacemos paquetitos para regalarle a la familia y amigos. Es una receta muy sencilla que nunca falla.<\/p>\n<p><em>RECETA:<\/em><br \/>\n\u00b7 450 gr de mantequilla<br \/>\n\u00b7 10 tazas de harina<br \/>\n\u00b7 1 taza de az\u00facar<br \/>\n\u00b7 4 cucharadas de miel derretida<br \/>\n\u00b7 4 cucharaditas de bicarbonato<br \/>\n\u00b7 4 yemas<br \/>\n\u00b7 1 cucharadita de jengibre<br \/>\n\u00b7 2 pizcas de nuez moscada<br \/>\n\u00b7 2 pizcas de clavo de olor<br \/>\n\u00b7 2 cucharadita de canela<br \/>\n\u00b7 Ralladura de lim\u00f3n<\/p>\n<p>Unir los ingredientes con los dedos sin amasar y dejar reposar la masa en el refrigerador por 30 minutos. Luego uslerear y cortar con moldes. Hornear de 5 a 8 minutos en calor fuerte. Se endurecen una vez fr\u00edas. Adornar con glas\u00e9 (clara de huevo + az\u00facar flor) de colores y mostacillas.<\/p>\n","protected":false},"excerpt":{"rendered":"<p>Gracias a la secci\u00f3n Mi Escritorio hemos recibido colaboraciones de lindos y diferentes lugares de trabajo. Ahora queremos seguir conociendo nuevos espacios de las casas y deptos por lo que lanzamos Mi Cocina, una secci\u00f3n abierta, donde nos encantar\u00eda conocer el lugar donde muchos pasan tiempo cocinando, compartiendo y pas\u00e1ndolo bien. Para inaugurar tenemos la&#8230;<\/p>\n","protected":false},"author":1,"featured_media":29206,"comment_status":"open","ping_status":"open","sticky":false,"template":"","format":"standard","meta":[],"categories":[1],"tags":[955,27,957,956],"acf":[],"_links":{"self":[{"href":"https:\/\/depto51.cl\/blog\/wp-json\/wp\/v2\/posts\/29205"}],"collection":[{"href":"https:\/\/depto51.cl\/blog\/wp-json\/wp\/v2\/posts"}],"about":[{"href":"https:\/\/depto51.cl\/blog\/wp-json\/wp\/v2\/types\/post"}],"author":[{"embeddable":true,"href":"https:\/\/depto51.cl\/blog\/wp-json\/wp\/v2\/users\/1"}],"replies":[{"embeddable":true,"href":"https:\/\/depto51.cl\/blog\/wp-json\/wp\/v2\/comments?post=29205"}],"version-history":[{"count":0,"href":"https:\/\/depto51.cl\/blog\/wp-json\/wp\/v2\/posts\/29205\/revisions"}],"wp:featuredmedia":[{"embeddable":true,"href":"https:\/\/depto51.cl\/blog\/wp-json\/wp\/v2\/media\/29206"}],"wp:attachment":[{"href":"https:\/\/depto51.cl\/blog\/wp-json\/wp\/v2\/media?parent=29205"}],"wp:term":[{"taxonomy":"category","embeddable":true,"href":"https:\/\/depto51.cl\/blog\/wp-json\/wp\/v2\/categories?post=29205"},{"taxonomy":"post_tag","embeddable":true,"href":"https:\/\/depto51.cl\/blog\/wp-json\/wp\/v2\/tags?post=29205"}],"curies":[{"name":"wp","href":"https:\/\/api.w.org\/{rel}","templated":true}]}}