

{"id":29015,"date":"2015-03-18T09:31:01","date_gmt":"2015-03-18T13:31:01","guid":{"rendered":"https:\/\/depto51.cl\/blog\/?p=29015"},"modified":"2018-01-03T16:20:41","modified_gmt":"2018-01-03T20:20:41","slug":"exposicion-habitar-diseno-para-vivir-en-el-ccplm","status":"publish","type":"post","link":"https:\/\/depto51.cl\/blog\/2015\/03\/18\/exposicion-habitar-diseno-para-vivir-en-el-ccplm\/","title":{"rendered":"Exposici\u00f3n: Habitar dise\u00f1o para vivir, en el CCPLM"},"content":{"rendered":"<p><img loading=\"lazy\" src=\"https:\/\/depto51.cl\/blog\/wp-content\/uploads\/2015\/03\/expo2.jpg\" alt=\"expo2\" width=\"600\" height=\"475\" class=\"alignnone size-full wp-image-29016\" srcset=\"https:\/\/depto51.cl\/blog\/wp-content\/uploads\/2015\/03\/expo2.jpg 600w, https:\/\/depto51.cl\/blog\/wp-content\/uploads\/2015\/03\/expo2-500x396.jpg 500w\" sizes=\"(max-width: 600px) 100vw, 600px\" \/><\/p>\n<p>En el <a href=\"http:\/\/www.ccplm.cl\/sitio\/\" target=\"_blank\">Centro Cultural La Moneda<\/a> se llevar\u00e1 a cabo esta exposici\u00f3n donde est\u00e1n varios de los dise\u00f1adores chilenos que se encuentran en nuestra tienda. Ser\u00e1n en total dos marcas y cuatro estudios de dise\u00f1o nacional que exploran est\u00e9ticas nuevas y propuestas para dar un toque de vanguardia entre los espacios. <\/p>\n<p>Entre las que pueden encontrar est\u00e1 <a href=\"http:\/\/depto51.cl\/marca\/hued-hued\" target=\"_blank\">Hued Hued<\/a>, con sus lindos estampados de flora y fauna chilenos; tambi\u00e9n <a href=\"http:\/\/depto51.cl\/marca\/flor-de-chile\" target=\"_blank\">Flor de Chile<\/a>, con las distintas ilustraciones de flores nativas.<\/p>\n<p>Tambi\u00e9n podr\u00e1n conocer diferentes apuestas nacionales como el trabajo de Ignacia Murtagh, quien luego de un arduo estudio de la cer\u00e1mica tradicional Mapuche, realiza alfarer\u00eda t\u00edpica del per\u00edodo de Pitr\u00e9n (0-1220 D.C.) a partir de un material limpio y org\u00e1nico como es la porcelana; The Rack con productos simples y funcionales para la decoraci\u00f3n; Demod\u00e9 un novedoso trabajo con residuos textiles y La Plaza, una comunidad que se encarga de posicionar los proyectos de los integrantes en el mercado. <\/p>\n<p>La exposici\u00f3n <strong>ya est\u00e1 abierta hasta junio, de 9:00 a 19:00 horas, en la Galer\u00eda del Dise\u00f1o<\/strong> (nivel -2 del Centro Cultural) y la entrada es liberada.<\/p>\n","protected":false},"excerpt":{"rendered":"<p>En el Centro Cultural La Moneda se llevar\u00e1 a cabo esta exposici\u00f3n donde est\u00e1n varios de los dise\u00f1adores chilenos que se encuentran en nuestra tienda. Ser\u00e1n en total dos marcas y cuatro estudios de dise\u00f1o nacional que exploran est\u00e9ticas nuevas y propuestas para dar un toque de vanguardia entre los espacios. Entre las que pueden&#8230;<\/p>\n","protected":false},"author":1,"featured_media":29016,"comment_status":"open","ping_status":"open","sticky":false,"template":"","format":"standard","meta":[],"categories":[1193],"tags":[94,428,941],"acf":[],"_links":{"self":[{"href":"https:\/\/depto51.cl\/blog\/wp-json\/wp\/v2\/posts\/29015"}],"collection":[{"href":"https:\/\/depto51.cl\/blog\/wp-json\/wp\/v2\/posts"}],"about":[{"href":"https:\/\/depto51.cl\/blog\/wp-json\/wp\/v2\/types\/post"}],"author":[{"embeddable":true,"href":"https:\/\/depto51.cl\/blog\/wp-json\/wp\/v2\/users\/1"}],"replies":[{"embeddable":true,"href":"https:\/\/depto51.cl\/blog\/wp-json\/wp\/v2\/comments?post=29015"}],"version-history":[{"count":0,"href":"https:\/\/depto51.cl\/blog\/wp-json\/wp\/v2\/posts\/29015\/revisions"}],"wp:featuredmedia":[{"embeddable":true,"href":"https:\/\/depto51.cl\/blog\/wp-json\/wp\/v2\/media\/29016"}],"wp:attachment":[{"href":"https:\/\/depto51.cl\/blog\/wp-json\/wp\/v2\/media?parent=29015"}],"wp:term":[{"taxonomy":"category","embeddable":true,"href":"https:\/\/depto51.cl\/blog\/wp-json\/wp\/v2\/categories?post=29015"},{"taxonomy":"post_tag","embeddable":true,"href":"https:\/\/depto51.cl\/blog\/wp-json\/wp\/v2\/tags?post=29015"}],"curies":[{"name":"wp","href":"https:\/\/api.w.org\/{rel}","templated":true}]}}