

{"id":27188,"date":"2014-12-10T10:29:16","date_gmt":"2014-12-10T14:29:16","guid":{"rendered":"https:\/\/depto51.cl\/blog\/?p=27188"},"modified":"2015-01-15T12:02:02","modified_gmt":"2015-01-15T16:02:02","slug":"macarena-murua-y-gonzalo-gonzalez-directora-del-mad-y-productor-musical","status":"publish","type":"post","link":"https:\/\/depto51.cl\/blog\/2014\/12\/10\/macarena-murua-y-gonzalo-gonzalez-directora-del-mad-y-productor-musical\/","title":{"rendered":"Macarena Mur\u00faa y Gonzalo Gonz\u00e1lez, directora del MAD y productor musical"},"content":{"rendered":"<p>En esta casa viven Macarena Mur\u00faa, la Directora del <a href=\"http:\/\/www.artdec.cl\/Vistas_Publicas\/publicHome\/homePublic.aspx?idInstitucion=96\" target=\"_blank\">Museo de Artes Decorativas<\/a> y <a href=\"http:\/\/www.chalogonzalez.com\/\" target=\"_blank\">Gonzalo Gonz\u00e1lez<\/a>, m\u00e1s conocido como Chalo G, el seco Ingeniero, <a href=\"http:\/\/www.chtestudios.com\/\" target=\"_blank\">productor en CHT Estudios<\/a>, sus hijos Violeta y Pedro, adem\u00e1s de su perro Perry. Hay muchas influencias, sobre todo las relacionadas con artesan\u00edas de diferentes partes del mundo, combinadas con muebles y decoraci\u00f3n moderna. Pasa a conocer este lindo lugar en el nuevo Home Tour.<\/p>\n<p><img loading=\"lazy\" class=\"alignnone size-full wp-image-27192\" alt=\"Depto51-Maca y Chalo-1\" src=\"https:\/\/depto51.cl\/blog\/wp-content\/uploads\/2014\/12\/Depto51-Maca-y-Chalo-1.jpg\" width=\"600\" height=\"400\" srcset=\"https:\/\/depto51.cl\/blog\/wp-content\/uploads\/2014\/12\/Depto51-Maca-y-Chalo-1.jpg 600w, https:\/\/depto51.cl\/blog\/wp-content\/uploads\/2014\/12\/Depto51-Maca-y-Chalo-1-500x333.jpg 500w\" sizes=\"(max-width: 600px) 100vw, 600px\" \/><\/p>\n<p><strong>\u00bfDesde cu\u00e1ndo que viven aqu\u00ed?<\/strong><br \/>\nDesde agosto de 2012<\/p>\n<p><strong>\u00bfC\u00f3mo llegaron y por qu\u00e9 eligieron esta casa?<\/strong><br \/>\nEst\u00e1bamos buscando un departamento para comprar, en el mismo barrio donde viv\u00edamos y cerca del colegio de los ni\u00f1os. Apareci\u00f3 este departamento gracias al dato de una amiga nuestra que vive en este mismo edificio. A penas lo vimos, supimos que ten\u00eda potencial y lo compramos. Contratamos a un amigo arquitecto, Vicente Rivera, para remodelarlo, rescatando el programa original del departamento y ampliando la cocina como un gran espacio familiar.<\/p>\n<p><img loading=\"lazy\" class=\"alignnone size-full wp-image-27193\" alt=\"Depto51-Maca y Chalo-2\" src=\"https:\/\/depto51.cl\/blog\/wp-content\/uploads\/2014\/12\/Depto51-Maca-y-Chalo-2.jpg\" width=\"600\" height=\"400\" srcset=\"https:\/\/depto51.cl\/blog\/wp-content\/uploads\/2014\/12\/Depto51-Maca-y-Chalo-2.jpg 600w, https:\/\/depto51.cl\/blog\/wp-content\/uploads\/2014\/12\/Depto51-Maca-y-Chalo-2-500x333.jpg 500w\" sizes=\"(max-width: 600px) 100vw, 600px\" \/><\/p>\n<p><img loading=\"lazy\" class=\"alignnone size-full wp-image-27194\" alt=\"Depto51-Maca y Chalo-4\" src=\"https:\/\/depto51.cl\/blog\/wp-content\/uploads\/2014\/12\/Depto51-Maca-y-Chalo-4.jpg\" width=\"600\" height=\"398\" srcset=\"https:\/\/depto51.cl\/blog\/wp-content\/uploads\/2014\/12\/Depto51-Maca-y-Chalo-4.jpg 600w, https:\/\/depto51.cl\/blog\/wp-content\/uploads\/2014\/12\/Depto51-Maca-y-Chalo-4-500x331.jpg 500w\" sizes=\"(max-width: 600px) 100vw, 600px\" \/><\/p>\n<p><img loading=\"lazy\" class=\"alignnone size-full wp-image-27196\" alt=\"Depto51-Maca y Chalo-5\" src=\"https:\/\/depto51.cl\/blog\/wp-content\/uploads\/2014\/12\/Depto51-Maca-y-Chalo-5.jpg\" width=\"600\" height=\"398\" srcset=\"https:\/\/depto51.cl\/blog\/wp-content\/uploads\/2014\/12\/Depto51-Maca-y-Chalo-5.jpg 600w, https:\/\/depto51.cl\/blog\/wp-content\/uploads\/2014\/12\/Depto51-Maca-y-Chalo-5-500x331.jpg 500w\" sizes=\"(max-width: 600px) 100vw, 600px\" \/><\/p>\n<p><img loading=\"lazy\" class=\"alignnone size-full wp-image-27197\" alt=\"Depto51-Maca y Chalo-6\" src=\"https:\/\/depto51.cl\/blog\/wp-content\/uploads\/2014\/12\/Depto51-Maca-y-Chalo-6.jpg\" width=\"600\" height=\"398\" srcset=\"https:\/\/depto51.cl\/blog\/wp-content\/uploads\/2014\/12\/Depto51-Maca-y-Chalo-6.jpg 600w, https:\/\/depto51.cl\/blog\/wp-content\/uploads\/2014\/12\/Depto51-Maca-y-Chalo-6-500x331.jpg 500w\" sizes=\"(max-width: 600px) 100vw, 600px\" \/><\/p>\n<p><img loading=\"lazy\" class=\"alignnone size-full wp-image-27198\" alt=\"foto1\" src=\"https:\/\/depto51.cl\/blog\/wp-content\/uploads\/2014\/12\/foto11.jpg\" width=\"600\" height=\"450\" srcset=\"https:\/\/depto51.cl\/blog\/wp-content\/uploads\/2014\/12\/foto11.jpg 600w, https:\/\/depto51.cl\/blog\/wp-content\/uploads\/2014\/12\/foto11-500x375.jpg 500w\" sizes=\"(max-width: 600px) 100vw, 600px\" \/><\/p>\n<p><strong>\u00bfQu\u00e9 nombre le pondr\u00edan al estilo en que la decoraron?<\/strong><br \/>\nEs dif\u00edcil definir un estilo. Todos los objetos que tenemos nos han acompa\u00f1ado durante mucho tiempo. Algunos los hemos comprado en viajes, otros son regalos de amigos. Est\u00e1 muy presente la artesan\u00eda mexicana, paraguaya y chilena. Libros y discos son parte esencial de nuestro departamento, ya que trabajamos con ellos, pero adem\u00e1s los disfrutamos mucho en familia.<\/p>\n<p><img loading=\"lazy\" class=\"alignnone size-full wp-image-27199\" alt=\"Depto51-Maca y Chalo-7\" src=\"https:\/\/depto51.cl\/blog\/wp-content\/uploads\/2014\/12\/Depto51-Maca-y-Chalo-7.jpg\" width=\"600\" height=\"400\" srcset=\"https:\/\/depto51.cl\/blog\/wp-content\/uploads\/2014\/12\/Depto51-Maca-y-Chalo-7.jpg 600w, https:\/\/depto51.cl\/blog\/wp-content\/uploads\/2014\/12\/Depto51-Maca-y-Chalo-7-500x333.jpg 500w\" sizes=\"(max-width: 600px) 100vw, 600px\" \/><\/p>\n<p><img loading=\"lazy\" class=\"alignnone size-full wp-image-27200\" alt=\"Depto51-Maca y Chalo-9\" src=\"https:\/\/depto51.cl\/blog\/wp-content\/uploads\/2014\/12\/Depto51-Maca-y-Chalo-9.jpg\" width=\"600\" height=\"400\" srcset=\"https:\/\/depto51.cl\/blog\/wp-content\/uploads\/2014\/12\/Depto51-Maca-y-Chalo-9.jpg 600w, https:\/\/depto51.cl\/blog\/wp-content\/uploads\/2014\/12\/Depto51-Maca-y-Chalo-9-500x333.jpg 500w\" sizes=\"(max-width: 600px) 100vw, 600px\" \/><\/p>\n<p><img loading=\"lazy\" class=\"alignnone size-full wp-image-27201\" alt=\"Depto51-Maca y Chalo-10\" src=\"https:\/\/depto51.cl\/blog\/wp-content\/uploads\/2014\/12\/Depto51-Maca-y-Chalo-10.jpg\" width=\"600\" height=\"400\" srcset=\"https:\/\/depto51.cl\/blog\/wp-content\/uploads\/2014\/12\/Depto51-Maca-y-Chalo-10.jpg 600w, https:\/\/depto51.cl\/blog\/wp-content\/uploads\/2014\/12\/Depto51-Maca-y-Chalo-10-500x333.jpg 500w\" sizes=\"(max-width: 600px) 100vw, 600px\" \/><\/p>\n<p><img loading=\"lazy\" class=\"alignnone size-full wp-image-27218\" alt=\"Depto51-Maca y Chalo-18\" src=\"https:\/\/depto51.cl\/blog\/wp-content\/uploads\/2014\/12\/Depto51-Maca-y-Chalo-18.jpg\" width=\"600\" height=\"400\" srcset=\"https:\/\/depto51.cl\/blog\/wp-content\/uploads\/2014\/12\/Depto51-Maca-y-Chalo-18.jpg 600w, https:\/\/depto51.cl\/blog\/wp-content\/uploads\/2014\/12\/Depto51-Maca-y-Chalo-18-500x333.jpg 500w\" sizes=\"(max-width: 600px) 100vw, 600px\" \/><\/p>\n<p><strong>\u00bfDe d\u00f3nde son las cosas que tienen?<\/strong><br \/>\nTenemos algunos cuadros que hemos comprado y otros que nos los han regalado amigos artistas. Mucha artesan\u00eda en madera y cer\u00e1mica paraguaya. Las piezas mexicanas las hemos comprado en distintos viajes. Los muebles son una mezcla, entre lo funcional, el dise\u00f1o y el reciclaje.<\/p>\n<p><img loading=\"lazy\" class=\"alignnone size-full wp-image-27208\" alt=\"Depto51-Maca y Chalo-14\" src=\"https:\/\/depto51.cl\/blog\/wp-content\/uploads\/2014\/12\/Depto51-Maca-y-Chalo-14.jpg\" width=\"600\" height=\"400\" srcset=\"https:\/\/depto51.cl\/blog\/wp-content\/uploads\/2014\/12\/Depto51-Maca-y-Chalo-14.jpg 600w, https:\/\/depto51.cl\/blog\/wp-content\/uploads\/2014\/12\/Depto51-Maca-y-Chalo-14-500x333.jpg 500w\" sizes=\"(max-width: 600px) 100vw, 600px\" \/><\/p>\n<p><img loading=\"lazy\" class=\"alignnone size-full wp-image-27209\" alt=\"Depto51-Maca y Chalo-16\" src=\"https:\/\/depto51.cl\/blog\/wp-content\/uploads\/2014\/12\/Depto51-Maca-y-Chalo-16.jpg\" width=\"600\" height=\"400\" srcset=\"https:\/\/depto51.cl\/blog\/wp-content\/uploads\/2014\/12\/Depto51-Maca-y-Chalo-16.jpg 600w, https:\/\/depto51.cl\/blog\/wp-content\/uploads\/2014\/12\/Depto51-Maca-y-Chalo-16-500x333.jpg 500w\" sizes=\"(max-width: 600px) 100vw, 600px\" \/><\/p>\n<p><img loading=\"lazy\" class=\"alignnone size-full wp-image-27210\" alt=\"foto2\" src=\"https:\/\/depto51.cl\/blog\/wp-content\/uploads\/2014\/12\/foto2.jpg\" width=\"600\" height=\"463\" srcset=\"https:\/\/depto51.cl\/blog\/wp-content\/uploads\/2014\/12\/foto2.jpg 600w, https:\/\/depto51.cl\/blog\/wp-content\/uploads\/2014\/12\/foto2-500x385.jpg 500w\" sizes=\"(max-width: 600px) 100vw, 600px\" \/><\/p>\n<p><strong>\u00bfQu\u00e9 es lo que m\u00e1s les gusta hacer en su casa?<\/strong><br \/>\nNos gusta pasar largas horas en familia, escuchando m\u00fasica en el living. Compartir con los amigos mientras cocinamos.<\/p>\n<p><strong>Cu\u00e9ntanos sobre sus trabajo y proyectos<\/strong><br \/>\nMM: Trabajo en el Museo de Artes Decorativas, ubicado en un antiguo claustro de la Orden Dom\u00ednica (Centro Patrimonial Recoleta Dom\u00ednica). Este fin de a\u00f1o inauguraremos una exposici\u00f3n sobre Baldosas C\u00f3rdova, la cual estar\u00e1 abierta al p\u00fablico hasta el 8 de marzo. Tambi\u00e9n durante el veranos tendremos talleres art\u00edsticos gratuitos para la comunidad. <a href=\"http:\/\/www.artdec.cl\" target=\"_blank\">www.artdec.cl<\/a><br \/>\nGG: Este a\u00f1o inauguramos un <a href=\"http:\/\/www.chtestudios.com\" target=\"_blank\">nuevo estudio de grabaci\u00f3n<\/a>, mezcla y mastering. Hemos trabajado con Manuel Garc\u00eda, Francisca Valenzuela, Joe Vasconcellos, Gondwana, Electrodom\u00e9sticos y Pablo Ilabaca, entre otros. <a href=\"http:\/\/www.chalogonzalez.com\" target=\"_blank\">www.chalogonzalez.com<\/a><\/p>\n<p><img loading=\"lazy\" class=\"alignnone size-full wp-image-27213\" alt=\"Depto51-Maca y Chalo-20\" src=\"https:\/\/depto51.cl\/blog\/wp-content\/uploads\/2014\/12\/Depto51-Maca-y-Chalo-20.jpg\" width=\"600\" height=\"400\" srcset=\"https:\/\/depto51.cl\/blog\/wp-content\/uploads\/2014\/12\/Depto51-Maca-y-Chalo-20.jpg 600w, https:\/\/depto51.cl\/blog\/wp-content\/uploads\/2014\/12\/Depto51-Maca-y-Chalo-20-500x333.jpg 500w\" sizes=\"(max-width: 600px) 100vw, 600px\" \/><\/p>\n<p><img loading=\"lazy\" class=\"alignnone size-full wp-image-27214\" alt=\"Depto51-Maca y Chalo-21\" src=\"https:\/\/depto51.cl\/blog\/wp-content\/uploads\/2014\/12\/Depto51-Maca-y-Chalo-21.jpg\" width=\"600\" height=\"400\" srcset=\"https:\/\/depto51.cl\/blog\/wp-content\/uploads\/2014\/12\/Depto51-Maca-y-Chalo-21.jpg 600w, https:\/\/depto51.cl\/blog\/wp-content\/uploads\/2014\/12\/Depto51-Maca-y-Chalo-21-500x333.jpg 500w\" sizes=\"(max-width: 600px) 100vw, 600px\" \/><\/p>\n<p><img loading=\"lazy\" class=\"alignnone size-full wp-image-27215\" alt=\"Depto51-Maca y Chalo-22\" src=\"https:\/\/depto51.cl\/blog\/wp-content\/uploads\/2014\/12\/Depto51-Maca-y-Chalo-22.jpg\" width=\"600\" height=\"400\" srcset=\"https:\/\/depto51.cl\/blog\/wp-content\/uploads\/2014\/12\/Depto51-Maca-y-Chalo-22.jpg 600w, https:\/\/depto51.cl\/blog\/wp-content\/uploads\/2014\/12\/Depto51-Maca-y-Chalo-22-500x333.jpg 500w\" sizes=\"(max-width: 600px) 100vw, 600px\" \/><\/p>\n<p><img loading=\"lazy\" class=\"alignnone size-full wp-image-27216\" alt=\"Depto51-Maca y Chalo-23\" src=\"https:\/\/depto51.cl\/blog\/wp-content\/uploads\/2014\/12\/Depto51-Maca-y-Chalo-23.jpg\" width=\"600\" height=\"400\" srcset=\"https:\/\/depto51.cl\/blog\/wp-content\/uploads\/2014\/12\/Depto51-Maca-y-Chalo-23.jpg 600w, https:\/\/depto51.cl\/blog\/wp-content\/uploads\/2014\/12\/Depto51-Maca-y-Chalo-23-500x333.jpg 500w\" sizes=\"(max-width: 600px) 100vw, 600px\" \/><\/p>\n<p><strong>Insp\u00edrate mirando otros <a href=\"https:\/\/depto51.cl\/blog\/category\/casas\/\" target=\"_blank\">Home Tour<\/a><\/strong><\/p>\n","protected":false},"excerpt":{"rendered":"<p>En esta casa viven Macarena Mur\u00faa, la Directora del Museo de Artes Decorativas y Gonzalo Gonz\u00e1lez, m\u00e1s conocido como Chalo G, el seco Ingeniero, productor en CHT Estudios, sus hijos Violeta y Pedro, adem\u00e1s de su perro Perry. Hay muchas influencias, sobre todo las relacionadas con artesan\u00edas de diferentes partes del mundo, combinadas con muebles&#8230;<\/p>\n","protected":false},"author":1,"featured_media":27193,"comment_status":"open","ping_status":"open","sticky":false,"template":"","format":"standard","meta":[],"categories":[11],"tags":[821,822,820,138,819],"acf":[],"_links":{"self":[{"href":"https:\/\/depto51.cl\/blog\/wp-json\/wp\/v2\/posts\/27188"}],"collection":[{"href":"https:\/\/depto51.cl\/blog\/wp-json\/wp\/v2\/posts"}],"about":[{"href":"https:\/\/depto51.cl\/blog\/wp-json\/wp\/v2\/types\/post"}],"author":[{"embeddable":true,"href":"https:\/\/depto51.cl\/blog\/wp-json\/wp\/v2\/users\/1"}],"replies":[{"embeddable":true,"href":"https:\/\/depto51.cl\/blog\/wp-json\/wp\/v2\/comments?post=27188"}],"version-history":[{"count":0,"href":"https:\/\/depto51.cl\/blog\/wp-json\/wp\/v2\/posts\/27188\/revisions"}],"wp:featuredmedia":[{"embeddable":true,"href":"https:\/\/depto51.cl\/blog\/wp-json\/wp\/v2\/media\/27193"}],"wp:attachment":[{"href":"https:\/\/depto51.cl\/blog\/wp-json\/wp\/v2\/media?parent=27188"}],"wp:term":[{"taxonomy":"category","embeddable":true,"href":"https:\/\/depto51.cl\/blog\/wp-json\/wp\/v2\/categories?post=27188"},{"taxonomy":"post_tag","embeddable":true,"href":"https:\/\/depto51.cl\/blog\/wp-json\/wp\/v2\/tags?post=27188"}],"curies":[{"name":"wp","href":"https:\/\/api.w.org\/{rel}","templated":true}]}}