

{"id":2573,"date":"2011-07-25T13:19:06","date_gmt":"2011-07-25T13:19:06","guid":{"rendered":"http:\/\/depto51.cl\/?p=2573"},"modified":"2012-01-26T00:11:10","modified_gmt":"2012-01-26T00:11:10","slug":"para-que-la-bici-no-sea-un-estorbo","status":"publish","type":"post","link":"https:\/\/depto51.cl\/blog\/2011\/07\/25\/para-que-la-bici-no-sea-un-estorbo\/","title":{"rendered":"Para que la bici no sea un estorbo"},"content":{"rendered":"<p>Muchos de los due\u00f1os de las casas que hemos mostrado en el blog tienen bicicletas. La mayor\u00eda de ellos las exhiben orgullosos en alg\u00fan pasillo pero a otros les parec\u00eda un estorbo tenerlas por ah\u00ed apoyadas. Para los que encuentran que las bicis no se guardan dentro de la casa pero que, en verdad, no tienen d\u00f3nde dejarlas, les muestro estas ideas que hacen que las bicicletas se vean como un elemento decorativo con mucho car\u00e1cter. \u00a1Que tengan buena semana!<\/p>\n<p style=\"text-align:center;\"><a href=\"http:\/\/sweethomestyle.tumblr.com\/\"><img loading=\"lazy\" class=\"aligncenter\" src=\"http:\/\/depto51.files.wordpress.com\/2011\/07\/sweethomestyletumblr.jpg\" alt=\"\" width=\"500\" height=\"373\" \/><\/a><\/p>\n<p style=\"text-align:center;\"><a href=\"http:\/\/thesartorialist.blogspot.com\/\"><img loading=\"lazy\" class=\"aligncenter\" src=\"http:\/\/depto51.files.wordpress.com\/2011\/07\/61411myroomflorence_3722web.jpg\" alt=\"\" width=\"333\" height=\"500\" \/><\/a><\/p>\n<p style=\"text-align:center;\"><a href=\"http:\/\/pinterest.com\/\"><img loading=\"lazy\" class=\"aligncenter\" src=\"http:\/\/depto51.files.wordpress.com\/2011\/07\/pinterest1.jpg\" alt=\"\" width=\"406\" height=\"467\" \/><\/a><\/p>\n<p style=\"text-align:center;\"><a href=\"http:\/\/www.apartmenttherapy.com\/\"><img loading=\"lazy\" class=\"aligncenter\" src=\"http:\/\/depto51.files.wordpress.com\/2011\/07\/apartment-therapy.jpg\" alt=\"\" width=\"540\" height=\"424\" \/><\/a><\/p>\n<p style=\"text-align:center;\"><a href=\"http:\/\/knifeandsaw.wordpress.com\/bike-shelf\/\"><img loading=\"lazy\" class=\"aligncenter\" src=\"http:\/\/depto51.files.wordpress.com\/2011\/07\/photo_bikerack_cu_books.jpg\" alt=\"\" width=\"333\" height=\"500\" \/><\/a><\/p>\n<p style=\"text-align:center;\"><a href=\"http:\/\/knifeandsaw.wordpress.com\/bike-shelf\/\"><img loading=\"lazy\" class=\"aligncenter\" src=\"http:\/\/depto51.files.wordpress.com\/2011\/07\/photo_bikerack_wide_hdr.jpg\" alt=\"\" width=\"500\" height=\"281\" \/><\/a><\/p>\n","protected":false},"excerpt":{"rendered":"<p>Muchos de los due\u00f1os de las casas que hemos mostrado en el blog tienen bicicletas. La mayor\u00eda de ellos las exhiben orgullosos en alg\u00fan pasillo pero a otros les parec\u00eda un estorbo tenerlas por ah\u00ed apoyadas. Para los que encuentran que las bicis no se guardan dentro de la casa pero que, en verdad, no&#8230;<\/p>\n","protected":false},"author":2,"featured_media":2576,"comment_status":"open","ping_status":"open","sticky":false,"template":"","format":"standard","meta":[],"categories":[10],"tags":[],"acf":[],"_links":{"self":[{"href":"https:\/\/depto51.cl\/blog\/wp-json\/wp\/v2\/posts\/2573"}],"collection":[{"href":"https:\/\/depto51.cl\/blog\/wp-json\/wp\/v2\/posts"}],"about":[{"href":"https:\/\/depto51.cl\/blog\/wp-json\/wp\/v2\/types\/post"}],"author":[{"embeddable":true,"href":"https:\/\/depto51.cl\/blog\/wp-json\/wp\/v2\/users\/2"}],"replies":[{"embeddable":true,"href":"https:\/\/depto51.cl\/blog\/wp-json\/wp\/v2\/comments?post=2573"}],"version-history":[{"count":0,"href":"https:\/\/depto51.cl\/blog\/wp-json\/wp\/v2\/posts\/2573\/revisions"}],"wp:featuredmedia":[{"embeddable":true,"href":"https:\/\/depto51.cl\/blog\/wp-json\/wp\/v2\/media\/2576"}],"wp:attachment":[{"href":"https:\/\/depto51.cl\/blog\/wp-json\/wp\/v2\/media?parent=2573"}],"wp:term":[{"taxonomy":"category","embeddable":true,"href":"https:\/\/depto51.cl\/blog\/wp-json\/wp\/v2\/categories?post=2573"},{"taxonomy":"post_tag","embeddable":true,"href":"https:\/\/depto51.cl\/blog\/wp-json\/wp\/v2\/tags?post=2573"}],"curies":[{"name":"wp","href":"https:\/\/api.w.org\/{rel}","templated":true}]}}