

{"id":25647,"date":"2014-10-17T09:00:20","date_gmt":"2014-10-17T13:00:20","guid":{"rendered":"https:\/\/depto51.cl\/blog\/?p=25647"},"modified":"2014-10-16T16:14:10","modified_gmt":"2014-10-16T20:14:10","slug":"diseno-destacado-anteojos-karun","status":"publish","type":"post","link":"https:\/\/depto51.cl\/blog\/2014\/10\/17\/diseno-destacado-anteojos-karun\/","title":{"rendered":"Dise\u00f1o Destacado: anteojos Kar\u00fcn"},"content":{"rendered":"<p><img loading=\"lazy\" src=\"https:\/\/depto51.cl\/blog\/wp-content\/uploads\/2014\/10\/10614281_731951706898392_6055280180010323176_n.jpg\" alt=\"10614281_731951706898392_6055280180010323176_n\" width=\"600\" height=\"388\" class=\"alignnone size-full wp-image-25654\" srcset=\"https:\/\/depto51.cl\/blog\/wp-content\/uploads\/2014\/10\/10614281_731951706898392_6055280180010323176_n.jpg 600w, https:\/\/depto51.cl\/blog\/wp-content\/uploads\/2014\/10\/10614281_731951706898392_6055280180010323176_n-500x323.jpg 500w\" sizes=\"(max-width: 600px) 100vw, 600px\" \/><\/p>\n<p>Esta es la temporada ideal para cambiar tus anteojos de sol. Y si te encanta el dise\u00f1o, la nueva marca nacional que llega a nuestra tienda, te va a encantar.<\/p>\n<p><a href=\"http:\/\/depto51.cl\/marca\/karun\" target=\"_blank\">KAR\u00dcN<\/a> es una marca chilena que utiliza la madera de los \u00e1rboles ca\u00eddos de la Patagonia. Los colores de las maderas son naturales, no usan tinturas, s\u00f3lo aceites naturales para protegerla del sol, la humedad y las bacterias. Los tonos dependen del tipo de madera y de la antiguedad de \u00e9sta, por lo que ning\u00fan anteojo es igual a otro. En la lengua de la tierra, ser naturaleza es ser Kar\u00fcn.<\/p>\n<p>Cada modelo tiene una historia detr\u00e1s, como <a href=\"http:\/\/depto51.cl\/producto\/2429\/anteojo-liwe-con-grabado-exterior\" target=\"_blank\">LIWE<\/a> que en Mapudung\u00fan significa: \u00abPrincipio de vida que brilla en la pupila de los ojos\u00bb; los <a href=\"http:\/\/depto51.cl\/producto\/2434\/anteojo-antu\" target=\"_blank\">ANTU<\/a> que en Mapudung\u00fan significa: \u00abSol; Vida y energ\u00eda que nos hace parte del principio vital\u00bb o el <a href=\"http:\/\/depto51.cl\/producto\/2432\/anteojo-kona\" target=\"_blank\">KONA<\/a> que en Mapudung\u00fan significa: \u00abGuerrero; Representa la fuerza, la inteligencia y el coraje del guerrero para enfrentar las adversidades\u00bb.<\/p>\n<p>Puedes conocer cada uno con sus caracter\u00edsticas en <a href=\"http:\/\/depto51.cl\/marca\/karun\" target=\"_blank\">nuestra tienda<\/a>. As\u00ed notar\u00e1s las diferentes formas,  algunos con <a href=\"http:\/\/depto51.cl\/producto\/2433\/anteojo-antu-con-grabado-exterior\" target=\"_blank\">detalle de grabado<\/a> y encontrar el perfecto para ti. Cada uno viene con un estuche de cuero para guardarlo.<\/p>\n<p><img loading=\"lazy\" src=\"https:\/\/depto51.cl\/blog\/wp-content\/uploads\/2014\/10\/10458209_713789478714615_4674776017854768823_n.jpg\" alt=\"10458209_713789478714615_4674776017854768823_n\" width=\"600\" height=\"400\" class=\"alignnone size-full wp-image-25649\" srcset=\"https:\/\/depto51.cl\/blog\/wp-content\/uploads\/2014\/10\/10458209_713789478714615_4674776017854768823_n.jpg 600w, https:\/\/depto51.cl\/blog\/wp-content\/uploads\/2014\/10\/10458209_713789478714615_4674776017854768823_n-500x333.jpg 500w\" sizes=\"(max-width: 600px) 100vw, 600px\" \/><\/p>\n<p><img loading=\"lazy\" src=\"https:\/\/depto51.cl\/blog\/wp-content\/uploads\/2014\/10\/10478505_725274167566146_8364285189418933500_o.jpg\" alt=\"10478505_725274167566146_8364285189418933500_o\" width=\"600\" height=\"388\" class=\"alignnone size-full wp-image-25650\" srcset=\"https:\/\/depto51.cl\/blog\/wp-content\/uploads\/2014\/10\/10478505_725274167566146_8364285189418933500_o.jpg 600w, https:\/\/depto51.cl\/blog\/wp-content\/uploads\/2014\/10\/10478505_725274167566146_8364285189418933500_o-500x323.jpg 500w\" sizes=\"(max-width: 600px) 100vw, 600px\" \/><\/p>\n<p><img loading=\"lazy\" src=\"https:\/\/depto51.cl\/blog\/wp-content\/uploads\/2014\/10\/10533559_724221857671377_6732835295555282902_n.jpg\" alt=\"10533559_724221857671377_6732835295555282902_n\" width=\"600\" height=\"330\" class=\"alignnone size-full wp-image-25651\" srcset=\"https:\/\/depto51.cl\/blog\/wp-content\/uploads\/2014\/10\/10533559_724221857671377_6732835295555282902_n.jpg 600w, https:\/\/depto51.cl\/blog\/wp-content\/uploads\/2014\/10\/10533559_724221857671377_6732835295555282902_n-500x275.jpg 500w\" sizes=\"(max-width: 600px) 100vw, 600px\" \/><\/p>\n<p><img loading=\"lazy\" src=\"https:\/\/depto51.cl\/blog\/wp-content\/uploads\/2014\/10\/10634003_707536112673285_7023986834113931454_o.png\" alt=\"10634003_707536112673285_7023986834113931454_o\" width=\"600\" height=\"367\" class=\"alignnone size-full wp-image-25652\" srcset=\"https:\/\/depto51.cl\/blog\/wp-content\/uploads\/2014\/10\/10634003_707536112673285_7023986834113931454_o.png 600w, https:\/\/depto51.cl\/blog\/wp-content\/uploads\/2014\/10\/10634003_707536112673285_7023986834113931454_o-500x306.png 500w\" sizes=\"(max-width: 600px) 100vw, 600px\" \/><\/p>\n<p><img loading=\"lazy\" src=\"https:\/\/depto51.cl\/blog\/wp-content\/uploads\/2014\/10\/10708738_730682920358604_8973850061731458769_o.jpg\" alt=\"10708738_730682920358604_8973850061731458769_o\" width=\"600\" height=\"331\" class=\"alignnone size-full wp-image-25653\" srcset=\"https:\/\/depto51.cl\/blog\/wp-content\/uploads\/2014\/10\/10708738_730682920358604_8973850061731458769_o.jpg 600w, https:\/\/depto51.cl\/blog\/wp-content\/uploads\/2014\/10\/10708738_730682920358604_8973850061731458769_o-500x275.jpg 500w\" sizes=\"(max-width: 600px) 100vw, 600px\" \/><\/p>\n<p>En el video de abajo podr\u00e1s ver la historia de la marca y su creador.<br \/>\n<iframe loading=\"lazy\" src=\"\/\/player.vimeo.com\/video\/82122545\" width=\"500\" height=\"281\" frameborder=\"0\" webkitallowfullscreen mozallowfullscreen allowfullscreen><\/iframe><\/p>\n","protected":false},"excerpt":{"rendered":"<p>Esta es la temporada ideal para cambiar tus anteojos de sol. Y si te encanta el dise\u00f1o, la nueva marca nacional que llega a nuestra tienda, te va a encantar. KAR\u00dcN es una marca chilena que utiliza la madera de los \u00e1rboles ca\u00eddos de la Patagonia. Los colores de las maderas son naturales, no usan&#8230;<\/p>\n","protected":false},"author":1,"featured_media":25652,"comment_status":"open","ping_status":"open","sticky":false,"template":"","format":"standard","meta":[],"categories":[13],"tags":[707,708,429,37,94],"acf":[],"_links":{"self":[{"href":"https:\/\/depto51.cl\/blog\/wp-json\/wp\/v2\/posts\/25647"}],"collection":[{"href":"https:\/\/depto51.cl\/blog\/wp-json\/wp\/v2\/posts"}],"about":[{"href":"https:\/\/depto51.cl\/blog\/wp-json\/wp\/v2\/types\/post"}],"author":[{"embeddable":true,"href":"https:\/\/depto51.cl\/blog\/wp-json\/wp\/v2\/users\/1"}],"replies":[{"embeddable":true,"href":"https:\/\/depto51.cl\/blog\/wp-json\/wp\/v2\/comments?post=25647"}],"version-history":[{"count":0,"href":"https:\/\/depto51.cl\/blog\/wp-json\/wp\/v2\/posts\/25647\/revisions"}],"wp:featuredmedia":[{"embeddable":true,"href":"https:\/\/depto51.cl\/blog\/wp-json\/wp\/v2\/media\/25652"}],"wp:attachment":[{"href":"https:\/\/depto51.cl\/blog\/wp-json\/wp\/v2\/media?parent=25647"}],"wp:term":[{"taxonomy":"category","embeddable":true,"href":"https:\/\/depto51.cl\/blog\/wp-json\/wp\/v2\/categories?post=25647"},{"taxonomy":"post_tag","embeddable":true,"href":"https:\/\/depto51.cl\/blog\/wp-json\/wp\/v2\/tags?post=25647"}],"curies":[{"name":"wp","href":"https:\/\/api.w.org\/{rel}","templated":true}]}}