

{"id":24674,"date":"2014-09-25T08:00:31","date_gmt":"2014-09-25T12:00:31","guid":{"rendered":"https:\/\/depto51.cl\/blog\/?p=24674"},"modified":"2014-09-25T10:27:51","modified_gmt":"2014-09-25T14:27:51","slug":"decorar-con-color-negro","status":"publish","type":"post","link":"https:\/\/depto51.cl\/blog\/2014\/09\/25\/decorar-con-color-negro\/","title":{"rendered":"Cuando el color negro predomina"},"content":{"rendered":"<p style=\"text-align: left;\">Esta residencia que se encuentra a la venta en Estocolmo, nos muestra c\u00f3mo el color negro puede predominar en una casa y verse bien.\u00a0Hay que ser atrevido para tener una pared de color negro, pero si se hace de la forma adecuada no tienes de qu\u00e9 preocuparte. Adem\u00e1s si vives en una casa con suficiente espacio y buena luz natural, como esta, tambi\u00e9n ayuda mucho.\u00a0<strong>\u00bfSe atreven?<\/strong><\/p>\n<p style=\"text-align: left;\"><img loading=\"lazy\" class=\"size-full wp-image-24675 aligncenter\" alt=\"SFD17B5776FCEDF45F8B25EE71E69F3C35E_960x\" src=\"https:\/\/depto51.cl\/blog\/wp-content\/uploads\/2014\/09\/SFD17B5776FCEDF45F8B25EE71E69F3C35E_960x.jpg\" width=\"960\" height=\"640\" srcset=\"https:\/\/depto51.cl\/blog\/wp-content\/uploads\/2014\/09\/SFD17B5776FCEDF45F8B25EE71E69F3C35E_960x.jpg 960w, https:\/\/depto51.cl\/blog\/wp-content\/uploads\/2014\/09\/SFD17B5776FCEDF45F8B25EE71E69F3C35E_960x-500x333.jpg 500w, https:\/\/depto51.cl\/blog\/wp-content\/uploads\/2014\/09\/SFD17B5776FCEDF45F8B25EE71E69F3C35E_960x-768x512.jpg 768w\" sizes=\"(max-width: 960px) 100vw, 960px\" \/> <img loading=\"lazy\" class=\"size-full wp-image-24676 aligncenter\" alt=\"SFD971A5D9A1E774A7588F0647F1644F9C7_960x\" src=\"https:\/\/depto51.cl\/blog\/wp-content\/uploads\/2014\/09\/SFD971A5D9A1E774A7588F0647F1644F9C7_960x.jpg\" width=\"960\" height=\"640\" srcset=\"https:\/\/depto51.cl\/blog\/wp-content\/uploads\/2014\/09\/SFD971A5D9A1E774A7588F0647F1644F9C7_960x.jpg 960w, https:\/\/depto51.cl\/blog\/wp-content\/uploads\/2014\/09\/SFD971A5D9A1E774A7588F0647F1644F9C7_960x-500x333.jpg 500w\" sizes=\"(max-width: 960px) 100vw, 960px\" \/> <img loading=\"lazy\" class=\"size-full wp-image-24677 aligncenter\" alt=\"SFD34EB571EB00040B4ADC814AB4AF0322D_960x\" src=\"https:\/\/depto51.cl\/blog\/wp-content\/uploads\/2014\/09\/SFD34EB571EB00040B4ADC814AB4AF0322D_960x.jpg\" width=\"480\" height=\"720\" srcset=\"https:\/\/depto51.cl\/blog\/wp-content\/uploads\/2014\/09\/SFD34EB571EB00040B4ADC814AB4AF0322D_960x.jpg 480w, https:\/\/depto51.cl\/blog\/wp-content\/uploads\/2014\/09\/SFD34EB571EB00040B4ADC814AB4AF0322D_960x-333x500.jpg 333w\" sizes=\"(max-width: 480px) 100vw, 480px\" \/> <img loading=\"lazy\" class=\"size-full wp-image-24678 aligncenter\" alt=\"SFD504E3528379B4368935C99FCFB10DD62_960x\" src=\"https:\/\/depto51.cl\/blog\/wp-content\/uploads\/2014\/09\/SFD504E3528379B4368935C99FCFB10DD62_960x.jpg\" width=\"960\" height=\"640\" srcset=\"https:\/\/depto51.cl\/blog\/wp-content\/uploads\/2014\/09\/SFD504E3528379B4368935C99FCFB10DD62_960x.jpg 960w, https:\/\/depto51.cl\/blog\/wp-content\/uploads\/2014\/09\/SFD504E3528379B4368935C99FCFB10DD62_960x-500x333.jpg 500w\" sizes=\"(max-width: 960px) 100vw, 960px\" \/> <img loading=\"lazy\" class=\"size-full wp-image-24679 aligncenter\" alt=\"SFD710A662061BC45138BF2B994AB7D05C8_960x\" src=\"https:\/\/depto51.cl\/blog\/wp-content\/uploads\/2014\/09\/SFD710A662061BC45138BF2B994AB7D05C8_960x.jpg\" width=\"480\" height=\"720\" srcset=\"https:\/\/depto51.cl\/blog\/wp-content\/uploads\/2014\/09\/SFD710A662061BC45138BF2B994AB7D05C8_960x.jpg 480w, https:\/\/depto51.cl\/blog\/wp-content\/uploads\/2014\/09\/SFD710A662061BC45138BF2B994AB7D05C8_960x-333x500.jpg 333w\" sizes=\"(max-width: 480px) 100vw, 480px\" \/> <img loading=\"lazy\" class=\"size-full wp-image-24680 aligncenter\" alt=\"SFD34978CEBA52D455CB441961AB65B3F21_960x\" src=\"https:\/\/depto51.cl\/blog\/wp-content\/uploads\/2014\/09\/SFD34978CEBA52D455CB441961AB65B3F21_960x.jpg\" width=\"480\" height=\"720\" srcset=\"https:\/\/depto51.cl\/blog\/wp-content\/uploads\/2014\/09\/SFD34978CEBA52D455CB441961AB65B3F21_960x.jpg 480w, https:\/\/depto51.cl\/blog\/wp-content\/uploads\/2014\/09\/SFD34978CEBA52D455CB441961AB65B3F21_960x-333x500.jpg 333w\" sizes=\"(max-width: 480px) 100vw, 480px\" \/><\/p>\n<p style=\"text-align: left;\">Fuente: <a href=\"http:\/\/www.fantasticfrank.se\/visa-bilder-hemnet.php?objekt=OBJ17365_1364532756\" target=\"_blank\">Fantastic Frank<\/a><\/p>\n<p style=\"text-align: left;\">\n","protected":false},"excerpt":{"rendered":"<p>Esta residencia que se encuentra a la venta en Estocolmo, nos muestra c\u00f3mo el color negro puede predominar en una casa y verse bien.\u00a0Hay que ser atrevido para tener una pared de color negro, pero si se hace de la forma adecuada no tienes de qu\u00e9 preocuparte. Adem\u00e1s si vives en una casa con suficiente&#8230;<\/p>\n","protected":false},"author":500,"featured_media":24675,"comment_status":"open","ping_status":"open","sticky":false,"template":"","format":"standard","meta":[],"categories":[1],"tags":[24,37],"acf":[],"_links":{"self":[{"href":"https:\/\/depto51.cl\/blog\/wp-json\/wp\/v2\/posts\/24674"}],"collection":[{"href":"https:\/\/depto51.cl\/blog\/wp-json\/wp\/v2\/posts"}],"about":[{"href":"https:\/\/depto51.cl\/blog\/wp-json\/wp\/v2\/types\/post"}],"author":[{"embeddable":true,"href":"https:\/\/depto51.cl\/blog\/wp-json\/wp\/v2\/users\/500"}],"replies":[{"embeddable":true,"href":"https:\/\/depto51.cl\/blog\/wp-json\/wp\/v2\/comments?post=24674"}],"version-history":[{"count":0,"href":"https:\/\/depto51.cl\/blog\/wp-json\/wp\/v2\/posts\/24674\/revisions"}],"wp:featuredmedia":[{"embeddable":true,"href":"https:\/\/depto51.cl\/blog\/wp-json\/wp\/v2\/media\/24675"}],"wp:attachment":[{"href":"https:\/\/depto51.cl\/blog\/wp-json\/wp\/v2\/media?parent=24674"}],"wp:term":[{"taxonomy":"category","embeddable":true,"href":"https:\/\/depto51.cl\/blog\/wp-json\/wp\/v2\/categories?post=24674"},{"taxonomy":"post_tag","embeddable":true,"href":"https:\/\/depto51.cl\/blog\/wp-json\/wp\/v2\/tags?post=24674"}],"curies":[{"name":"wp","href":"https:\/\/api.w.org\/{rel}","templated":true}]}}