

{"id":24543,"date":"2014-09-23T08:00:04","date_gmt":"2014-09-23T12:00:04","guid":{"rendered":"https:\/\/depto51.cl\/blog\/?p=24543"},"modified":"2018-01-10T16:21:06","modified_gmt":"2018-01-10T20:21:06","slug":"mi-escritorio-manuela-montero","status":"publish","type":"post","link":"https:\/\/depto51.cl\/blog\/2014\/09\/23\/mi-escritorio-manuela-montero\/","title":{"rendered":"Mi Escritorio: Manuela Montero"},"content":{"rendered":"<p>El escritorio que les mostramos hoy es de <a href=\"http:\/\/manuelamontero.cl\/\" target=\"_blank\">Manuela Montero<\/a>, la dise\u00f1adora encargada de crear las gr\u00e1ficas de Santiago y Valpara\u00edso Patrimonial de la marca <a href=\"http:\/\/depto51.cl\/marca\/kaikai\" target=\"_blank\">KaiKai<\/a>. Su lugar de trabajo, es decir, los dos que ocupa, est\u00e1n llenos de elementos inspiradores, recuerdos y lindas libretas. <\/p>\n<p>Recuerda que esta secci\u00f3n es abierta al p\u00fablico. <strong>Si quieres enviar tu escritorio env\u00edanos un mail a contacto@depto51.cl<\/strong><\/p>\n<p>Revisa la secci\u00f3n <a href=\"http:\/\/www.depto51.cl\/catalogo\/escritorio\" target=\"_blank\">Escritorio<\/a> en nuestra tienda \ud83d\ude42<\/p>\n<p><img loading=\"lazy\" src=\"https:\/\/depto51.cl\/blog\/wp-content\/uploads\/2014\/09\/D3S_5660.jpg\" alt=\"D3S_5660\" width=\"600\" height=\"399\" class=\"alignnone size-full wp-image-24544\" srcset=\"https:\/\/depto51.cl\/blog\/wp-content\/uploads\/2014\/09\/D3S_5660.jpg 600w, https:\/\/depto51.cl\/blog\/wp-content\/uploads\/2014\/09\/D3S_5660-500x332.jpg 500w\" sizes=\"(max-width: 600px) 100vw, 600px\" \/><\/p>\n<p><strong>Dinos tu nombre y en qu\u00e9 trabajas: <\/strong><br \/>\nManuela Montero, soy dise\u00f1adora, ilustradora y docente universitaria.<\/p>\n<p><img loading=\"lazy\" src=\"https:\/\/depto51.cl\/blog\/wp-content\/uploads\/2014\/09\/D3S_5669.jpg\" alt=\"D3S_5669\" width=\"600\" height=\"399\" class=\"alignnone size-full wp-image-24545\" srcset=\"https:\/\/depto51.cl\/blog\/wp-content\/uploads\/2014\/09\/D3S_5669.jpg 600w, https:\/\/depto51.cl\/blog\/wp-content\/uploads\/2014\/09\/D3S_5669-500x332.jpg 500w\" sizes=\"(max-width: 600px) 100vw, 600px\" \/><\/p>\n<p><strong>\u00bfC\u00f3mo armaste tu escritorio?<\/strong><br \/>\nTengo dos escritorios, uno es para trabajar de manera manual y otro para la parte digital. En mi trabajo de ilustraci\u00f3n generalmente combino ambas cosas, ya que me gusta mucho dibujar y experimentar con distintas t\u00e9cnicas. Despu\u00e9s escaneo y ordeno todo en el computador. El escritorio que uso para dibujar y pintar era de una t\u00eda abuela que me lo regal\u00f3 cuando vendi\u00f3 su departamento. Es un mueble antiguo, de esos que tienen cajones grandes donde caben mil cosas. Generalmente sobre \u00e9l tengo libros que estoy usando de referencia, papeles y materiales como tintas, pinceles y l\u00e1pices. La mayor parte del tiempo hay cerros de cosas encima. El otro escritorio lo compr\u00e9 en una tienda por internet, ah\u00ed paso la mayor parte del tiempo y tengo mi computador, esc\u00e1ner y Wacom.<\/p>\n<p><img loading=\"lazy\" src=\"https:\/\/depto51.cl\/blog\/wp-content\/uploads\/2014\/09\/D3S_5704.jpg\" alt=\"D3S_5704\" width=\"600\" height=\"399\" class=\"alignnone size-full wp-image-24546\" srcset=\"https:\/\/depto51.cl\/blog\/wp-content\/uploads\/2014\/09\/D3S_5704.jpg 600w, https:\/\/depto51.cl\/blog\/wp-content\/uploads\/2014\/09\/D3S_5704-500x332.jpg 500w\" sizes=\"(max-width: 600px) 100vw, 600px\" \/><\/p>\n<p><img loading=\"lazy\" src=\"https:\/\/depto51.cl\/blog\/wp-content\/uploads\/2014\/09\/D3S_5710.jpg\" alt=\"D3S_5710\" width=\"600\" height=\"399\" class=\"alignnone size-full wp-image-24547\" srcset=\"https:\/\/depto51.cl\/blog\/wp-content\/uploads\/2014\/09\/D3S_5710.jpg 600w, https:\/\/depto51.cl\/blog\/wp-content\/uploads\/2014\/09\/D3S_5710-500x332.jpg 500w\" sizes=\"(max-width: 600px) 100vw, 600px\" \/><\/p>\n<p><strong>\u00bfCu\u00e1les son tus objetos favoritos y por qu\u00e9?<\/strong><br \/>\nTengo unas libretas Moleskine para dibujo y acuarela que son s\u00faper buenas y el tama\u00f1o es muy c\u00f3modo para llevarlas a todas partes. Tiendo a reutilizar cosas, como una taza que me regal\u00f3 mi cu\u00f1ada con una ilustraci\u00f3n de Norman Rockwell que uso de portal\u00e1pices, junto con otros tarros y frascos. Colecciono l\u00e1minas antiguas, mapas y cuadros, los que reparto por todos lados. Tambi\u00e9n me gusta darle vida a los rincones colocando plantitas como suculentas de distintos tipos.<\/p>\n<p><img loading=\"lazy\" src=\"https:\/\/depto51.cl\/blog\/wp-content\/uploads\/2014\/09\/D3S_5671.jpg\" alt=\"D3S_5671\" width=\"600\" height=\"780\" class=\"alignnone size-full wp-image-24548\" srcset=\"https:\/\/depto51.cl\/blog\/wp-content\/uploads\/2014\/09\/D3S_5671.jpg 600w, https:\/\/depto51.cl\/blog\/wp-content\/uploads\/2014\/09\/D3S_5671-384x500.jpg 384w\" sizes=\"(max-width: 600px) 100vw, 600px\" \/><\/p>\n<p><img loading=\"lazy\" src=\"https:\/\/depto51.cl\/blog\/wp-content\/uploads\/2014\/09\/D3S_5703.jpg\" alt=\"D3S_5703\" width=\"600\" height=\"399\" class=\"alignnone size-full wp-image-24550\" srcset=\"https:\/\/depto51.cl\/blog\/wp-content\/uploads\/2014\/09\/D3S_5703.jpg 600w, https:\/\/depto51.cl\/blog\/wp-content\/uploads\/2014\/09\/D3S_5703-500x332.jpg 500w\" sizes=\"(max-width: 600px) 100vw, 600px\" \/><\/p>\n<p><strong>Termina la oraci\u00f3n: Mi escritorio del computador es\u2026 <\/strong><br \/>\nUn desorden, que de vez en cuando se recolecta en carpetas que pretendo ordenar mas tarde pero ah\u00ed se quedan. De fondo de pantalla tengo una ilustraci\u00f3n de una lib\u00e9lula que hice como parte de una serie para una exposici\u00f3n colectiva.<\/p>\n<p>Revisa otros de la secci\u00f3n Mi Escritorio <a href=\"https:\/\/depto51.cl\/blog\/category\/mi-escritorio-2\/\" target=\"_blank\">en este link<\/a> \ud83d\ude42<\/p>\n","protected":false},"excerpt":{"rendered":"<p>El escritorio que les mostramos hoy es de Manuela Montero, la dise\u00f1adora encargada de crear las gr\u00e1ficas de Santiago y Valpara\u00edso Patrimonial de la marca KaiKai. Su lugar de trabajo, es decir, los dos que ocupa, est\u00e1n llenos de elementos inspiradores, recuerdos y lindas libretas. Recuerda que esta secci\u00f3n es abierta al p\u00fablico. Si quieres&#8230;<\/p>\n","protected":false},"author":1,"featured_media":24704,"comment_status":"open","ping_status":"open","sticky":false,"template":"","format":"standard","meta":[],"categories":[1,567],"tags":[40,648,491],"acf":[],"_links":{"self":[{"href":"https:\/\/depto51.cl\/blog\/wp-json\/wp\/v2\/posts\/24543"}],"collection":[{"href":"https:\/\/depto51.cl\/blog\/wp-json\/wp\/v2\/posts"}],"about":[{"href":"https:\/\/depto51.cl\/blog\/wp-json\/wp\/v2\/types\/post"}],"author":[{"embeddable":true,"href":"https:\/\/depto51.cl\/blog\/wp-json\/wp\/v2\/users\/1"}],"replies":[{"embeddable":true,"href":"https:\/\/depto51.cl\/blog\/wp-json\/wp\/v2\/comments?post=24543"}],"version-history":[{"count":0,"href":"https:\/\/depto51.cl\/blog\/wp-json\/wp\/v2\/posts\/24543\/revisions"}],"wp:featuredmedia":[{"embeddable":true,"href":"https:\/\/depto51.cl\/blog\/wp-json\/wp\/v2\/media\/24704"}],"wp:attachment":[{"href":"https:\/\/depto51.cl\/blog\/wp-json\/wp\/v2\/media?parent=24543"}],"wp:term":[{"taxonomy":"category","embeddable":true,"href":"https:\/\/depto51.cl\/blog\/wp-json\/wp\/v2\/categories?post=24543"},{"taxonomy":"post_tag","embeddable":true,"href":"https:\/\/depto51.cl\/blog\/wp-json\/wp\/v2\/tags?post=24543"}],"curies":[{"name":"wp","href":"https:\/\/api.w.org\/{rel}","templated":true}]}}