

{"id":24365,"date":"2014-09-18T08:00:01","date_gmt":"2014-09-18T12:00:01","guid":{"rendered":"https:\/\/depto51.cl\/blog\/?p=24365"},"modified":"2018-01-10T16:21:23","modified_gmt":"2018-01-10T20:21:23","slug":"mi-escritorio-javiera-marambio","status":"publish","type":"post","link":"https:\/\/depto51.cl\/blog\/2014\/09\/18\/mi-escritorio-javiera-marambio\/","title":{"rendered":"Mi Escritorio: Javiera Marambio"},"content":{"rendered":"<p>El escritorio que les mostramos hoy es ideal para trabajar. La artista <a href=\"http:\/\/www.javieramarambio.cl\" target=\"_blank\">Javiera Marambio<\/a> nos cuenta todos los detalles de su lindo laboratorio, como lo llama. <\/p>\n<p>Recuerda que esta secci\u00f3n es abierta al p\u00fablico. <strong>Si quieres enviar tu escritorio env\u00edanos un mail a contacto@depto51.cl<\/strong><\/p>\n<p><strong>Revisa la secci\u00f3n Escritorio <a href=\"http:\/\/www.depto51.cl\/catalogo\/escritorio\" target=\"_blank\">en nuestra tienda<\/a> \ud83d\ude42<\/strong><\/p>\n<p><img loading=\"lazy\" src=\"https:\/\/depto51.cl\/blog\/wp-content\/uploads\/2014\/09\/DSC_0440.jpg\" alt=\"DSC_0440\" width=\"600\" height=\"460\" class=\"alignnone size-full wp-image-24366\" srcset=\"https:\/\/depto51.cl\/blog\/wp-content\/uploads\/2014\/09\/DSC_0440.jpg 600w, https:\/\/depto51.cl\/blog\/wp-content\/uploads\/2014\/09\/DSC_0440-500x383.jpg 500w\" sizes=\"(max-width: 600px) 100vw, 600px\" \/><\/p>\n<p><strong>Dinos tu nombre y en qu\u00e9 trabajas<\/strong><br \/>\nJaviera Marambio del Pino. Soy profesora, artista y gestora cultural. Trabajo en la Corporaci\u00f3n Cultural de Lo Barnechea como Directora del Area Educativa que contempla un Centro Cultural con variadas actividades culturales para la comunidad. Adem\u00e1s dirijo el <a href=\"http:\/\/www.lobarnecheacultura.cl \" target=\"_blank\">Centro Lector <\/a>(Biblioteca P\u00fablica de la comuna) donde adem\u00e1s de estar en contacto con los libros, estoy en permanente contacto con las personas. Con mucho esfuerzo y entusiasmo fomentamos la lectura de miles de formas.<br \/>\nAdem\u00e1s pinto, en este momento estoy desarrollando un proyecto con un amigo poeta Pedro Pablo Achondo, quien me pidi\u00f3 la ilustraci\u00f3n de su tercer libro, lo cual me tiene muy motivada y feliz. Esperamos lanzarlo en mayo del 2015, con la editorial Chancacazo, que adem\u00e1s son mis vecinos. <\/p>\n<p><img loading=\"lazy\" src=\"https:\/\/depto51.cl\/blog\/wp-content\/uploads\/2014\/09\/DSC_0449.jpg\" alt=\"DSC_0449\" width=\"600\" height=\"397\" class=\"alignnone size-full wp-image-24367\" srcset=\"https:\/\/depto51.cl\/blog\/wp-content\/uploads\/2014\/09\/DSC_0449.jpg 600w, https:\/\/depto51.cl\/blog\/wp-content\/uploads\/2014\/09\/DSC_0449-500x330.jpg 500w\" sizes=\"(max-width: 600px) 100vw, 600px\" \/><\/p>\n<p><strong>\u00bfC\u00f3mo armaste tu escritorio? <\/strong><br \/>\nMi escritorio es de madera, modular muy entretenido por que se achica y agranda seg\u00fan la necesidad. Lo hered\u00e9 de mi pap\u00e1 quien siempre fue seco para la lectura y desde que tengo uso de raz\u00f3n lo he visto trabajando en su escritorio. Este es de madera y cuando comenc\u00e9 a estudiar arte, lo rescat\u00e9 por que lo iban a regalar. Es muy c\u00f3modo y de una madera oscura, muy bonita. Los materiales los he ido acumulando en el tiempo, siempre he estado rodeada de l\u00e1pices de colores, pinceles, tintas y miles de cosas que uso para mis pinturas y dibujos. Las cajas negras donde ordeno mis cosas, las recog\u00ed de la calle. Hasta estaban pintadas y me quedaron perfecto para ordenar el caos de los l\u00e1pices.<br \/>\nLa l\u00e1mpara tambi\u00e9n era de mi pap\u00e1 y me la regal\u00f3 hace varios a\u00f1os, ella me ha acompa\u00f1ado harto y me encanta por que tiene una luz c\u00e1lida perfecta.<br \/>\nMi atril (que lo amo) se lo compr\u00e9 a un carpintero de Pe\u00f1alol\u00e9n que me lo hizo a medida. Ya no recuerdo el dato por que ten\u00eda 18 a\u00f1os cuando lo compr\u00e9, es firme y me permite pintar cuadros desde dimensiones peque\u00f1as y muy grandes.<br \/>\nTodos los muebles me los he ido consiguiendo y heredando de la casa de mis pap\u00e1s.<br \/>\nLas banderitas de colores de la ventana me las regalo mi mejor amiga y artista Javier Angulo, ella las hace.<br \/>\nLos cuadros de los muros son m\u00edos y tengo una de otra amiga artista Josefina Varela.<\/p>\n<p><img loading=\"lazy\" src=\"https:\/\/depto51.cl\/blog\/wp-content\/uploads\/2014\/09\/DSC_0430.jpg\" alt=\"DSC_0430\" width=\"600\" height=\"748\" class=\"alignnone size-full wp-image-24368\" srcset=\"https:\/\/depto51.cl\/blog\/wp-content\/uploads\/2014\/09\/DSC_0430.jpg 600w, https:\/\/depto51.cl\/blog\/wp-content\/uploads\/2014\/09\/DSC_0430-401x500.jpg 401w\" sizes=\"(max-width: 600px) 100vw, 600px\" \/><\/p>\n<p><strong>\u00bfCu\u00e1les son tus objetos favoritos?<\/strong><br \/>\nMis libros. Ah\u00ed encuentro todo lo que necesito, las palabras, los colores, la poes\u00eda, el arte, los artistas, las vidas, las reflexiones y todo lo que alimenta el esp\u00edritu. Adem\u00e1s de los libros, mis croqueras y diarios, donde esta registrada casi toda mi vida desde los 6 a\u00f1os, edad en que comenc\u00e9 a escribir y dibujar las cosas que me pasaban y las cosas que pensaba (y pienso). Son tantos los diarios y croqueras que aun no me  he podido traer todos de la casa de mis pap\u00e1s por que no me caben. Adem\u00e1s de estos elementos mi tercer elemento fundamental y favorito en este lugar es la m\u00fasica, sin ella no puedo trabajar para eso conecto un mini parlante al tel\u00e9fono y listo.<\/p>\n<p><img loading=\"lazy\" src=\"https:\/\/depto51.cl\/blog\/wp-content\/uploads\/2014\/09\/DSC_0505.jpg\" alt=\"DSC_0505\" width=\"600\" height=\"397\" class=\"alignnone size-full wp-image-24369\" srcset=\"https:\/\/depto51.cl\/blog\/wp-content\/uploads\/2014\/09\/DSC_0505.jpg 600w, https:\/\/depto51.cl\/blog\/wp-content\/uploads\/2014\/09\/DSC_0505-500x330.jpg 500w\" sizes=\"(max-width: 600px) 100vw, 600px\" \/><\/p>\n<p><strong>Termina la oraci\u00f3n: Mi escritorio del computador es\u2026 <\/strong><br \/>\nMi escritorio del computador es el reflejo de las cosas que estoy haciendo, lo trato de mantener bien ordenado por que como soy muy dispersa, me distraigo f\u00e1cilmente viendo mis propias fotos. Ahora por ejemplo tengo carpetas principales de mis proyectos de exposici\u00f3n, un viaje que voy a hacer dentro de poco a Colombia, un proyecto de compra de terreno en el sur con mis amigos, fotos de mi matrimonio, algunos fondart que estamos presentando en mi trabajo y mi nueva mini PYME donde vendo carcasas para tel\u00e9fonos con mis obras impresas (catalogo pedir a marambio.javiera@gmail.com). Los archivos sueltos siempre son cosas pendientes por leer que se van a una carpeta que se llama PENSAR.<br \/>\nEn el fondo de escritorio tengo una foto en que aparezco con Roberto (un ni\u00f1o que adoro) y mi perro Homero que lo amo, en un paseo que hicimos a algarrobo hace poco.<\/p>\n<p><strong>Revisa otros de la secci\u00f3n Mi Escritorio<a href=\"https:\/\/depto51.cl\/blog\/category\/mi-escritorio-2\/\" target=\"_blank\"> en este link<\/a> \ud83d\ude42<\/strong><\/p>\n","protected":false},"excerpt":{"rendered":"<p>El escritorio que les mostramos hoy es ideal para trabajar. La artista Javiera Marambio nos cuenta todos los detalles de su lindo laboratorio, como lo llama. Recuerda que esta secci\u00f3n es abierta al p\u00fablico. Si quieres enviar tu escritorio env\u00edanos un mail a contacto@depto51.cl Revisa la secci\u00f3n Escritorio en nuestra tienda \ud83d\ude42 Dinos tu nombre&#8230;<\/p>\n","protected":false},"author":1,"featured_media":24375,"comment_status":"open","ping_status":"open","sticky":false,"template":"","format":"standard","meta":[],"categories":[1,567],"tags":[637,40,491],"acf":[],"_links":{"self":[{"href":"https:\/\/depto51.cl\/blog\/wp-json\/wp\/v2\/posts\/24365"}],"collection":[{"href":"https:\/\/depto51.cl\/blog\/wp-json\/wp\/v2\/posts"}],"about":[{"href":"https:\/\/depto51.cl\/blog\/wp-json\/wp\/v2\/types\/post"}],"author":[{"embeddable":true,"href":"https:\/\/depto51.cl\/blog\/wp-json\/wp\/v2\/users\/1"}],"replies":[{"embeddable":true,"href":"https:\/\/depto51.cl\/blog\/wp-json\/wp\/v2\/comments?post=24365"}],"version-history":[{"count":0,"href":"https:\/\/depto51.cl\/blog\/wp-json\/wp\/v2\/posts\/24365\/revisions"}],"wp:featuredmedia":[{"embeddable":true,"href":"https:\/\/depto51.cl\/blog\/wp-json\/wp\/v2\/media\/24375"}],"wp:attachment":[{"href":"https:\/\/depto51.cl\/blog\/wp-json\/wp\/v2\/media?parent=24365"}],"wp:term":[{"taxonomy":"category","embeddable":true,"href":"https:\/\/depto51.cl\/blog\/wp-json\/wp\/v2\/categories?post=24365"},{"taxonomy":"post_tag","embeddable":true,"href":"https:\/\/depto51.cl\/blog\/wp-json\/wp\/v2\/tags?post=24365"}],"curies":[{"name":"wp","href":"https:\/\/api.w.org\/{rel}","templated":true}]}}