

{"id":24355,"date":"2014-09-16T08:00:44","date_gmt":"2014-09-16T12:00:44","guid":{"rendered":"https:\/\/depto51.cl\/blog\/?p=24355"},"modified":"2018-01-10T16:21:35","modified_gmt":"2018-01-10T20:21:35","slug":"mi-escritorio-sofia-mackenney","status":"publish","type":"post","link":"https:\/\/depto51.cl\/blog\/2014\/09\/16\/mi-escritorio-sofia-mackenney\/","title":{"rendered":"Mi Escritorio: Sof\u00eda Mackenney"},"content":{"rendered":"<p>Recibimos esta linda colaboraci\u00f3n a Mi Escritorio. La dise\u00f1adora Sof\u00eda Mackenney arm\u00f3 su propio lugar de trabajo, sin cajones y con grandes tornillos para colgar sus bolsos y mochilas.<\/p>\n<p>Recuerda que esta secci\u00f3n es abierta al p\u00fablico. Si quieres enviar tu escritorio env\u00edanos un mail a contacto@depto51.cl<\/p>\n<p>Revisa la secci\u00f3n Escritorio <a href=\"http:\/\/www.depto51.cl\/catalogo\/escritorio\" target=\"_blank\">en nuestra tienda<\/a> \ud83d\ude42<\/p>\n<p><img loading=\"lazy\" class=\"alignnone size-full wp-image-24356\" alt=\"sofia01\" src=\"https:\/\/depto51.cl\/blog\/wp-content\/uploads\/2014\/09\/sofia01.jpg\" width=\"600\" height=\"402\" srcset=\"https:\/\/depto51.cl\/blog\/wp-content\/uploads\/2014\/09\/sofia01.jpg 600w, https:\/\/depto51.cl\/blog\/wp-content\/uploads\/2014\/09\/sofia01-500x335.jpg 500w\" sizes=\"(max-width: 600px) 100vw, 600px\" \/><\/p>\n<p><strong>Dinos tu nombre y en qu\u00e9 trabajas<\/strong><br \/>\nSof\u00eda Mackenney, soy dise\u00f1adora gr\u00e1fica y junto con un socio tenemos un estudio que se llama <a href=\"http:\/\/www.simplelab.cl\" target=\"_blank\">SimpleLab<\/a> (@<a href=\"http:\/\/instagram.com\/simplelab\" target=\"_blank\">simplelab<\/a>\/)<\/p>\n<p><strong>\u00bfC\u00f3mo armaste tu escritorio?<\/strong><br \/>\nVivo con una amiga y entre las dos compramos la madera y lo armamos. Tuve algunos errores de c\u00e1lculo y hubo que transformar cosas en el camino pero al final sali\u00f3.<br \/>\nQuer\u00eda tornillos grandes que ademas de estructurar me sirvieran para colgar <a href=\"http:\/\/depto51.cl\/catalogo\/totes-bolsos\" target=\"_blank\">bolsas<\/a> y <a href=\"http:\/\/depto51.cl\/catalogo\/mochilas\" target=\"_blank\">mochilas<\/a>, y un espacio sin cajones para que las cosas que me gustan no quedaran guardadas.<br \/>\nHay de todo. Entre trabajo, regalos, fotos, dibujos, croqueras usadas y varios libros y revistas que me he tra\u00eddo de a poco de viajes.<\/p>\n<p><img loading=\"lazy\" class=\"alignnone size-full wp-image-24357\" alt=\"sofia02\" src=\"https:\/\/depto51.cl\/blog\/wp-content\/uploads\/2014\/09\/sofia02.jpg\" width=\"600\" height=\"402\" srcset=\"https:\/\/depto51.cl\/blog\/wp-content\/uploads\/2014\/09\/sofia02.jpg 600w, https:\/\/depto51.cl\/blog\/wp-content\/uploads\/2014\/09\/sofia02-500x335.jpg 500w\" sizes=\"(max-width: 600px) 100vw, 600px\" \/><\/p>\n<p><img loading=\"lazy\" class=\"alignnone size-full wp-image-24358\" alt=\"sofia03\" src=\"https:\/\/depto51.cl\/blog\/wp-content\/uploads\/2014\/09\/sofia03.jpg\" width=\"600\" height=\"402\" srcset=\"https:\/\/depto51.cl\/blog\/wp-content\/uploads\/2014\/09\/sofia03.jpg 600w, https:\/\/depto51.cl\/blog\/wp-content\/uploads\/2014\/09\/sofia03-500x335.jpg 500w\" sizes=\"(max-width: 600px) 100vw, 600px\" \/><\/p>\n<p><strong>\u00bfCu\u00e1les son tus objetos favoritos y por qu\u00e9?<\/strong><br \/>\nPor ahora, una taza que hicimos para el proyecto de un caf\u00e9 y un libro que me regal\u00f3 mi abuela cuando chica, Margarita. Tambi\u00e9n me gustan mucho unos parlantes de Muji de cart\u00f3n.<\/p>\n<p><img loading=\"lazy\" class=\"alignnone size-full wp-image-24359\" alt=\"sofia04\" src=\"https:\/\/depto51.cl\/blog\/wp-content\/uploads\/2014\/09\/sofia04.jpg\" width=\"600\" height=\"402\" srcset=\"https:\/\/depto51.cl\/blog\/wp-content\/uploads\/2014\/09\/sofia04.jpg 600w, https:\/\/depto51.cl\/blog\/wp-content\/uploads\/2014\/09\/sofia04-500x335.jpg 500w\" sizes=\"(max-width: 600px) 100vw, 600px\" \/><\/p>\n<p><img loading=\"lazy\" class=\"alignnone size-full wp-image-24360\" alt=\"sofia05\" src=\"https:\/\/depto51.cl\/blog\/wp-content\/uploads\/2014\/09\/sofia05.jpg\" width=\"600\" height=\"402\" srcset=\"https:\/\/depto51.cl\/blog\/wp-content\/uploads\/2014\/09\/sofia05.jpg 600w, https:\/\/depto51.cl\/blog\/wp-content\/uploads\/2014\/09\/sofia05-500x335.jpg 500w\" sizes=\"(max-width: 600px) 100vw, 600px\" \/><\/p>\n<p><strong>Termina la oraci\u00f3n: Mi escritorio del computador es\u2026 <\/strong><br \/>\nEs negro siempre, si no, hay demasiadas cosas y no veo las carpetas. Como hacemos mucho dise\u00f1o editorial y tipograf\u00edas, aprovecho de ponerlas como fondo y voy cambiando las pantallas para corregir.<\/p>\n","protected":false},"excerpt":{"rendered":"<p>Recibimos esta linda colaboraci\u00f3n a Mi Escritorio. La dise\u00f1adora Sof\u00eda Mackenney arm\u00f3 su propio lugar de trabajo, sin cajones y con grandes tornillos para colgar sus bolsos y mochilas. Recuerda que esta secci\u00f3n es abierta al p\u00fablico. Si quieres enviar tu escritorio env\u00edanos un mail a contacto@depto51.cl Revisa la secci\u00f3n Escritorio en nuestra tienda \ud83d\ude42&#8230;<\/p>\n","protected":false},"author":1,"featured_media":24361,"comment_status":"open","ping_status":"open","sticky":false,"template":"","format":"standard","meta":[],"categories":[1,567],"tags":[196,256,40,491],"acf":[],"_links":{"self":[{"href":"https:\/\/depto51.cl\/blog\/wp-json\/wp\/v2\/posts\/24355"}],"collection":[{"href":"https:\/\/depto51.cl\/blog\/wp-json\/wp\/v2\/posts"}],"about":[{"href":"https:\/\/depto51.cl\/blog\/wp-json\/wp\/v2\/types\/post"}],"author":[{"embeddable":true,"href":"https:\/\/depto51.cl\/blog\/wp-json\/wp\/v2\/users\/1"}],"replies":[{"embeddable":true,"href":"https:\/\/depto51.cl\/blog\/wp-json\/wp\/v2\/comments?post=24355"}],"version-history":[{"count":0,"href":"https:\/\/depto51.cl\/blog\/wp-json\/wp\/v2\/posts\/24355\/revisions"}],"wp:featuredmedia":[{"embeddable":true,"href":"https:\/\/depto51.cl\/blog\/wp-json\/wp\/v2\/media\/24361"}],"wp:attachment":[{"href":"https:\/\/depto51.cl\/blog\/wp-json\/wp\/v2\/media?parent=24355"}],"wp:term":[{"taxonomy":"category","embeddable":true,"href":"https:\/\/depto51.cl\/blog\/wp-json\/wp\/v2\/categories?post=24355"},{"taxonomy":"post_tag","embeddable":true,"href":"https:\/\/depto51.cl\/blog\/wp-json\/wp\/v2\/tags?post=24355"}],"curies":[{"name":"wp","href":"https:\/\/api.w.org\/{rel}","templated":true}]}}