

{"id":24192,"date":"2014-09-11T08:00:43","date_gmt":"2014-09-11T12:00:43","guid":{"rendered":"https:\/\/depto51.cl\/blog\/?p=24192"},"modified":"2018-01-10T16:21:45","modified_gmt":"2018-01-10T20:21:45","slug":"mi-escritorio-jeronimo-pere","status":"publish","type":"post","link":"https:\/\/depto51.cl\/blog\/2014\/09\/11\/mi-escritorio-jeronimo-pere\/","title":{"rendered":"Mi Escritorio: Jer\u00f3nimo P\u00e9rez"},"content":{"rendered":"<p>Cada vez vamos sumando nuevos lugares de trabajo a nuestra secci\u00f3n Mi Escritorio. Esta vez les mostramos el de Jer\u00f3nimo, director creativo de <a href=\"http:\/\/www.otrosperez.com\/\" target=\"_blank\">Otros P\u00e9rez<\/a>, quien combina m\u00fasica, fotograf\u00eda y una linda taza.<\/p>\n<p>Recuerda que esta secci\u00f3n es abierta al p\u00fablico. <strong>Si quieres enviar tu escritorio env\u00edanos un mail a contacto@depto51.cl<\/strong><\/p>\n<p><strong>Revisa la secci\u00f3n Escritorio en <a href=\"http:\/\/www.depto51.cl\/catalogo\/escritorio\" target=\"_blank\">nuestra tienda<\/a> \ud83d\ude42<\/strong><\/p>\n<p><img loading=\"lazy\" class=\"alignnone size-full wp-image-24200\" alt=\"la foto 1\" src=\"https:\/\/depto51.cl\/blog\/wp-content\/uploads\/2014\/09\/la-foto-1.jpg\" width=\"600\" height=\"450\" srcset=\"https:\/\/depto51.cl\/blog\/wp-content\/uploads\/2014\/09\/la-foto-1.jpg 600w, https:\/\/depto51.cl\/blog\/wp-content\/uploads\/2014\/09\/la-foto-1-500x375.jpg 500w\" sizes=\"(max-width: 600px) 100vw, 600px\" \/><\/p>\n<p><strong>Dinos tu nombre y en qu\u00e9 trabajas:<\/strong><br \/>\nJer\u00f3nimo P\u00e9rez, director creativo en el estudio de dise\u00f1o <a href=\"http:\/\/www.otrosperez.com\/\" target=\"_blank\">Otros P\u00e9rez<\/a>.<\/p>\n<p><strong>\u00bfC\u00f3mo armaste tu escritorio?<\/strong><br \/>\nMi escritorio est\u00e1 literalmente en la mitad de la oficina, porque desde ah\u00ed hablo con todo el equipo, tengo muchos l\u00e1pices de colores, libros de referentes que estamos usando y pruebas de color e impresos dise\u00f1ados por nosotros.<\/p>\n<p><img loading=\"lazy\" class=\"alignnone size-full wp-image-24201\" alt=\"la foto 3\" src=\"https:\/\/depto51.cl\/blog\/wp-content\/uploads\/2014\/09\/la-foto-3.jpg\" width=\"600\" height=\"712\" srcset=\"https:\/\/depto51.cl\/blog\/wp-content\/uploads\/2014\/09\/la-foto-3.jpg 600w, https:\/\/depto51.cl\/blog\/wp-content\/uploads\/2014\/09\/la-foto-3-421x500.jpg 421w\" sizes=\"(max-width: 600px) 100vw, 600px\" \/><\/p>\n<p><strong>\u00bfCu\u00e1les son tus objetos favoritos y por qu\u00e9?<\/strong><br \/>\nMe gusta mucho mi c\u00e1mara Holga que compr\u00e9 la primera vez que fui a New York, cada vez es m\u00e1s dif\u00edcil encontrar rollos, pero me resisto a abandonar del todo la foto an\u00e1loga, la pantonera es parte de la vida de un dise\u00f1ador gr\u00e1fico, hay que verla tanto que al final uno le agarra cari\u00f1o, tambi\u00e9n me encantan las <a href=\"http:\/\/www.depto51.cl\/marca\/pantone\" target=\"_blank\">tazas Pantone<\/a> que compramos hace poco en <a href=\"http:\/\/www.depto51.cl\/\" target=\"_blank\">Depto51<\/a>.<\/p>\n<p><img loading=\"lazy\" class=\"alignnone size-full wp-image-24202\" alt=\"la foto 4\" src=\"https:\/\/depto51.cl\/blog\/wp-content\/uploads\/2014\/09\/la-foto-4.jpg\" width=\"600\" height=\"488\" srcset=\"https:\/\/depto51.cl\/blog\/wp-content\/uploads\/2014\/09\/la-foto-4.jpg 600w, https:\/\/depto51.cl\/blog\/wp-content\/uploads\/2014\/09\/la-foto-4-500x406.jpg 500w\" sizes=\"(max-width: 600px) 100vw, 600px\" \/><\/p>\n<p><strong>Termina la oraci\u00f3n: Mi escritorio del computador es\u2026 <\/strong><br \/>\nMi escritorio del computador es un agrado porque est\u00e1 casi siempre ordenado y de fondo van cambiando mis instagram, as\u00ed siempre me acuerdo de momentos entretenidos.<\/p>\n","protected":false},"excerpt":{"rendered":"<p>Cada vez vamos sumando nuevos lugares de trabajo a nuestra secci\u00f3n Mi Escritorio. Esta vez les mostramos el de Jer\u00f3nimo, director creativo de Otros P\u00e9rez, quien combina m\u00fasica, fotograf\u00eda y una linda taza. Recuerda que esta secci\u00f3n es abierta al p\u00fablico. Si quieres enviar tu escritorio env\u00edanos un mail a contacto@depto51.cl Revisa la secci\u00f3n Escritorio&#8230;<\/p>\n","protected":false},"author":1,"featured_media":24204,"comment_status":"open","ping_status":"open","sticky":false,"template":"","format":"standard","meta":[],"categories":[1,567],"tags":[627,491,626],"acf":[],"_links":{"self":[{"href":"https:\/\/depto51.cl\/blog\/wp-json\/wp\/v2\/posts\/24192"}],"collection":[{"href":"https:\/\/depto51.cl\/blog\/wp-json\/wp\/v2\/posts"}],"about":[{"href":"https:\/\/depto51.cl\/blog\/wp-json\/wp\/v2\/types\/post"}],"author":[{"embeddable":true,"href":"https:\/\/depto51.cl\/blog\/wp-json\/wp\/v2\/users\/1"}],"replies":[{"embeddable":true,"href":"https:\/\/depto51.cl\/blog\/wp-json\/wp\/v2\/comments?post=24192"}],"version-history":[{"count":0,"href":"https:\/\/depto51.cl\/blog\/wp-json\/wp\/v2\/posts\/24192\/revisions"}],"wp:featuredmedia":[{"embeddable":true,"href":"https:\/\/depto51.cl\/blog\/wp-json\/wp\/v2\/media\/24204"}],"wp:attachment":[{"href":"https:\/\/depto51.cl\/blog\/wp-json\/wp\/v2\/media?parent=24192"}],"wp:term":[{"taxonomy":"category","embeddable":true,"href":"https:\/\/depto51.cl\/blog\/wp-json\/wp\/v2\/categories?post=24192"},{"taxonomy":"post_tag","embeddable":true,"href":"https:\/\/depto51.cl\/blog\/wp-json\/wp\/v2\/tags?post=24192"}],"curies":[{"name":"wp","href":"https:\/\/api.w.org\/{rel}","templated":true}]}}