

{"id":23479,"date":"2014-08-28T11:43:08","date_gmt":"2014-08-28T15:43:08","guid":{"rendered":"https:\/\/depto51.cl\/blog\/?p=23479"},"modified":"2018-01-10T16:22:51","modified_gmt":"2018-01-10T20:22:51","slug":"mi-escritorio-nicolas-aracena","status":"publish","type":"post","link":"https:\/\/depto51.cl\/blog\/2014\/08\/28\/mi-escritorio-nicolas-aracena\/","title":{"rendered":"Mi Escritorio: Nicol\u00e1s Aracena"},"content":{"rendered":"<p>Esta vez les presentamos un escritorio hecho a mano por un arquitecto de <a href=\"http:\/\/www.armu.co\" target=\"_blank\">ARM\u00dc<\/a>, con lo justo para trabajar y la compa\u00f1\u00eda de un lindo gato. <\/p>\n<p>Recuerda que esta secci\u00f3n es abierta al p\u00fablico. <strong>Si quieres enviar tu escritorio env\u00edanos un mail a contacto@depto51.cl<\/strong><\/p>\n<p><img loading=\"lazy\" src=\"https:\/\/depto51.cl\/blog\/wp-content\/uploads\/2014\/08\/DSCF4539.jpg\" alt=\"DSCF4539\" width=\"600\" height=\"450\" class=\"alignnone size-full wp-image-23481\" srcset=\"https:\/\/depto51.cl\/blog\/wp-content\/uploads\/2014\/08\/DSCF4539.jpg 600w, https:\/\/depto51.cl\/blog\/wp-content\/uploads\/2014\/08\/DSCF4539-500x375.jpg 500w\" sizes=\"(max-width: 600px) 100vw, 600px\" \/><\/p>\n<p><strong>Dinos tu nombre y en qu\u00e9 trabajas:<\/strong><br \/>\nNicol\u00e1s Aracena, soy Arquitecto y trabajo en <a href=\"http:\/\/www.armu.co\" target=\"_blank\">ARM\u00dc<\/a><\/p>\n<p><strong>\u00bfC\u00f3mo armaste tu escritorio? <\/strong><br \/>\nLo dise\u00f1\u00e9 y constru\u00ed yo con mi anterior proyecto profesional LOSGOGO.<br \/>\nLa idea era hacer algo simple y amplio para poder tener espacio para tener el computador y otras cosas m\u00e1s sobre el escritorio.<br \/>\nAdem\u00e1s, muchos cajones para mantenerlo ordenado.<br \/>\nEl escritorio esta hecho a partir de terciado marino lacado y patas de fierro.<\/p>\n<p><img loading=\"lazy\" src=\"https:\/\/depto51.cl\/blog\/wp-content\/uploads\/2014\/08\/DSCF4542.jpg\" alt=\"DSCF4542\" width=\"600\" height=\"450\" class=\"alignnone size-full wp-image-23482\" srcset=\"https:\/\/depto51.cl\/blog\/wp-content\/uploads\/2014\/08\/DSCF4542.jpg 600w, https:\/\/depto51.cl\/blog\/wp-content\/uploads\/2014\/08\/DSCF4542-500x375.jpg 500w\" sizes=\"(max-width: 600px) 100vw, 600px\" \/><\/p>\n<p><img loading=\"lazy\" src=\"https:\/\/depto51.cl\/blog\/wp-content\/uploads\/2014\/08\/DSCF4570.jpg\" alt=\"DSCF4570\" width=\"600\" height=\"349\" class=\"alignnone size-full wp-image-23483\" srcset=\"https:\/\/depto51.cl\/blog\/wp-content\/uploads\/2014\/08\/DSCF4570.jpg 600w, https:\/\/depto51.cl\/blog\/wp-content\/uploads\/2014\/08\/DSCF4570-500x290.jpg 500w\" sizes=\"(max-width: 600px) 100vw, 600px\" \/><\/p>\n<p><strong>\u00bfCu\u00e1les son tus objetos favoritos y por qu\u00e9?<\/strong><br \/>\nMis objetos favoritos son lo que llevo en el bolsillo.<br \/>\nMi lapicera Rotring porque es de metal, tiene su peso y eso me gusta mucho al escribir\/dibujar.<br \/>\n<a href=\"http:\/\/depto51.cl\/marca\/lamy\" target=\"_blank\">Portamina Lamy<\/a> porque es cl\u00e1sico y funciona muy bien.<br \/>\nLa croquera <a href=\"http:\/\/depto51.cl\/marca\/moleskine\" target=\"_blank\">Moleskine<\/a> porque es peque\u00f1a y delgada entonces  la puedo llevar a todos lados  en  en el bolsillo del pantal\u00f3n o camisa sin que se arrugue o se doble.<br \/>\nLa c\u00e1mara de fotos (Fujifilm x20 negra que no sale porque la use para sacar las fotos.)<br \/>\nPorque es peque\u00f1a, compacta y semi manual lo que permite sacar buenas fotos.<br \/>\nLa Navaja Opinel, porque es peque\u00f1a simple linda y me lo regalaron unos amigos.<br \/>\nA veces se aparece la Flori (gata) y se sienta conmigo en el escritorio.<\/p>\n<p><img loading=\"lazy\" src=\"https:\/\/depto51.cl\/blog\/wp-content\/uploads\/2014\/08\/florinda.jpg\" alt=\"florinda\" width=\"600\" height=\"400\" class=\"alignnone size-full wp-image-23484\" srcset=\"https:\/\/depto51.cl\/blog\/wp-content\/uploads\/2014\/08\/florinda.jpg 600w, https:\/\/depto51.cl\/blog\/wp-content\/uploads\/2014\/08\/florinda-500x333.jpg 500w\" sizes=\"(max-width: 600px) 100vw, 600px\" \/><\/p>\n<p><strong>Termina la oraci\u00f3n: Mi escritorio del computador es\u2026 <\/strong><br \/>\nComo el espacio intermedio. Donde hay archivos que todav\u00eda no s\u00e9 que hacer con ellos si eliminarlos o organizarlos. Con un fondo de la cordillera despejada de un valle cerca de Santiago.<\/p>\n<p>Puedes revisar otros de la secci\u00f3n Mi Escritorio <a href=\"https:\/\/depto51.cl\/blog\/category\/mi-escritorio-2\/\" target=\"_blank\">en este link<\/a> \ud83d\ude42<\/p>\n","protected":false},"excerpt":{"rendered":"<p>Esta vez les presentamos un escritorio hecho a mano por un arquitecto de ARM\u00dc, con lo justo para trabajar y la compa\u00f1\u00eda de un lindo gato. Recuerda que esta secci\u00f3n es abierta al p\u00fablico. Si quieres enviar tu escritorio env\u00edanos un mail a contacto@depto51.cl Dinos tu nombre y en qu\u00e9 trabajas: Nicol\u00e1s Aracena, soy Arquitecto&#8230;<\/p>\n","protected":false},"author":1,"featured_media":23485,"comment_status":"open","ping_status":"open","sticky":false,"template":"","format":"standard","meta":[],"categories":[1,567],"tags":[256,40,491,514],"acf":[],"_links":{"self":[{"href":"https:\/\/depto51.cl\/blog\/wp-json\/wp\/v2\/posts\/23479"}],"collection":[{"href":"https:\/\/depto51.cl\/blog\/wp-json\/wp\/v2\/posts"}],"about":[{"href":"https:\/\/depto51.cl\/blog\/wp-json\/wp\/v2\/types\/post"}],"author":[{"embeddable":true,"href":"https:\/\/depto51.cl\/blog\/wp-json\/wp\/v2\/users\/1"}],"replies":[{"embeddable":true,"href":"https:\/\/depto51.cl\/blog\/wp-json\/wp\/v2\/comments?post=23479"}],"version-history":[{"count":0,"href":"https:\/\/depto51.cl\/blog\/wp-json\/wp\/v2\/posts\/23479\/revisions"}],"wp:featuredmedia":[{"embeddable":true,"href":"https:\/\/depto51.cl\/blog\/wp-json\/wp\/v2\/media\/23485"}],"wp:attachment":[{"href":"https:\/\/depto51.cl\/blog\/wp-json\/wp\/v2\/media?parent=23479"}],"wp:term":[{"taxonomy":"category","embeddable":true,"href":"https:\/\/depto51.cl\/blog\/wp-json\/wp\/v2\/categories?post=23479"},{"taxonomy":"post_tag","embeddable":true,"href":"https:\/\/depto51.cl\/blog\/wp-json\/wp\/v2\/tags?post=23479"}],"curies":[{"name":"wp","href":"https:\/\/api.w.org\/{rel}","templated":true}]}}