

{"id":23288,"date":"2014-08-26T08:00:08","date_gmt":"2014-08-26T12:00:08","guid":{"rendered":"https:\/\/depto51.cl\/blog\/?p=23288"},"modified":"2018-01-10T16:23:13","modified_gmt":"2018-01-10T20:23:13","slug":"mi-escritorio-nicolas-radic","status":"publish","type":"post","link":"https:\/\/depto51.cl\/blog\/2014\/08\/26\/mi-escritorio-nicolas-radic\/","title":{"rendered":"Mi Escritorio: Nicol\u00e1s Radic"},"content":{"rendered":"<p>Alguna vez se imaginaron el escritorio de un artista? En esta oportunidad les mostramos el lugar de trabajo del talentoso <a href=\"http:\/\/www.nicolasradic.com\" target=\"_blank\">Nicol\u00e1s Radic<\/a>, quien tiene un lugar lleno de colores, pinceles, envases y telas. <\/p>\n<p>Recuerda que esta secci\u00f3n es abierta al p\u00fablico. <strong>Si quieres enviar tu escritorio env\u00edanos un mail a contacto@depto51.cl<\/strong><\/p>\n<p><img loading=\"lazy\" src=\"https:\/\/depto51.cl\/blog\/wp-content\/uploads\/2014\/08\/la-foto-41.jpg\" alt=\"la foto 4\" width=\"600\" height=\"594\" class=\"alignnone size-full wp-image-23319\" srcset=\"https:\/\/depto51.cl\/blog\/wp-content\/uploads\/2014\/08\/la-foto-41.jpg 600w, https:\/\/depto51.cl\/blog\/wp-content\/uploads\/2014\/08\/la-foto-41-500x495.jpg 500w, https:\/\/depto51.cl\/blog\/wp-content\/uploads\/2014\/08\/la-foto-41-150x150.jpg 150w, https:\/\/depto51.cl\/blog\/wp-content\/uploads\/2014\/08\/la-foto-41-145x145.jpg 145w\" sizes=\"(max-width: 600px) 100vw, 600px\" \/><\/p>\n<p><strong>Dinos tu nombre y en qu\u00e9 trabajas<\/strong><br \/>\nNicol\u00e1s Radic, soy pintor.<\/p>\n<p><strong>\u00bfC\u00f3mo armaste tu escritorio? <\/strong><br \/>\nMi escritorio lo conforman mi atril y mi silla. El atril lo compr\u00e9 en <a href=\"http:\/\/www.coloranimal.cl\/site\/\" target=\"_blank\">Color Animal<\/a>, que por esas casualidades queda justo abajo de mi casa, lo renov\u00e9 hace un a\u00f1o, pero ya est\u00e1 entero pintado. La gran gracia del atril es que tiene caja, ruedas y que el soporte llega hasta el piso lo que me permite trabajar m\u00e1s c\u00f3modamente en cuadros grandes sin tener que pararme.  Mi silla me acompa\u00f1a hace m\u00e1s de ocho a\u00f1os. La encontr\u00e9 por ah\u00ed en una bodega entre varias cosas abandonadas. Es una silla de metal y cuero bien gastado. La forma de las patas me permite un ligero balanceo. He optado por repararla artesanalmente con cuerdas, amarras y cojines, siempre lo viejo me es m\u00e1s c\u00f3modo. El resto de mi escritorio lo constituyen: telas, pinceles, \u00f3leos, paleta, esp\u00e1tula y un trapo viejo.<\/p>\n<p><img loading=\"lazy\" src=\"https:\/\/depto51.cl\/blog\/wp-content\/uploads\/2014\/08\/la-foto-12.jpg\" alt=\"la foto 1\" width=\"600\" height=\"708\" class=\"alignnone size-full wp-image-23310\" srcset=\"https:\/\/depto51.cl\/blog\/wp-content\/uploads\/2014\/08\/la-foto-12.jpg 600w, https:\/\/depto51.cl\/blog\/wp-content\/uploads\/2014\/08\/la-foto-12-423x500.jpg 423w\" sizes=\"(max-width: 600px) 100vw, 600px\" \/><\/p>\n<p><strong>\u00bfCu\u00e1les son tus objetos favoritos y por qu\u00e9? <\/strong><br \/>\nMis pinceles porque con desechables y los compro de a miles (siempre pido todos los que queden en la tienda y me voy igual de contento si son 5 \u00f3 100, es parte del juego). Uso puros Artel negros sint\u00e9ticos de mango corto.<\/p>\n<p><img loading=\"lazy\" src=\"https:\/\/depto51.cl\/blog\/wp-content\/uploads\/2014\/08\/la-foto-22.jpg\" alt=\"la foto 2\" width=\"600\" height=\"750\" class=\"alignnone size-full wp-image-23311\" srcset=\"https:\/\/depto51.cl\/blog\/wp-content\/uploads\/2014\/08\/la-foto-22.jpg 600w, https:\/\/depto51.cl\/blog\/wp-content\/uploads\/2014\/08\/la-foto-22-400x500.jpg 400w\" sizes=\"(max-width: 600px) 100vw, 600px\" \/><\/p>\n<p><img loading=\"lazy\" src=\"https:\/\/depto51.cl\/blog\/wp-content\/uploads\/2014\/08\/la-foto-32.jpg\" alt=\"la foto 3\" width=\"600\" height=\"450\" class=\"alignnone size-full wp-image-23312\" srcset=\"https:\/\/depto51.cl\/blog\/wp-content\/uploads\/2014\/08\/la-foto-32.jpg 600w, https:\/\/depto51.cl\/blog\/wp-content\/uploads\/2014\/08\/la-foto-32-500x375.jpg 500w\" sizes=\"(max-width: 600px) 100vw, 600px\" \/><\/p>\n<p><strong>Termina la oraci\u00f3n: Mi escritorio del computador es&#8230;<\/strong><br \/>\nTengo todo muy ordenado en carpetas por tem\u00e1ticas, tan clasificado que a veces me cuesta dar con lo que ando buscando. Pero todo est\u00e1 ah\u00ed, con paciencia siempre llego.<\/p>\n<p>Sigue el trabajo de Nicol\u00e1s Radic en su <a href=\"http:\/\/www.nicolasradic.com\" target=\"_blank\">p\u00e1gina web<\/a>\/ <a href=\"https:\/\/www.facebook.com\/pages\/Nicol%C3%A1s-Radic\/1545822562311299\" target=\"_blank\">Facebook<\/a> \/ <a href=\"http:\/\/instagram.com\/nradic\" target=\"_blank\">Instagram<\/a><\/p>\n<p><strong>Mira m\u00e1s de la secci\u00f3n Mi Escritorio <a href=\"https:\/\/depto51.cl\/blog\/category\/mi-escritorio-2\/\" target=\"_blank\">en este link<\/a> \ud83d\ude42<br \/>\n<\/strong><\/p>\n","protected":false},"excerpt":{"rendered":"<p>Alguna vez se imaginaron el escritorio de un artista? En esta oportunidad les mostramos el lugar de trabajo del talentoso Nicol\u00e1s Radic, quien tiene un lugar lleno de colores, pinceles, envases y telas. Recuerda que esta secci\u00f3n es abierta al p\u00fablico. Si quieres enviar tu escritorio env\u00edanos un mail a contacto@depto51.cl Dinos tu nombre y&#8230;<\/p>\n","protected":false},"author":1,"featured_media":23326,"comment_status":"open","ping_status":"open","sticky":false,"template":"","format":"standard","meta":[],"categories":[1,567],"tags":[568,491,573],"acf":[],"_links":{"self":[{"href":"https:\/\/depto51.cl\/blog\/wp-json\/wp\/v2\/posts\/23288"}],"collection":[{"href":"https:\/\/depto51.cl\/blog\/wp-json\/wp\/v2\/posts"}],"about":[{"href":"https:\/\/depto51.cl\/blog\/wp-json\/wp\/v2\/types\/post"}],"author":[{"embeddable":true,"href":"https:\/\/depto51.cl\/blog\/wp-json\/wp\/v2\/users\/1"}],"replies":[{"embeddable":true,"href":"https:\/\/depto51.cl\/blog\/wp-json\/wp\/v2\/comments?post=23288"}],"version-history":[{"count":0,"href":"https:\/\/depto51.cl\/blog\/wp-json\/wp\/v2\/posts\/23288\/revisions"}],"wp:featuredmedia":[{"embeddable":true,"href":"https:\/\/depto51.cl\/blog\/wp-json\/wp\/v2\/media\/23326"}],"wp:attachment":[{"href":"https:\/\/depto51.cl\/blog\/wp-json\/wp\/v2\/media?parent=23288"}],"wp:term":[{"taxonomy":"category","embeddable":true,"href":"https:\/\/depto51.cl\/blog\/wp-json\/wp\/v2\/categories?post=23288"},{"taxonomy":"post_tag","embeddable":true,"href":"https:\/\/depto51.cl\/blog\/wp-json\/wp\/v2\/tags?post=23288"}],"curies":[{"name":"wp","href":"https:\/\/api.w.org\/{rel}","templated":true}]}}