

{"id":23237,"date":"2014-08-25T10:00:13","date_gmt":"2014-08-25T14:00:13","guid":{"rendered":"https:\/\/depto51.cl\/blog\/?p=23237"},"modified":"2014-09-04T17:04:33","modified_gmt":"2014-09-04T21:04:33","slug":"claudio-y-oscar-editor-y-bibliotecario","status":"publish","type":"post","link":"https:\/\/depto51.cl\/blog\/2014\/08\/25\/claudio-y-oscar-editor-y-bibliotecario\/","title":{"rendered":"Claudio y \u00d3scar, editor y bibliotecario"},"content":{"rendered":"<p>En el Home Tour de esta semana les presentamos un departamento lleno de preciosos detalles. Paredes de colores decoradas con cuadros seleccionados especialmente por sus due\u00f1os, Claudio (@<a href=\"http:\/\/instagram.com\/claudioaravena\" target=\"_blank\">claudioaravena<\/a>) y \u00d3scar, fan\u00e1ticos de la lectura. Los invitamos a inspirarse con una casa acogedora, donde todos los elementos tiene una historia detr\u00e1s. <\/p>\n<p>Fotos por: <a href=\"http:\/\/www.sebastianmilla.com\/\" target=\"_blank\">Sebastian Milla<\/a><\/p>\n<p><img loading=\"lazy\" src=\"https:\/\/depto51.cl\/blog\/wp-content\/uploads\/2014\/08\/Depto51-Claudio-y-OScar-30.jpg\" alt=\"Depto51 Claudio y OScar -30\" width=\"600\" height=\"408\" class=\"alignnone size-full wp-image-23238\" srcset=\"https:\/\/depto51.cl\/blog\/wp-content\/uploads\/2014\/08\/Depto51-Claudio-y-OScar-30.jpg 600w, https:\/\/depto51.cl\/blog\/wp-content\/uploads\/2014\/08\/Depto51-Claudio-y-OScar-30-500x340.jpg 500w\" sizes=\"(max-width: 600px) 100vw, 600px\" \/><\/p>\n<p><strong>\u00bfDesde cu\u00e1ndo que viven aqu\u00ed?<\/strong><br \/>\nHace tres a\u00f1os <\/p>\n<p><strong>\u00bfC\u00f3mo llegaron y por qu\u00e9 eligieron esta casa?<\/strong><br \/>\nNos gusta vivir en el centro. Luego de arrendar durante siete a\u00f1os, decidimos comprarnos un departamento. As\u00ed comenz\u00f3 la odisea de encontrar el sitio perfecto y visitamos decenas de lugares en Providencia, \u00d1u\u00f1oa y Santiago, hasta que un domingo apareci\u00f3 un peque\u00f1o y casi insignificante aviso en el diario, que nos condujo hasta \u00e9l. Cuando la corredora abri\u00f3 la puerta, por arte de magia, supimos que era nuestro lugar. Lo compramos en ese mismo momento. Aunque estaba en p\u00e9simas condiciones, ten\u00eda mucho potencial: es un buen edificio de los a\u00f1os 50, de solo de cuatro pisos, amplio, luminoso; y en una calle tranquila y sin salida, que hace olvidar que solo a unos metros est\u00e1 la Alameda. <\/p>\n<p><img loading=\"lazy\" src=\"https:\/\/depto51.cl\/blog\/wp-content\/uploads\/2014\/08\/Depto51-Claudio-y-OScar-1.jpg\" alt=\"Depto51 Claudio y OScar -1\" width=\"600\" height=\"400\" class=\"alignnone size-full wp-image-23239\" srcset=\"https:\/\/depto51.cl\/blog\/wp-content\/uploads\/2014\/08\/Depto51-Claudio-y-OScar-1.jpg 600w, https:\/\/depto51.cl\/blog\/wp-content\/uploads\/2014\/08\/Depto51-Claudio-y-OScar-1-500x333.jpg 500w\" sizes=\"(max-width: 600px) 100vw, 600px\" \/><\/p>\n<p><img loading=\"lazy\" src=\"https:\/\/depto51.cl\/blog\/wp-content\/uploads\/2014\/08\/Depto51-Claudio-y-OScar-2.jpg\" alt=\"Depto51 Claudio y OScar -2\" width=\"600\" height=\"400\" class=\"alignnone size-full wp-image-23240\" srcset=\"https:\/\/depto51.cl\/blog\/wp-content\/uploads\/2014\/08\/Depto51-Claudio-y-OScar-2.jpg 600w, https:\/\/depto51.cl\/blog\/wp-content\/uploads\/2014\/08\/Depto51-Claudio-y-OScar-2-500x333.jpg 500w\" sizes=\"(max-width: 600px) 100vw, 600px\" \/><\/p>\n<p><img loading=\"lazy\" src=\"https:\/\/depto51.cl\/blog\/wp-content\/uploads\/2014\/08\/Depto51-Claudio-y-OScar-4.jpg\" alt=\"Depto51 Claudio y OScar -4\" width=\"600\" height=\"400\" class=\"alignnone size-full wp-image-23241\" srcset=\"https:\/\/depto51.cl\/blog\/wp-content\/uploads\/2014\/08\/Depto51-Claudio-y-OScar-4.jpg 600w, https:\/\/depto51.cl\/blog\/wp-content\/uploads\/2014\/08\/Depto51-Claudio-y-OScar-4-500x333.jpg 500w\" sizes=\"(max-width: 600px) 100vw, 600px\" \/><\/p>\n<p><img loading=\"lazy\" src=\"https:\/\/depto51.cl\/blog\/wp-content\/uploads\/2014\/08\/Depto51-Claudio-y-OScar-6.jpg\" alt=\"Depto51 Claudio y OScar -6\" width=\"600\" height=\"400\" class=\"alignnone size-full wp-image-23242\" srcset=\"https:\/\/depto51.cl\/blog\/wp-content\/uploads\/2014\/08\/Depto51-Claudio-y-OScar-6.jpg 600w, https:\/\/depto51.cl\/blog\/wp-content\/uploads\/2014\/08\/Depto51-Claudio-y-OScar-6-500x333.jpg 500w\" sizes=\"(max-width: 600px) 100vw, 600px\" \/><\/p>\n<p><strong>\u00bfQu\u00e9 nombre le pondr\u00edan al estilo en que la decoraron?<\/strong><br \/>\nNuestra decoraci\u00f3n es honesta. En esta casa est\u00e1 todo lo que nos gusta, no importando de d\u00f3nde venga el objeto, en qu\u00e9 condici\u00f3n est\u00e1 y si combina con lo existente. Acarreamos muebles, recuerdos y textiles desde distintas partes, solo porque a ambos nos gustaron: por ejemplo, le compramos a un vagabundo en R\u00edo un marco de madera maravilloso, que un amigo restaur\u00f3 o en M\u00e9xico nos enamoramos de una anciana bell\u00edsima, que pintaba platos con pavos reales. Amamos la artesan\u00eda: la greda negra de Quimchamal\u00ed, la cester\u00eda de Mariquina, los vasos de Pomaire, la loza de Lota, los canastos chilotes, el vidrio de Yungay, las alfombras de lana y la alpaca nortina. Nos importa tener una casa rica: con buenas l\u00e1mparas para leer, con mantas para cubrirse y dormir una siesta, con sillones c\u00f3modos. Y con muchas mesas y estantes, para dejar libros, velas, piedras y ramas que traemos de todas partes. <\/p>\n<p><img loading=\"lazy\" src=\"https:\/\/depto51.cl\/blog\/wp-content\/uploads\/2014\/08\/Depto51-Claudio-y-OScar-7.jpg\" alt=\"Depto51 Claudio y OScar -7\" width=\"600\" height=\"400\" class=\"alignnone size-full wp-image-23244\" srcset=\"https:\/\/depto51.cl\/blog\/wp-content\/uploads\/2014\/08\/Depto51-Claudio-y-OScar-7.jpg 600w, https:\/\/depto51.cl\/blog\/wp-content\/uploads\/2014\/08\/Depto51-Claudio-y-OScar-7-500x333.jpg 500w\" sizes=\"(max-width: 600px) 100vw, 600px\" \/><\/p>\n<p><img loading=\"lazy\" src=\"https:\/\/depto51.cl\/blog\/wp-content\/uploads\/2014\/08\/Depto51-Claudio-y-OScar-9.jpg\" alt=\"Depto51 Claudio y OScar -9\" width=\"600\" height=\"400\" class=\"alignnone size-full wp-image-23245\" srcset=\"https:\/\/depto51.cl\/blog\/wp-content\/uploads\/2014\/08\/Depto51-Claudio-y-OScar-9.jpg 600w, https:\/\/depto51.cl\/blog\/wp-content\/uploads\/2014\/08\/Depto51-Claudio-y-OScar-9-500x333.jpg 500w\" sizes=\"(max-width: 600px) 100vw, 600px\" \/><\/p>\n<p><img loading=\"lazy\" src=\"https:\/\/depto51.cl\/blog\/wp-content\/uploads\/2014\/08\/c1.jpg\" alt=\"c1\" width=\"600\" height=\"450\" class=\"alignnone size-full wp-image-23246\" srcset=\"https:\/\/depto51.cl\/blog\/wp-content\/uploads\/2014\/08\/c1.jpg 600w, https:\/\/depto51.cl\/blog\/wp-content\/uploads\/2014\/08\/c1-500x375.jpg 500w\" sizes=\"(max-width: 600px) 100vw, 600px\" \/><\/p>\n<p><strong>\u00bfDe d\u00f3nde son las cosas que tienen? <\/strong><br \/>\nLa mayor parte son de segunda mano: algunos de pr\u00e9stamo, otros de regalo; tambi\u00e9n de remates, del persa Biob\u00edo, de los traperos de Ema\u00fas o del Parque de los Reyes, pero tambi\u00e9n compramos en Metrocuadrado, <a href=\"www.interdesign.cl \" target=\"_blank\">Interdesign<\/a> y Olika, y mezclamos. Las estanter\u00edas fueron hechas por <a href=\"http:\/\/depto51.cl\/marca\/bravo\" target=\"_blank\">Rodrigo Bravo <\/a>y por nuestro primo arquitecto, Ra\u00fal Pacheco. En los muros hay grabados de Oliver Jeffers, Claudio Romo, Cristi\u00e1n Turdera o Isidro Ferrer; y de ilustradores chilenos m\u00e1s conocidos. Aunque para nosotros lo m\u00e1s preciado son los libros y esos s\u00ed los traemos de todos los lugares imaginables (aunque con<a href=\"http:\/\/www.bookdepository.com\/\" target=\"_blank\"> Book Depository<\/a> se nos ha alivianado la pega).  Leemos todos los d\u00edas y eso es  lo que nos hace felices a ambos.<\/p>\n<p><img loading=\"lazy\" src=\"https:\/\/depto51.cl\/blog\/wp-content\/uploads\/2014\/08\/c21.jpg\" alt=\"c2\" width=\"600\" height=\"438\" class=\"alignnone size-full wp-image-23247\" srcset=\"https:\/\/depto51.cl\/blog\/wp-content\/uploads\/2014\/08\/c21.jpg 600w, https:\/\/depto51.cl\/blog\/wp-content\/uploads\/2014\/08\/c21-500x365.jpg 500w\" sizes=\"(max-width: 600px) 100vw, 600px\" \/><\/p>\n<p><img loading=\"lazy\" src=\"https:\/\/depto51.cl\/blog\/wp-content\/uploads\/2014\/08\/Depto51-Claudio-y-OScar-19.jpg\" alt=\"Depto51 Claudio y OScar -19\" width=\"600\" height=\"400\" class=\"alignnone size-full wp-image-23248\" srcset=\"https:\/\/depto51.cl\/blog\/wp-content\/uploads\/2014\/08\/Depto51-Claudio-y-OScar-19.jpg 600w, https:\/\/depto51.cl\/blog\/wp-content\/uploads\/2014\/08\/Depto51-Claudio-y-OScar-19-500x333.jpg 500w\" sizes=\"(max-width: 600px) 100vw, 600px\" \/><\/p>\n<p><img loading=\"lazy\" src=\"https:\/\/depto51.cl\/blog\/wp-content\/uploads\/2014\/08\/Depto51-Claudio-y-OScar-21.jpg\" alt=\"Depto51 Claudio y OScar -21\" width=\"600\" height=\"400\" class=\"alignnone size-full wp-image-23249\" srcset=\"https:\/\/depto51.cl\/blog\/wp-content\/uploads\/2014\/08\/Depto51-Claudio-y-OScar-21.jpg 600w, https:\/\/depto51.cl\/blog\/wp-content\/uploads\/2014\/08\/Depto51-Claudio-y-OScar-21-500x333.jpg 500w\" sizes=\"(max-width: 600px) 100vw, 600px\" \/><\/p>\n<p><strong>\u00bfQu\u00e9 es lo que m\u00e1s les gusta hacer en su casa?<\/strong><br \/>\nHay d\u00edas en que tenemos horarios distintos y aprovechamos de disfrutar la casa cada uno solo, a su ritmo. Tambi\u00e9n est\u00e1 el compartir el espacio de a dos: leemos o vemos alguna serie. Y en otras ocasiones invitamos a los amigos, corremos los muebles, sacamos las alfombras y bailamos, cocinamos y nos re\u00edmos. Las casas son para disfrutarlas y para brindar por la vida. <\/p>\n<p><img loading=\"lazy\" src=\"https:\/\/depto51.cl\/blog\/wp-content\/uploads\/2014\/08\/Depto51-Claudio-y-OScar-26.jpg\" alt=\"Depto51 Claudio y OScar -26\" width=\"600\" height=\"400\" class=\"alignnone size-full wp-image-23253\" srcset=\"https:\/\/depto51.cl\/blog\/wp-content\/uploads\/2014\/08\/Depto51-Claudio-y-OScar-26.jpg 600w, https:\/\/depto51.cl\/blog\/wp-content\/uploads\/2014\/08\/Depto51-Claudio-y-OScar-26-500x333.jpg 500w\" sizes=\"(max-width: 600px) 100vw, 600px\" \/><\/p>\n<p><img loading=\"lazy\" src=\"https:\/\/depto51.cl\/blog\/wp-content\/uploads\/2014\/08\/Depto51-Claudio-y-OScar-29.jpg\" alt=\"Depto51 Claudio y OScar -29\" width=\"1920\" height=\"1280\" class=\"alignnone size-full wp-image-23254\" srcset=\"https:\/\/depto51.cl\/blog\/wp-content\/uploads\/2014\/08\/Depto51-Claudio-y-OScar-29.jpg 1920w, https:\/\/depto51.cl\/blog\/wp-content\/uploads\/2014\/08\/Depto51-Claudio-y-OScar-29-500x333.jpg 500w, https:\/\/depto51.cl\/blog\/wp-content\/uploads\/2014\/08\/Depto51-Claudio-y-OScar-29-1024x682.jpg 1024w\" sizes=\"(max-width: 1920px) 100vw, 1920px\" \/><\/p>\n<p><img loading=\"lazy\" src=\"https:\/\/depto51.cl\/blog\/wp-content\/uploads\/2014\/08\/c3.jpg\" alt=\"c3\" width=\"600\" height=\"450\" class=\"alignnone size-full wp-image-23255\" srcset=\"https:\/\/depto51.cl\/blog\/wp-content\/uploads\/2014\/08\/c3.jpg 600w, https:\/\/depto51.cl\/blog\/wp-content\/uploads\/2014\/08\/c3-500x375.jpg 500w\" sizes=\"(max-width: 600px) 100vw, 600px\" \/><\/p>\n<p><img loading=\"lazy\" src=\"https:\/\/depto51.cl\/blog\/wp-content\/uploads\/2014\/08\/c4.jpg\" alt=\"c4\" width=\"600\" height=\"450\" class=\"alignnone size-full wp-image-23256\" srcset=\"https:\/\/depto51.cl\/blog\/wp-content\/uploads\/2014\/08\/c4.jpg 600w, https:\/\/depto51.cl\/blog\/wp-content\/uploads\/2014\/08\/c4-500x375.jpg 500w\" sizes=\"(max-width: 600px) 100vw, 600px\" \/><\/p>\n<p><strong>Cu\u00e9ntennos sobre sus trabajos y proyectos <\/strong><br \/>\nSomos gestores de cultura, trabajamos en proyectos de incentivo lector para ni\u00f1os en sectores vulnerables, a lo largo del pa\u00eds. Formamos parte de equipos multidisciplinarios dise\u00f1ando bibliotecas, para que los libros y la lectura est\u00e9n cada vez m\u00e1s cerca de las personas.<\/p>\n<p>Revisa otros Home Tours en <a href=\"https:\/\/depto51.cl\/blog\/category\/casas\/\" target=\"_blank\">este link<\/a> \ud83d\ude42<\/p>\n","protected":false},"excerpt":{"rendered":"<p>En el Home Tour de esta semana les presentamos un departamento lleno de preciosos detalles. Paredes de colores decoradas con cuadros seleccionados especialmente por sus due\u00f1os, Claudio (@claudioaravena) y \u00d3scar, fan\u00e1ticos de la lectura. Los invitamos a inspirarse con una casa acogedora, donde todos los elementos tiene una historia detr\u00e1s. Fotos por: Sebastian Milla \u00bfDesde&#8230;<\/p>\n","protected":false},"author":1,"featured_media":23241,"comment_status":"open","ping_status":"open","sticky":false,"template":"","format":"standard","meta":[],"categories":[11],"tags":[568,465,138,451],"acf":[],"_links":{"self":[{"href":"https:\/\/depto51.cl\/blog\/wp-json\/wp\/v2\/posts\/23237"}],"collection":[{"href":"https:\/\/depto51.cl\/blog\/wp-json\/wp\/v2\/posts"}],"about":[{"href":"https:\/\/depto51.cl\/blog\/wp-json\/wp\/v2\/types\/post"}],"author":[{"embeddable":true,"href":"https:\/\/depto51.cl\/blog\/wp-json\/wp\/v2\/users\/1"}],"replies":[{"embeddable":true,"href":"https:\/\/depto51.cl\/blog\/wp-json\/wp\/v2\/comments?post=23237"}],"version-history":[{"count":0,"href":"https:\/\/depto51.cl\/blog\/wp-json\/wp\/v2\/posts\/23237\/revisions"}],"wp:featuredmedia":[{"embeddable":true,"href":"https:\/\/depto51.cl\/blog\/wp-json\/wp\/v2\/media\/23241"}],"wp:attachment":[{"href":"https:\/\/depto51.cl\/blog\/wp-json\/wp\/v2\/media?parent=23237"}],"wp:term":[{"taxonomy":"category","embeddable":true,"href":"https:\/\/depto51.cl\/blog\/wp-json\/wp\/v2\/categories?post=23237"},{"taxonomy":"post_tag","embeddable":true,"href":"https:\/\/depto51.cl\/blog\/wp-json\/wp\/v2\/tags?post=23237"}],"curies":[{"name":"wp","href":"https:\/\/api.w.org\/{rel}","templated":true}]}}