

{"id":22948,"date":"2014-08-18T09:55:33","date_gmt":"2014-08-18T13:55:33","guid":{"rendered":"https:\/\/depto51.cl\/blog\/?p=22948"},"modified":"2014-08-25T11:57:25","modified_gmt":"2014-08-25T15:57:25","slug":"macarena-aguilar-y-johanny-angulo-disenadores-daw","status":"publish","type":"post","link":"https:\/\/depto51.cl\/blog\/2014\/08\/18\/macarena-aguilar-y-johanny-angulo-disenadores-daw\/","title":{"rendered":"Macarena Aguilar y Johanny Angulo, Dise\u00f1adores DAW"},"content":{"rendered":"<p>Todos los objetos de este departamento lo convierten en un lugar \u00fanico. La mezcla de decoraci\u00f3n contempor\u00e1nea, con reliquias, muebles con geometr\u00eda, plantas y una gran cantidad de cuadros, nos hacen entender por qu\u00e9 hay dos dise\u00f1adores a cargo. Los invitamos a conocer y a inspirarse con el Home Tour de esta semana.<\/p>\n<p>Fotos por: <a href=\"http:\/\/www.sebastianmilla.com\" target=\"_blank\">Sebastian Milla<\/a><\/p>\n<p><img loading=\"lazy\" class=\"alignnone size-full wp-image-22949\" alt=\"Depto51 Macarena y Johanny-39\" src=\"https:\/\/depto51.cl\/blog\/wp-content\/uploads\/2014\/08\/Depto51-Macarena-y-Johanny-39.jpg\" width=\"600\" height=\"400\" srcset=\"https:\/\/depto51.cl\/blog\/wp-content\/uploads\/2014\/08\/Depto51-Macarena-y-Johanny-39.jpg 600w, https:\/\/depto51.cl\/blog\/wp-content\/uploads\/2014\/08\/Depto51-Macarena-y-Johanny-39-500x333.jpg 500w\" sizes=\"(max-width: 600px) 100vw, 600px\" \/><\/p>\n<p><strong>\u00bfDesde cu\u00e1ndo viven aqu\u00ed?<\/strong><br \/>\nEn Forestal desde siempre<\/p>\n<p><strong>\u00bfC\u00f3mo llegaron y por qu\u00e9 eligieron esta casa?<\/strong><br \/>\nEl Parque Forestal es el \u00fanico lugar en Santiago donde de verdad hay vida de barrio. No necesitas el auto.<\/p>\n<p><img loading=\"lazy\" class=\"alignnone size-full wp-image-22950\" alt=\"Depto51 Macarena y Johanny-3\" src=\"https:\/\/depto51.cl\/blog\/wp-content\/uploads\/2014\/08\/Depto51-Macarena-y-Johanny-3.jpg\" width=\"600\" height=\"400\" srcset=\"https:\/\/depto51.cl\/blog\/wp-content\/uploads\/2014\/08\/Depto51-Macarena-y-Johanny-3.jpg 600w, https:\/\/depto51.cl\/blog\/wp-content\/uploads\/2014\/08\/Depto51-Macarena-y-Johanny-3-500x333.jpg 500w\" sizes=\"(max-width: 600px) 100vw, 600px\" \/><\/p>\n<p><img loading=\"lazy\" class=\"alignnone size-full wp-image-22951\" alt=\"Depto51 Macarena y Johanny-4\" src=\"https:\/\/depto51.cl\/blog\/wp-content\/uploads\/2014\/08\/Depto51-Macarena-y-Johanny-4.jpg\" width=\"600\" height=\"400\" srcset=\"https:\/\/depto51.cl\/blog\/wp-content\/uploads\/2014\/08\/Depto51-Macarena-y-Johanny-4.jpg 600w, https:\/\/depto51.cl\/blog\/wp-content\/uploads\/2014\/08\/Depto51-Macarena-y-Johanny-4-500x333.jpg 500w\" sizes=\"(max-width: 600px) 100vw, 600px\" \/><\/p>\n<p><img loading=\"lazy\" class=\"alignnone size-full wp-image-22952\" alt=\"Depto51 Macarena y Johanny-6\" src=\"https:\/\/depto51.cl\/blog\/wp-content\/uploads\/2014\/08\/Depto51-Macarena-y-Johanny-6.jpg\" width=\"600\" height=\"400\" srcset=\"https:\/\/depto51.cl\/blog\/wp-content\/uploads\/2014\/08\/Depto51-Macarena-y-Johanny-6.jpg 600w, https:\/\/depto51.cl\/blog\/wp-content\/uploads\/2014\/08\/Depto51-Macarena-y-Johanny-6-500x333.jpg 500w\" sizes=\"(max-width: 600px) 100vw, 600px\" \/><\/p>\n<p><img loading=\"lazy\" class=\"alignnone size-full wp-image-22953\" alt=\"Depto51 Macarena y Johanny-2\" src=\"https:\/\/depto51.cl\/blog\/wp-content\/uploads\/2014\/08\/Depto51-Macarena-y-Johanny-2.jpg\" width=\"600\" height=\"394\" srcset=\"https:\/\/depto51.cl\/blog\/wp-content\/uploads\/2014\/08\/Depto51-Macarena-y-Johanny-2.jpg 600w, https:\/\/depto51.cl\/blog\/wp-content\/uploads\/2014\/08\/Depto51-Macarena-y-Johanny-2-500x328.jpg 500w\" sizes=\"(max-width: 600px) 100vw, 600px\" \/><\/p>\n<p><img loading=\"lazy\" class=\"alignnone size-full wp-image-22968\" alt=\"foto1\" src=\"https:\/\/depto51.cl\/blog\/wp-content\/uploads\/2014\/08\/foto12.jpg\" width=\"600\" height=\"450\" srcset=\"https:\/\/depto51.cl\/blog\/wp-content\/uploads\/2014\/08\/foto12.jpg 600w, https:\/\/depto51.cl\/blog\/wp-content\/uploads\/2014\/08\/foto12-500x375.jpg 500w\" sizes=\"(max-width: 600px) 100vw, 600px\" \/><\/p>\n<p><strong>\u00bfDe d\u00f3nde son las cosas que tienen? <\/strong><br \/>\nNuestra casa es una gran colecci\u00f3n de objetos de nuestra vida y nuestros viajes, donde hay antig\u00fcedades heredadas, tambi\u00e9n arte contempor\u00e1neo, piezas dise\u00f1adas por nosotros y serigraf\u00edas de Johanny, piezas de dise\u00f1o y arte de amigos. Va cambiando permanentemente, entran y salen objetos.<\/p>\n<p><img loading=\"lazy\" class=\"alignnone size-full wp-image-22954\" alt=\"Depto51 Macarena y Johanny-8\" src=\"https:\/\/depto51.cl\/blog\/wp-content\/uploads\/2014\/08\/Depto51-Macarena-y-Johanny-8.jpg\" width=\"600\" height=\"400\" srcset=\"https:\/\/depto51.cl\/blog\/wp-content\/uploads\/2014\/08\/Depto51-Macarena-y-Johanny-8.jpg 600w, https:\/\/depto51.cl\/blog\/wp-content\/uploads\/2014\/08\/Depto51-Macarena-y-Johanny-8-500x333.jpg 500w\" sizes=\"(max-width: 600px) 100vw, 600px\" \/><\/p>\n<p><img loading=\"lazy\" class=\"alignnone size-full wp-image-22955\" alt=\"Depto51 Macarena y Johanny-9\" src=\"https:\/\/depto51.cl\/blog\/wp-content\/uploads\/2014\/08\/Depto51-Macarena-y-Johanny-9.jpg\" width=\"600\" height=\"400\" srcset=\"https:\/\/depto51.cl\/blog\/wp-content\/uploads\/2014\/08\/Depto51-Macarena-y-Johanny-9.jpg 600w, https:\/\/depto51.cl\/blog\/wp-content\/uploads\/2014\/08\/Depto51-Macarena-y-Johanny-9-500x333.jpg 500w\" sizes=\"(max-width: 600px) 100vw, 600px\" \/><\/p>\n<p><img loading=\"lazy\" class=\"alignnone size-full wp-image-22956\" alt=\"Depto51 Macarena y Johanny-13\" src=\"https:\/\/depto51.cl\/blog\/wp-content\/uploads\/2014\/08\/Depto51-Macarena-y-Johanny-13.jpg\" width=\"600\" height=\"400\" srcset=\"https:\/\/depto51.cl\/blog\/wp-content\/uploads\/2014\/08\/Depto51-Macarena-y-Johanny-13.jpg 600w, https:\/\/depto51.cl\/blog\/wp-content\/uploads\/2014\/08\/Depto51-Macarena-y-Johanny-13-500x333.jpg 500w\" sizes=\"(max-width: 600px) 100vw, 600px\" \/><\/p>\n<p><img loading=\"lazy\" class=\"alignnone size-full wp-image-22957\" alt=\"Depto51 Macarena y Johanny-14\" src=\"https:\/\/depto51.cl\/blog\/wp-content\/uploads\/2014\/08\/Depto51-Macarena-y-Johanny-14.jpg\" width=\"600\" height=\"395\" srcset=\"https:\/\/depto51.cl\/blog\/wp-content\/uploads\/2014\/08\/Depto51-Macarena-y-Johanny-14.jpg 600w, https:\/\/depto51.cl\/blog\/wp-content\/uploads\/2014\/08\/Depto51-Macarena-y-Johanny-14-500x329.jpg 500w\" sizes=\"(max-width: 600px) 100vw, 600px\" \/><\/p>\n<p><strong>\u00bfQu\u00e9 es lo que m\u00e1s les gusta hacer en su casa? <\/strong><br \/>\nNuestra casa de d\u00eda tiene una luz incre\u00edble con orientaci\u00f3n Norte y el parque encima, mucho verde, que es perfecta para almuerzos largos con vecinos.<\/p>\n<p><img loading=\"lazy\" class=\"alignnone size-full wp-image-22958\" alt=\"Depto51 Macarena y Johanny-16\" src=\"https:\/\/depto51.cl\/blog\/wp-content\/uploads\/2014\/08\/Depto51-Macarena-y-Johanny-16.jpg\" width=\"600\" height=\"400\" srcset=\"https:\/\/depto51.cl\/blog\/wp-content\/uploads\/2014\/08\/Depto51-Macarena-y-Johanny-16.jpg 600w, https:\/\/depto51.cl\/blog\/wp-content\/uploads\/2014\/08\/Depto51-Macarena-y-Johanny-16-500x333.jpg 500w\" sizes=\"(max-width: 600px) 100vw, 600px\" \/><\/p>\n<p><img loading=\"lazy\" class=\"alignnone size-full wp-image-22959\" alt=\"Depto51 Macarena y Johanny-21\" src=\"https:\/\/depto51.cl\/blog\/wp-content\/uploads\/2014\/08\/Depto51-Macarena-y-Johanny-21.jpg\" width=\"600\" height=\"400\" srcset=\"https:\/\/depto51.cl\/blog\/wp-content\/uploads\/2014\/08\/Depto51-Macarena-y-Johanny-21.jpg 600w, https:\/\/depto51.cl\/blog\/wp-content\/uploads\/2014\/08\/Depto51-Macarena-y-Johanny-21-500x333.jpg 500w\" sizes=\"(max-width: 600px) 100vw, 600px\" \/><\/p>\n<p><img loading=\"lazy\" class=\"alignnone size-full wp-image-22961\" alt=\"Depto51 Macarena y Johanny-28\" src=\"https:\/\/depto51.cl\/blog\/wp-content\/uploads\/2014\/08\/Depto51-Macarena-y-Johanny-28.jpg\" width=\"600\" height=\"400\" srcset=\"https:\/\/depto51.cl\/blog\/wp-content\/uploads\/2014\/08\/Depto51-Macarena-y-Johanny-28.jpg 600w, https:\/\/depto51.cl\/blog\/wp-content\/uploads\/2014\/08\/Depto51-Macarena-y-Johanny-28-500x333.jpg 500w\" sizes=\"(max-width: 600px) 100vw, 600px\" \/><\/p>\n<p><img loading=\"lazy\" class=\"alignnone size-full wp-image-22969\" alt=\"foto2\" src=\"https:\/\/depto51.cl\/blog\/wp-content\/uploads\/2014\/08\/foto21.jpg\" width=\"600\" height=\"450\" srcset=\"https:\/\/depto51.cl\/blog\/wp-content\/uploads\/2014\/08\/foto21.jpg 600w, https:\/\/depto51.cl\/blog\/wp-content\/uploads\/2014\/08\/foto21-500x375.jpg 500w\" sizes=\"(max-width: 600px) 100vw, 600px\" \/><\/p>\n<p><strong>Cu\u00e9ntennos sobre sus trabajos y proyectos<\/strong><br \/>\nNuestra Oficina <a href=\"http:\/\/daw.cl\/\" target=\"_blank\">DAW<\/a> queda a cuatro cuadras de nuestra casa, en Plaza de Armas, nos vamos caminando con nuestra perra LOLA todo los d\u00edas. Eso es fant\u00e1stico para partir el d\u00eda laboral sin tacos.<br \/>\nHoy en <a href=\"http:\/\/daw.cl\/\" target=\"_blank\">DAW<\/a> estamos realizando proyectos de Dise\u00f1o de interiorismo en Hoteles, Restaurares, Spa y marcas de moda. Nuestra oficina es una Boutique donde se mezcla la creatividad y la estrategia.<\/p>\n<p><img loading=\"lazy\" class=\"alignnone size-full wp-image-22963\" alt=\"Depto51 Macarena y Johanny-26\" src=\"https:\/\/depto51.cl\/blog\/wp-content\/uploads\/2014\/08\/Depto51-Macarena-y-Johanny-261.jpg\" width=\"600\" height=\"400\" srcset=\"https:\/\/depto51.cl\/blog\/wp-content\/uploads\/2014\/08\/Depto51-Macarena-y-Johanny-261.jpg 600w, https:\/\/depto51.cl\/blog\/wp-content\/uploads\/2014\/08\/Depto51-Macarena-y-Johanny-261-500x333.jpg 500w\" sizes=\"(max-width: 600px) 100vw, 600px\" \/><\/p>\n<p><img loading=\"lazy\" class=\"alignnone size-full wp-image-22975\" alt=\"Depto51 Macarena y Johanny-30\" src=\"https:\/\/depto51.cl\/blog\/wp-content\/uploads\/2014\/08\/Depto51-Macarena-y-Johanny-30.jpg\" width=\"600\" height=\"400\" srcset=\"https:\/\/depto51.cl\/blog\/wp-content\/uploads\/2014\/08\/Depto51-Macarena-y-Johanny-30.jpg 600w, https:\/\/depto51.cl\/blog\/wp-content\/uploads\/2014\/08\/Depto51-Macarena-y-Johanny-30-500x333.jpg 500w\" sizes=\"(max-width: 600px) 100vw, 600px\" \/><\/p>\n<p><img loading=\"lazy\" class=\"alignnone size-full wp-image-22965\" alt=\"Depto51 Macarena y Johanny-33\" src=\"https:\/\/depto51.cl\/blog\/wp-content\/uploads\/2014\/08\/Depto51-Macarena-y-Johanny-33.jpg\" width=\"600\" height=\"400\" srcset=\"https:\/\/depto51.cl\/blog\/wp-content\/uploads\/2014\/08\/Depto51-Macarena-y-Johanny-33.jpg 600w, https:\/\/depto51.cl\/blog\/wp-content\/uploads\/2014\/08\/Depto51-Macarena-y-Johanny-33-500x333.jpg 500w\" sizes=\"(max-width: 600px) 100vw, 600px\" \/><\/p>\n<p><img loading=\"lazy\" class=\"alignnone size-full wp-image-22966\" alt=\"Depto51 Macarena y Johanny-35\" src=\"https:\/\/depto51.cl\/blog\/wp-content\/uploads\/2014\/08\/Depto51-Macarena-y-Johanny-35.jpg\" width=\"600\" height=\"400\" srcset=\"https:\/\/depto51.cl\/blog\/wp-content\/uploads\/2014\/08\/Depto51-Macarena-y-Johanny-35.jpg 600w, https:\/\/depto51.cl\/blog\/wp-content\/uploads\/2014\/08\/Depto51-Macarena-y-Johanny-35-500x333.jpg 500w\" sizes=\"(max-width: 600px) 100vw, 600px\" \/><br \/>\n<strong><br \/>\nPuedes revisar m\u00e1s Home Tours <a href=\"https:\/\/depto51.cl\/blog\/category\/casas\/#mini#mini#mini#mini\" target=\"_blank\">en este link<\/a><\/strong> \ud83d\ude42<\/p>\n","protected":false},"excerpt":{"rendered":"<p>Todos los objetos de este departamento lo convierten en un lugar \u00fanico. La mezcla de decoraci\u00f3n contempor\u00e1nea, con reliquias, muebles con geometr\u00eda, plantas y una gran cantidad de cuadros, nos hacen entender por qu\u00e9 hay dos dise\u00f1adores a cargo. Los invitamos a conocer y a inspirarse con el Home Tour de esta semana. Fotos por:&#8230;<\/p>\n","protected":false},"author":1,"featured_media":22958,"comment_status":"open","ping_status":"open","sticky":false,"template":"","format":"standard","meta":[],"categories":[11],"tags":[479,569,35,465,397,451,571,570,544],"acf":[],"_links":{"self":[{"href":"https:\/\/depto51.cl\/blog\/wp-json\/wp\/v2\/posts\/22948"}],"collection":[{"href":"https:\/\/depto51.cl\/blog\/wp-json\/wp\/v2\/posts"}],"about":[{"href":"https:\/\/depto51.cl\/blog\/wp-json\/wp\/v2\/types\/post"}],"author":[{"embeddable":true,"href":"https:\/\/depto51.cl\/blog\/wp-json\/wp\/v2\/users\/1"}],"replies":[{"embeddable":true,"href":"https:\/\/depto51.cl\/blog\/wp-json\/wp\/v2\/comments?post=22948"}],"version-history":[{"count":0,"href":"https:\/\/depto51.cl\/blog\/wp-json\/wp\/v2\/posts\/22948\/revisions"}],"wp:featuredmedia":[{"embeddable":true,"href":"https:\/\/depto51.cl\/blog\/wp-json\/wp\/v2\/media\/22958"}],"wp:attachment":[{"href":"https:\/\/depto51.cl\/blog\/wp-json\/wp\/v2\/media?parent=22948"}],"wp:term":[{"taxonomy":"category","embeddable":true,"href":"https:\/\/depto51.cl\/blog\/wp-json\/wp\/v2\/categories?post=22948"},{"taxonomy":"post_tag","embeddable":true,"href":"https:\/\/depto51.cl\/blog\/wp-json\/wp\/v2\/tags?post=22948"}],"curies":[{"name":"wp","href":"https:\/\/api.w.org\/{rel}","templated":true}]}}