

{"id":22673,"date":"2014-08-12T08:00:35","date_gmt":"2014-08-12T12:00:35","guid":{"rendered":"https:\/\/depto51.cl\/blog\/?p=22673"},"modified":"2018-01-10T16:25:13","modified_gmt":"2018-01-10T20:25:13","slug":"mi-escritorio-juan-jose-richards","status":"publish","type":"post","link":"https:\/\/depto51.cl\/blog\/2014\/08\/12\/mi-escritorio-juan-jose-richards\/","title":{"rendered":"Mi escritorio: Juan Jos\u00e9 Richards"},"content":{"rendered":"<p><img loading=\"lazy\" class=\"alignnone size-full wp-image-22674\" alt=\"Escritorio 04\" src=\"https:\/\/depto51.cl\/blog\/wp-content\/uploads\/2014\/08\/Escritorio-04.jpg\" width=\"600\" height=\"600\" srcset=\"https:\/\/depto51.cl\/blog\/wp-content\/uploads\/2014\/08\/Escritorio-04.jpg 600w, https:\/\/depto51.cl\/blog\/wp-content\/uploads\/2014\/08\/Escritorio-04-500x500.jpg 500w, https:\/\/depto51.cl\/blog\/wp-content\/uploads\/2014\/08\/Escritorio-04-150x150.jpg 150w, https:\/\/depto51.cl\/blog\/wp-content\/uploads\/2014\/08\/Escritorio-04-306x306.jpg 306w, https:\/\/depto51.cl\/blog\/wp-content\/uploads\/2014\/08\/Escritorio-04-225x225.jpg 225w, https:\/\/depto51.cl\/blog\/wp-content\/uploads\/2014\/08\/Escritorio-04-145x145.jpg 145w\" sizes=\"(max-width: 600px) 100vw, 600px\" \/><br \/>\nHoy nos enamoramos del escritorio de <a href=\"http:\/\/juanjoserichards.tumblr.com\/ \" target=\"_blank\">Juan Jos\u00e9 Richards<\/a>, lleno de detalles que lo hacen un lugar donde realmente da gusto sentarse a trabajar.<\/p>\n<p>Recuerda que esta secci\u00f3n est\u00e1 abierta al p\u00fablico, si quieres enviar tu escritorio env\u00eda un mail a contacto@depto51.cl<\/p>\n<p><strong>Dinos tu nombre y en qu\u00e9 trabajas: <\/strong><br \/>\nJuan Jos\u00e9 Richards, trabajo como coordinador de <a href=\"http:\/\/www.revistaviernes.cl\" target=\"_blank\">Revista Viernes<\/a>.<\/p>\n<p><img loading=\"lazy\" class=\"alignnone size-full wp-image-22675\" alt=\"Escritorio 01\" src=\"https:\/\/depto51.cl\/blog\/wp-content\/uploads\/2014\/08\/Escritorio-01.jpg\" width=\"600\" height=\"600\" srcset=\"https:\/\/depto51.cl\/blog\/wp-content\/uploads\/2014\/08\/Escritorio-01.jpg 600w, https:\/\/depto51.cl\/blog\/wp-content\/uploads\/2014\/08\/Escritorio-01-500x500.jpg 500w, https:\/\/depto51.cl\/blog\/wp-content\/uploads\/2014\/08\/Escritorio-01-150x150.jpg 150w, https:\/\/depto51.cl\/blog\/wp-content\/uploads\/2014\/08\/Escritorio-01-306x306.jpg 306w, https:\/\/depto51.cl\/blog\/wp-content\/uploads\/2014\/08\/Escritorio-01-225x225.jpg 225w, https:\/\/depto51.cl\/blog\/wp-content\/uploads\/2014\/08\/Escritorio-01-145x145.jpg 145w\" sizes=\"(max-width: 600px) 100vw, 600px\" \/><\/p>\n<p><img loading=\"lazy\" class=\"alignnone size-full wp-image-22676\" alt=\"Escritorio 03\" src=\"https:\/\/depto51.cl\/blog\/wp-content\/uploads\/2014\/08\/Escritorio-03.jpg\" width=\"600\" height=\"600\" srcset=\"https:\/\/depto51.cl\/blog\/wp-content\/uploads\/2014\/08\/Escritorio-03.jpg 600w, https:\/\/depto51.cl\/blog\/wp-content\/uploads\/2014\/08\/Escritorio-03-500x500.jpg 500w, https:\/\/depto51.cl\/blog\/wp-content\/uploads\/2014\/08\/Escritorio-03-150x150.jpg 150w, https:\/\/depto51.cl\/blog\/wp-content\/uploads\/2014\/08\/Escritorio-03-306x306.jpg 306w, https:\/\/depto51.cl\/blog\/wp-content\/uploads\/2014\/08\/Escritorio-03-225x225.jpg 225w, https:\/\/depto51.cl\/blog\/wp-content\/uploads\/2014\/08\/Escritorio-03-145x145.jpg 145w\" sizes=\"(max-width: 600px) 100vw, 600px\" \/><\/p>\n<p><strong>\u00bfC\u00f3mo armaste tu escritorio?<\/strong><br \/>\nLa verdad es que estaba bastante armado cuando llegu\u00e9 al departamento. La mesa, que es de acr\u00edlico transparente grueso, fue un regalo de mi mam\u00e1 y yo la fui repletando con mis cosas: cuadernos, plantas, estuches, autos de miniatura, guarda-l\u00e1pices y peque\u00f1os cuadros. Adem\u00e1s aqu\u00ed guardo materiales de trabajo manual como tijeras, pegamento, stickers, clips y post-its. Y algunos libros que se pasan del librero al escritorio.<\/p>\n<p><img loading=\"lazy\" class=\"alignnone size-full wp-image-22677\" alt=\"Escritorio 05\" src=\"https:\/\/depto51.cl\/blog\/wp-content\/uploads\/2014\/08\/Escritorio-05.jpg\" width=\"600\" height=\"600\" srcset=\"https:\/\/depto51.cl\/blog\/wp-content\/uploads\/2014\/08\/Escritorio-05.jpg 600w, https:\/\/depto51.cl\/blog\/wp-content\/uploads\/2014\/08\/Escritorio-05-500x500.jpg 500w, https:\/\/depto51.cl\/blog\/wp-content\/uploads\/2014\/08\/Escritorio-05-150x150.jpg 150w, https:\/\/depto51.cl\/blog\/wp-content\/uploads\/2014\/08\/Escritorio-05-306x306.jpg 306w, https:\/\/depto51.cl\/blog\/wp-content\/uploads\/2014\/08\/Escritorio-05-225x225.jpg 225w, https:\/\/depto51.cl\/blog\/wp-content\/uploads\/2014\/08\/Escritorio-05-145x145.jpg 145w\" sizes=\"(max-width: 600px) 100vw, 600px\" \/><\/p>\n<p><img loading=\"lazy\" class=\"alignnone size-full wp-image-22678\" alt=\"Escritorio 08\" src=\"https:\/\/depto51.cl\/blog\/wp-content\/uploads\/2014\/08\/Escritorio-08.jpg\" width=\"600\" height=\"600\" srcset=\"https:\/\/depto51.cl\/blog\/wp-content\/uploads\/2014\/08\/Escritorio-08.jpg 600w, https:\/\/depto51.cl\/blog\/wp-content\/uploads\/2014\/08\/Escritorio-08-500x500.jpg 500w, https:\/\/depto51.cl\/blog\/wp-content\/uploads\/2014\/08\/Escritorio-08-150x150.jpg 150w, https:\/\/depto51.cl\/blog\/wp-content\/uploads\/2014\/08\/Escritorio-08-306x306.jpg 306w, https:\/\/depto51.cl\/blog\/wp-content\/uploads\/2014\/08\/Escritorio-08-225x225.jpg 225w, https:\/\/depto51.cl\/blog\/wp-content\/uploads\/2014\/08\/Escritorio-08-145x145.jpg 145w\" sizes=\"(max-width: 600px) 100vw, 600px\" \/><\/p>\n<p><strong>\u00bfCu\u00e1les son tus objetos favoritos y por qu\u00e9?<\/strong><br \/>\nTengo una acuarela de <a href=\"http:\/\/andresherrera.org\/\" target=\"_blank\">Andr\u00e9s Herrera<\/a> y otra de <a href=\"http:\/\/gabrielebensperger.com\/\" target=\"_blank\">Gabriel Ebensperger <\/a>enmarcadas y que valoro mucho porque fueron regalos de amigos a los que quiero. Tambi\u00e9n tengo un juego de cosas de escritorio \u2013una regla, una cuaderno tridimensional y una caja de elementos decorativos\u2013, de la firma danesa <a href=\"http:\/\/www.hay.dk\" target=\"_blank\">HAY Desi<span style=\"text-decoration: underline;\">gn<\/span><\/a>\u00a0que me gusta mucho mirar y re-ordenar. Y un calendario tridimensional de la <a href=\"http:\/\/www.momastore.org\/museum\/moma\/StoreCatalogDisplay_-1_10001_10451_\" target=\"_blank\">tienda de dise\u00f1o del MoMA<\/a>, que me entretengo actualizando a diario.<\/p>\n<p><img loading=\"lazy\" class=\"alignnone size-full wp-image-22679\" alt=\"IMG_0417\" src=\"https:\/\/depto51.cl\/blog\/wp-content\/uploads\/2014\/08\/IMG_0417.jpg\" width=\"600\" height=\"600\" srcset=\"https:\/\/depto51.cl\/blog\/wp-content\/uploads\/2014\/08\/IMG_0417.jpg 600w, https:\/\/depto51.cl\/blog\/wp-content\/uploads\/2014\/08\/IMG_0417-500x500.jpg 500w, https:\/\/depto51.cl\/blog\/wp-content\/uploads\/2014\/08\/IMG_0417-150x150.jpg 150w, https:\/\/depto51.cl\/blog\/wp-content\/uploads\/2014\/08\/IMG_0417-306x306.jpg 306w, https:\/\/depto51.cl\/blog\/wp-content\/uploads\/2014\/08\/IMG_0417-225x225.jpg 225w, https:\/\/depto51.cl\/blog\/wp-content\/uploads\/2014\/08\/IMG_0417-145x145.jpg 145w\" sizes=\"(max-width: 600px) 100vw, 600px\" \/><\/p>\n<p><img loading=\"lazy\" class=\"alignnone size-full wp-image-22680\" alt=\"IMG_0453\" src=\"https:\/\/depto51.cl\/blog\/wp-content\/uploads\/2014\/08\/IMG_0453.jpg\" width=\"600\" height=\"600\" srcset=\"https:\/\/depto51.cl\/blog\/wp-content\/uploads\/2014\/08\/IMG_0453.jpg 600w, https:\/\/depto51.cl\/blog\/wp-content\/uploads\/2014\/08\/IMG_0453-500x500.jpg 500w, https:\/\/depto51.cl\/blog\/wp-content\/uploads\/2014\/08\/IMG_0453-150x150.jpg 150w, https:\/\/depto51.cl\/blog\/wp-content\/uploads\/2014\/08\/IMG_0453-306x306.jpg 306w, https:\/\/depto51.cl\/blog\/wp-content\/uploads\/2014\/08\/IMG_0453-225x225.jpg 225w, https:\/\/depto51.cl\/blog\/wp-content\/uploads\/2014\/08\/IMG_0453-145x145.jpg 145w\" sizes=\"(max-width: 600px) 100vw, 600px\" \/><\/p>\n<p><strong>Termina la oraci\u00f3n: Mi escritorio del computador es&#8230;<\/strong><br \/>\nEra s\u00faper ordenado, pero ahora es muy ca\u00f3tico. No creo que haya involucionado, es s\u00f3lo que descubr\u00ed el placer de ser yo el \u00fanico capaz de saber encontrar las cosas en ese aparente caos. Tambi\u00e9n creo que el escritorio de mi computador es una lata: nunca le he cambiado el fondo de pantalla que ven\u00eda por defecto, nunca le he puesto color a las carpetas y tampoco creo que a nadie le interesen los documentos que guardo \u2013ca\u00f3ticamente\u2013 en el disco duro.<\/p>\n","protected":false},"excerpt":{"rendered":"<p>Hoy nos enamoramos del escritorio de Juan Jos\u00e9 Richards, lleno de detalles que lo hacen un lugar donde realmente da gusto sentarse a trabajar. Recuerda que esta secci\u00f3n est\u00e1 abierta al p\u00fablico, si quieres enviar tu escritorio env\u00eda un mail a contacto@depto51.cl Dinos tu nombre y en qu\u00e9 trabajas: Juan Jos\u00e9 Richards, trabajo como coordinador&#8230;<\/p>\n","protected":false},"author":1,"featured_media":22684,"comment_status":"open","ping_status":"open","sticky":false,"template":"","format":"standard","meta":[],"categories":[1,567],"tags":[35,40,528,529],"acf":[],"_links":{"self":[{"href":"https:\/\/depto51.cl\/blog\/wp-json\/wp\/v2\/posts\/22673"}],"collection":[{"href":"https:\/\/depto51.cl\/blog\/wp-json\/wp\/v2\/posts"}],"about":[{"href":"https:\/\/depto51.cl\/blog\/wp-json\/wp\/v2\/types\/post"}],"author":[{"embeddable":true,"href":"https:\/\/depto51.cl\/blog\/wp-json\/wp\/v2\/users\/1"}],"replies":[{"embeddable":true,"href":"https:\/\/depto51.cl\/blog\/wp-json\/wp\/v2\/comments?post=22673"}],"version-history":[{"count":0,"href":"https:\/\/depto51.cl\/blog\/wp-json\/wp\/v2\/posts\/22673\/revisions"}],"wp:featuredmedia":[{"embeddable":true,"href":"https:\/\/depto51.cl\/blog\/wp-json\/wp\/v2\/media\/22684"}],"wp:attachment":[{"href":"https:\/\/depto51.cl\/blog\/wp-json\/wp\/v2\/media?parent=22673"}],"wp:term":[{"taxonomy":"category","embeddable":true,"href":"https:\/\/depto51.cl\/blog\/wp-json\/wp\/v2\/categories?post=22673"},{"taxonomy":"post_tag","embeddable":true,"href":"https:\/\/depto51.cl\/blog\/wp-json\/wp\/v2\/tags?post=22673"}],"curies":[{"name":"wp","href":"https:\/\/api.w.org\/{rel}","templated":true}]}}