

{"id":22623,"date":"2014-08-11T10:08:06","date_gmt":"2014-08-11T14:08:06","guid":{"rendered":"https:\/\/depto51.cl\/blog\/?p=22623"},"modified":"2014-08-22T17:39:38","modified_gmt":"2014-08-22T21:39:38","slug":"paola-alarcon-disenadora-de-ambientes-poeta-y-titular-de-11-design","status":"publish","type":"post","link":"https:\/\/depto51.cl\/blog\/2014\/08\/11\/paola-alarcon-disenadora-de-ambientes-poeta-y-titular-de-11-design\/","title":{"rendered":"Paola Alarc\u00f3n, dise\u00f1adora de ambientes, poeta y titular de 1\/1 DESIGN"},"content":{"rendered":"<p>La dise\u00f1adora Paola Alarc\u00f3n nos abre las puertas de su precioso departamento, lleno de luz y objetos seleccionados que lo hacen realmente \u00fanico. En este Home Tour nos cuenta en primera persona la experiencia que es vivir en su depto. Pase a mirar.<\/p>\n<p>Fotos por: <a href=\"http:\/\/www.sebastianmilla.com\" target=\"_blank\">Sebastian Milla<\/a><\/p>\n<p><img loading=\"lazy\" class=\"alignnone size-full wp-image-22625\" alt=\"Depto51 Paula-31\" src=\"https:\/\/depto51.cl\/blog\/wp-content\/uploads\/2014\/08\/Depto51-Paula-31.jpg\" width=\"600\" height=\"400\" srcset=\"https:\/\/depto51.cl\/blog\/wp-content\/uploads\/2014\/08\/Depto51-Paula-31.jpg 600w, https:\/\/depto51.cl\/blog\/wp-content\/uploads\/2014\/08\/Depto51-Paula-31-500x333.jpg 500w\" sizes=\"(max-width: 600px) 100vw, 600px\" \/><\/p>\n<p>Vivo sola desde hace dos a\u00f1os, en el maravilloso barrio Bellas Artes, frente al Parque Forestal.<br \/>\nSantiago Centro es el lugar donde nac\u00ed, me cri\u00e9 y vuelvo a VIVIR. Aunque por muchos a\u00f1os viv\u00ed y trabaj\u00e9 en otro barrio, siempre intent\u00e9 regresar y eso se dio hace apenas unos cinco a\u00f1os.Despu\u00e9s de mi separaci\u00f3n y un cambio profundo de vida descubr\u00ed que el centro era tambi\u00e9n mi centro, mi punto cero, donde puedo reconocerme.As\u00ed es que decid\u00ed renunciar a todo menos al barrio.<\/p>\n<p><img loading=\"lazy\" class=\"alignnone size-full wp-image-22626\" alt=\"Depto51 Paula-1\" src=\"https:\/\/depto51.cl\/blog\/wp-content\/uploads\/2014\/08\/Depto51-Paula-1.jpg\" width=\"600\" height=\"400\" srcset=\"https:\/\/depto51.cl\/blog\/wp-content\/uploads\/2014\/08\/Depto51-Paula-1.jpg 600w, https:\/\/depto51.cl\/blog\/wp-content\/uploads\/2014\/08\/Depto51-Paula-1-500x333.jpg 500w\" sizes=\"(max-width: 600px) 100vw, 600px\" \/><\/p>\n<p><img loading=\"lazy\" class=\"alignnone size-full wp-image-22627\" alt=\"Depto51 Paula-2\" src=\"https:\/\/depto51.cl\/blog\/wp-content\/uploads\/2014\/08\/Depto51-Paula-2.jpg\" width=\"600\" height=\"400\" srcset=\"https:\/\/depto51.cl\/blog\/wp-content\/uploads\/2014\/08\/Depto51-Paula-2.jpg 600w, https:\/\/depto51.cl\/blog\/wp-content\/uploads\/2014\/08\/Depto51-Paula-2-500x333.jpg 500w\" sizes=\"(max-width: 600px) 100vw, 600px\" \/><\/p>\n<p><img loading=\"lazy\" class=\"alignnone size-full wp-image-22628\" alt=\"p1\" src=\"https:\/\/depto51.cl\/blog\/wp-content\/uploads\/2014\/08\/p1.jpg\" width=\"600\" height=\"450\" srcset=\"https:\/\/depto51.cl\/blog\/wp-content\/uploads\/2014\/08\/p1.jpg 600w, https:\/\/depto51.cl\/blog\/wp-content\/uploads\/2014\/08\/p1-500x375.jpg 500w\" sizes=\"(max-width: 600px) 100vw, 600px\" \/><\/p>\n<p>Como amante de la belleza era importante para m\u00ed mantener el equilibrio y armon\u00eda con la naturaleza. Y en el momento justo, el universo dispuso este departamento para m\u00ed, con vista al parque (o \u00abmi jard\u00edn\u00bb como lo llaman mis sobrinos), al museo y al cerro San Crist\u00f3bal. Y como ocurre en todos los buenos edificios antiguos, los espacios son generosos, confortables y muy luminosos. S\u00f3lo necesit\u00f3 de arreglos m\u00ednimos, pintura y rescate del parquet.<\/p>\n<p><img loading=\"lazy\" class=\"alignnone size-full wp-image-22629\" alt=\"Depto51 Paula-5\" src=\"https:\/\/depto51.cl\/blog\/wp-content\/uploads\/2014\/08\/Depto51-Paula-5.jpg\" width=\"600\" height=\"400\" srcset=\"https:\/\/depto51.cl\/blog\/wp-content\/uploads\/2014\/08\/Depto51-Paula-5.jpg 600w, https:\/\/depto51.cl\/blog\/wp-content\/uploads\/2014\/08\/Depto51-Paula-5-500x333.jpg 500w\" sizes=\"(max-width: 600px) 100vw, 600px\" \/><\/p>\n<p><img loading=\"lazy\" class=\"alignnone size-full wp-image-22630\" alt=\"Depto51 Paula-9\" src=\"https:\/\/depto51.cl\/blog\/wp-content\/uploads\/2014\/08\/Depto51-Paula-9.jpg\" width=\"600\" height=\"400\" srcset=\"https:\/\/depto51.cl\/blog\/wp-content\/uploads\/2014\/08\/Depto51-Paula-9.jpg 600w, https:\/\/depto51.cl\/blog\/wp-content\/uploads\/2014\/08\/Depto51-Paula-9-500x333.jpg 500w\" sizes=\"(max-width: 600px) 100vw, 600px\" \/><\/p>\n<p>Siendo que ahora trabajo tambi\u00e9n desde ac\u00e1, me he tomado mi tiempo para decidir c\u00f3mo ambientar cada uno de los espacios. Y a\u00fan no termino. Ha sido un proceso de reparaci\u00f3n y restauraci\u00f3n tambi\u00e9n del cuerpo y el esp\u00edritu. Naturalmente lo he ido equipando con muebles, l\u00e1mparas y objetos de dise\u00f1o, de las marcas con las que colaboro o he colaborado. Piezas que me representan y que constituyen mi \u00abpaisaje interior\u00bb, totalmente contempor\u00e1neo pero sin un estilo en particular. Es m\u00e1s l\u00fadico, y me permite ir renov\u00e1ndome, manteniendo mi propio estilo, como la variedad de sillas con las que puedo situarme en el mundo y ante el mundo. Conservo tambi\u00e9n una que otra cosa de mis vidas anteriores, la mayor\u00eda importadas de Italia, incluyendo varios objetos de regalo de personajes maravillosos. La l\u00e1mpara de l\u00e1grimas heredada del primer hogar de mi familia. Muchas piedras de mis viajes, que me mantienen en la tierra y sobretodo muchos libros, cat\u00e1logos y revistas que me inspiran y me hacen volar.<\/p>\n<p><img loading=\"lazy\" class=\"alignnone size-full wp-image-22631\" alt=\"Depto51 Paula-12\" src=\"https:\/\/depto51.cl\/blog\/wp-content\/uploads\/2014\/08\/Depto51-Paula-12.jpg\" width=\"600\" height=\"400\" srcset=\"https:\/\/depto51.cl\/blog\/wp-content\/uploads\/2014\/08\/Depto51-Paula-12.jpg 600w, https:\/\/depto51.cl\/blog\/wp-content\/uploads\/2014\/08\/Depto51-Paula-12-500x333.jpg 500w\" sizes=\"(max-width: 600px) 100vw, 600px\" \/><\/p>\n<p><img loading=\"lazy\" class=\"alignnone size-full wp-image-22632\" alt=\"p2\" src=\"https:\/\/depto51.cl\/blog\/wp-content\/uploads\/2014\/08\/p2.jpg\" width=\"599\" height=\"450\" srcset=\"https:\/\/depto51.cl\/blog\/wp-content\/uploads\/2014\/08\/p2.jpg 599w, https:\/\/depto51.cl\/blog\/wp-content\/uploads\/2014\/08\/p2-500x375.jpg 500w\" sizes=\"(max-width: 599px) 100vw, 599px\" \/><\/p>\n<p><img loading=\"lazy\" class=\"alignnone size-full wp-image-22633\" alt=\"Depto51 Paula-23\" src=\"https:\/\/depto51.cl\/blog\/wp-content\/uploads\/2014\/08\/Depto51-Paula-23.jpg\" width=\"600\" height=\"400\" srcset=\"https:\/\/depto51.cl\/blog\/wp-content\/uploads\/2014\/08\/Depto51-Paula-23.jpg 600w, https:\/\/depto51.cl\/blog\/wp-content\/uploads\/2014\/08\/Depto51-Paula-23-500x333.jpg 500w\" sizes=\"(max-width: 600px) 100vw, 600px\" \/><\/p>\n<p><img loading=\"lazy\" class=\"alignnone size-full wp-image-22646\" alt=\"Depto51 Paula-17\" src=\"https:\/\/depto51.cl\/blog\/wp-content\/uploads\/2014\/08\/Depto51-Paula-17.jpg\" width=\"600\" height=\"400\" srcset=\"https:\/\/depto51.cl\/blog\/wp-content\/uploads\/2014\/08\/Depto51-Paula-17.jpg 600w, https:\/\/depto51.cl\/blog\/wp-content\/uploads\/2014\/08\/Depto51-Paula-17-500x333.jpg 500w\" sizes=\"(max-width: 600px) 100vw, 600px\" \/><\/p>\n<p>Mi hogar es un lugar de juegos y magia para mis sobrinos, que son cinco. Es tambi\u00e9n un lugar de juegos para m\u00ed y mis amigos cercanos, donde disfruto de buen cine, m\u00fasica, poes\u00eda y hasta gimnasia. Es un punto de acogida para todas mis visitas del extranjero y desde hace muy poco, se ha convertido adem\u00e1s en un punto de encuentro para la fotograf\u00eda, con mis amigos de Cuerpo y Lente con quienes hemos comenzado una estimulante asociaci\u00f3n estrat\u00e9gica para desarrollar nuevos proyectos en colaboraci\u00f3n con mi empresa: 1\/1 DESIGN.<\/p>\n<p><img loading=\"lazy\" class=\"alignnone size-full wp-image-22634\" alt=\"Depto51 Paula-25\" src=\"https:\/\/depto51.cl\/blog\/wp-content\/uploads\/2014\/08\/Depto51-Paula-25.jpg\" width=\"600\" height=\"450\" srcset=\"https:\/\/depto51.cl\/blog\/wp-content\/uploads\/2014\/08\/Depto51-Paula-25.jpg 600w, https:\/\/depto51.cl\/blog\/wp-content\/uploads\/2014\/08\/Depto51-Paula-25-500x375.jpg 500w\" sizes=\"(max-width: 600px) 100vw, 600px\" \/><\/p>\n<p><img loading=\"lazy\" class=\"alignnone size-full wp-image-22635\" alt=\"p3\" src=\"https:\/\/depto51.cl\/blog\/wp-content\/uploads\/2014\/08\/p3.jpg\" width=\"600\" height=\"450\" srcset=\"https:\/\/depto51.cl\/blog\/wp-content\/uploads\/2014\/08\/p3.jpg 600w, https:\/\/depto51.cl\/blog\/wp-content\/uploads\/2014\/08\/p3-500x375.jpg 500w\" sizes=\"(max-width: 600px) 100vw, 600px\" \/><\/p>\n<p><img loading=\"lazy\" class=\"alignnone size-full wp-image-22636\" alt=\"p4\" src=\"https:\/\/depto51.cl\/blog\/wp-content\/uploads\/2014\/08\/p4.jpg\" width=\"600\" height=\"450\" srcset=\"https:\/\/depto51.cl\/blog\/wp-content\/uploads\/2014\/08\/p4.jpg 600w, https:\/\/depto51.cl\/blog\/wp-content\/uploads\/2014\/08\/p4-500x375.jpg 500w\" sizes=\"(max-width: 600px) 100vw, 600px\" \/><\/p>\n<p><a href=\"http:\/\/www.unoaunodesign.cl\/\" target=\"_blank\">1\/1 DESIGN<\/a> es un puente. Una intermediaria referente en el sector del dise\u00f1o contempor\u00e1neo de alta gama, principalmente entre Italia y Chile. El negocio principal es la importaci\u00f3n de muebles, l\u00e1mparas y objetos, todas piezas aut\u00e9nticas, incluidas ediciones limitadas. Con un enfoque a escala humana y un servicio integral personalizado, pero abierto al mundo, difundiendo la belleza y promoviendo canales de creatividad e innovaci\u00f3n.<\/p>\n<p>La belleza lleva en s\u00ed la esperanza de lo bueno y lo mejor, que es lo que naturalmente nos merecemos. Por eso es importante reconocernos en lo que creamos, en nuestros espacios y en nuestros objetos. Sobre todo en el tiempo de confusi\u00f3n y desconfianza en el que vivimos.<\/p>\n<p>\u00abCuando sentimos la belleza la reconocemos como la verdad\u00bb &#8211; Tagore &#8211;<\/p>\n","protected":false},"excerpt":{"rendered":"<p>La dise\u00f1adora Paola Alarc\u00f3n nos abre las puertas de su precioso departamento, lleno de luz y objetos seleccionados que lo hacen realmente \u00fanico. En este Home Tour nos cuenta en primera persona la experiencia que es vivir en su depto. Pase a mirar. Fotos por: Sebastian Milla Vivo sola desde hace dos a\u00f1os, en el&#8230;<\/p>\n","protected":false},"author":1,"featured_media":22633,"comment_status":"open","ping_status":"open","sticky":false,"template":"","format":"standard","meta":[],"categories":[11],"tags":[521,465,138,522,523],"acf":[],"_links":{"self":[{"href":"https:\/\/depto51.cl\/blog\/wp-json\/wp\/v2\/posts\/22623"}],"collection":[{"href":"https:\/\/depto51.cl\/blog\/wp-json\/wp\/v2\/posts"}],"about":[{"href":"https:\/\/depto51.cl\/blog\/wp-json\/wp\/v2\/types\/post"}],"author":[{"embeddable":true,"href":"https:\/\/depto51.cl\/blog\/wp-json\/wp\/v2\/users\/1"}],"replies":[{"embeddable":true,"href":"https:\/\/depto51.cl\/blog\/wp-json\/wp\/v2\/comments?post=22623"}],"version-history":[{"count":0,"href":"https:\/\/depto51.cl\/blog\/wp-json\/wp\/v2\/posts\/22623\/revisions"}],"wp:featuredmedia":[{"embeddable":true,"href":"https:\/\/depto51.cl\/blog\/wp-json\/wp\/v2\/media\/22633"}],"wp:attachment":[{"href":"https:\/\/depto51.cl\/blog\/wp-json\/wp\/v2\/media?parent=22623"}],"wp:term":[{"taxonomy":"category","embeddable":true,"href":"https:\/\/depto51.cl\/blog\/wp-json\/wp\/v2\/categories?post=22623"},{"taxonomy":"post_tag","embeddable":true,"href":"https:\/\/depto51.cl\/blog\/wp-json\/wp\/v2\/tags?post=22623"}],"curies":[{"name":"wp","href":"https:\/\/api.w.org\/{rel}","templated":true}]}}